{"id":84177,"date":"2026-09-02T02:57:23","date_gmt":"2026-09-02T09:57:23","guid":{"rendered":"https:\/\/www.tabloideinformativo.com\/?p=84177"},"modified":"2026-09-02T05:30:48","modified_gmt":"2026-09-02T12:30:48","slug":"claudia-zulema-bours-es-una-mujer-de-retos","status":"publish","type":"post","link":"https:\/\/www.tabloideinformativo.com\/?p=84177","title":{"rendered":"CLAUDIA ZULEMA BOURS es una mujer de retos."},"content":{"rendered":"\n<figure class=\"wp-block-image alignleft size-large\"><img data-recalc-dims=\"1\" loading=\"lazy\" decoding=\"async\" width=\"640\" height=\"589\" src=\"https:\/\/i0.wp.com\/www.tabloideinformativo.com\/wp-content\/uploads\/2026\/09\/IMG_1189.jpeg?resize=640%2C589&#038;ssl=1\" alt=\"\" class=\"wp-image-84178\" srcset=\"https:\/\/i0.wp.com\/www.tabloideinformativo.com\/wp-content\/uploads\/2026\/09\/IMG_1189.jpeg?resize=1024%2C943&amp;ssl=1 1024w, https:\/\/i0.wp.com\/www.tabloideinformativo.com\/wp-content\/uploads\/2026\/09\/IMG_1189.jpeg?resize=300%2C276&amp;ssl=1 300w, https:\/\/i0.wp.com\/www.tabloideinformativo.com\/wp-content\/uploads\/2026\/09\/IMG_1189.jpeg?resize=768%2C708&amp;ssl=1 768w, https:\/\/i0.wp.com\/www.tabloideinformativo.com\/wp-content\/uploads\/2026\/09\/IMG_1189.jpeg?w=1080&amp;ssl=1 1080w\" sizes=\"auto, (max-width: 640px) 100vw, 640px\" \/><\/figure>\n\n\n\n<p class=\"wp-block-paragraph\">Punto de Vista<br>Por Rafael Z\u00fa\u00f1iga M\u00e1tuz<\/p>\n\n\n\n<p class=\"wp-block-paragraph\">La actual diputada local CLAUDIA BOURS sabe lo que significa estar abajo, caminar con los pobres y convivir con quienes enfrentan diariamente las vicisitudes de la vida.<\/p>\n\n\n\n<p class=\"wp-block-paragraph\">Su origen humilde y su experiencia como agente de la Polic\u00eda en \u00c1lamos le permitieron conocer de manera directa una realidad que muchos pol\u00edticos s\u00f3lo observan durante las campa\u00f1as electorales. Ella no, ella vivi\u00f3.<\/p>\n\n\n\n<p class=\"wp-block-paragraph\">Fue en el 2013 cuando, con el impulso y respaldo de su familia, incursion\u00f3 en la vida partidista, aunque primero abander\u00f3 las causas nobles a trav\u00e9s de su fundaci\u00f3n, quiz\u00e1 sin imaginar que pocos a\u00f1os despu\u00e9s tendr\u00eda la enorme oportunidad de convertirse en diputada por partida doble.<\/p>\n\n\n\n<p class=\"wp-block-paragraph\">Como en las grandes ligas del b\u00e9isbol, primero convenci\u00f3, despu\u00e9s gan\u00f3; y volvi\u00f3 a ganar.<\/p>\n\n\n\n<p class=\"wp-block-paragraph\">Del 2021 al 2024 fue diputada por su distrito. Hizo la chamba, camin\u00f3 el territorio, regres\u00f3 a las comunidades y construy\u00f3 una presencia pol\u00edtica que le permiti\u00f3 repetir la dosis en 2024, ahora arropada por el proyecto de la Cuarta Transformaci\u00f3n e integrada a la LXIV Legislatura del H. Congreso del Estado de Sonora.<\/p>\n\n\n\n<p class=\"wp-block-paragraph\">En el camino se gan\u00f3 la confianza del Gobernador Alfonso Durazo y el reconocimiento de importantes actores pol\u00edticos; su trabajo a ras de suelo le ha dado resultados.<\/p>\n\n\n\n<p class=\"wp-block-paragraph\">Ya fue presidenta de la Mesa Directiva del Congreso y ha participado en diversas comisiones legislativas, responsabilidades que fortalecen su curr\u00edculum pol\u00edtico, pero que, hasta ahora, no parecen haberla alejado de las colonias, los barrios y las comunidades rurales.<\/p>\n\n\n\n<p class=\"wp-block-paragraph\">Este domingo 30 de agosto, Tabloide informativo tuvo la oportunidad de charlar con ella.<\/p>\n\n\n\n<p class=\"wp-block-paragraph\">Hablamos de sus actividades en las escuelas, de las gestiones para atender necesidades como las fumigaciones y, por supuesto, de su relaci\u00f3n con los alcaldes Alberto \u201cBeto\u201d V\u00e1zquez, Arturo Robles y Jorge Alberto Elias Retes.<\/p>\n\n\n\n<p class=\"wp-block-paragraph\">Con ellos comparte algo m\u00e1s que una relaci\u00f3n institucional. A lo que alcanc\u00e9 a percibir, hay un proyecto pol\u00edtico de largo alcance.<\/p>\n\n\n\n<p class=\"wp-block-paragraph\">Y aunque todav\u00eda falta camino por recorrer, es inevitable que los reflectores comiencen a apuntar hacia las elecciones constitucionales del 2027.<\/p>\n\n\n\n<p class=\"wp-block-paragraph\">Yo me quedo con la visi\u00f3n de que tiene todo CLAUDIA ZULEMA BOURS para buscar la alcald\u00eda de \u00c1lamos, apenas ella sabe sus planes; tiene experiencia legislativa, y lo que es oro molido, tiene presencia territorial. Conoce su municipio y sus recobecos rurales.<\/p>\n\n\n\n<p class=\"wp-block-paragraph\">En pocas palabras, ZULEMA BOURS tiene algo que en pol\u00edtica puede marcar diferencia y que lo dije renglones arriba, su historia personal y cercan\u00eda con la gente.<\/p>\n\n\n\n<p class=\"wp-block-paragraph\">Despu\u00e9s vendr\u00e1 la prueba mayor que es convencer nuevamente a los ciudadanos en las urnas, por lo pronto, ZULEMA BOURS aparece como una mujer pol\u00edtica que ha sabido crecer paso a paso, sin brincarse escalones.<\/p>\n\n\n\n<p class=\"wp-block-paragraph\">Desde abajo, con la mira puesta, seguramente, en nuevos retos.<\/p>\n\n\n\n<p class=\"wp-block-paragraph\">\u00c1lamos y el 2027 comienzan a aparecer en el horizonte.<\/p>\n\n\n\n<p class=\"wp-block-paragraph\">\u00bfSer\u00e1 Claudia Zulema Bours una de las cartas fuertes?<\/p>\n\n\n\n<p class=\"wp-block-paragraph\">Veremos qu\u00e9 pasa.<\/p>\n\n\n\n<p class=\"wp-block-paragraph\">Rafael Z\u00fa\u00f1iga M\u00e1tuz es columnista desde 1999 y miembro del Sindicato Nacional de Redactores de la Prensa.<br>Tabloide Informativo<\/p>\n\n\n\n<p class=\"wp-block-paragraph\">Etchojoa Sonora; M\u00e9xico.<\/p>\n\n\n\n<p class=\"wp-block-paragraph\">@fansdestacados<br>Gobierno de \u00c1lamos \u00c1lamos a trav\u00e9s de los siglos Comite \u00c1lamos Pueblo Magico La Aduana \u00c1lamos Son Informando Sonora Diana Cecilia Zazueta Almada Bacabachi, Sinahuiza, Buayums, Saneal, Chiras.<\/p>\n","protected":false},"excerpt":{"rendered":"<p>Punto de VistaPor Rafael Z\u00fa\u00f1iga M\u00e1tuz La actual diputada local CLAUDIA BOURS sabe lo que&#8230;<\/p>\n","protected":false},"author":2,"featured_media":84178,"comment_status":"open","ping_status":"open","sticky":false,"template":"","format":"standard","meta":{"_jetpack_newsletter_access":"","_jetpack_dont_email_post_to_subs":false,"_jetpack_newsletter_tier_id":0,"_jetpack_memberships_contains_paywalled_content":false,"_jetpack_feature_clip_id":0,"_jetpack_memberships_contains_paid_content":false,"footnotes":"","jetpack_post_was_ever_published":false},"categories":[22,25,26],"tags":[],"class_list":["post-84177","post","type-post","status-publish","format-standard","has-post-thumbnail","hentry","category-navojoa","category-politica","category-principal"],"featured_image_urls":{"full":["https:\/\/i0.wp.com\/www.tabloideinformativo.com\/wp-content\/uploads\/2026\/09\/IMG_1189.jpeg?fit=1080%2C995&ssl=1",1080,995,false],"thumbnail":["https:\/\/i0.wp.com\/www.tabloideinformativo.com\/wp-content\/uploads\/2026\/09\/IMG_1189.jpeg?resize=150%2C150&ssl=1",150,150,true],"medium":["https:\/\/i0.wp.com\/www.tabloideinformativo.com\/wp-content\/uploads\/2026\/09\/IMG_1189.jpeg?fit=300%2C276&ssl=1",300,276,true],"medium_large":["https:\/\/i0.wp.com\/www.tabloideinformativo.com\/wp-content\/uploads\/2026\/09\/IMG_1189.jpeg?fit=640%2C590&ssl=1",640,590,true],"large":["https:\/\/i0.wp.com\/www.tabloideinformativo.com\/wp-content\/uploads\/2026\/09\/IMG_1189.jpeg?fit=640%2C589&ssl=1",640,589,true],"1536x1536":["https:\/\/i0.wp.com\/www.tabloideinformativo.com\/wp-content\/uploads\/2026\/09\/IMG_1189.jpeg?fit=1080%2C995&ssl=1",1080,995,true],"2048x2048":["https:\/\/i0.wp.com\/www.tabloideinformativo.com\/wp-content\/uploads\/2026\/09\/IMG_1189.jpeg?fit=1080%2C995&ssl=1",1080,995,true],"covernews-featured":["https:\/\/i0.wp.com\/www.tabloideinformativo.com\/wp-content\/uploads\/2026\/09\/IMG_1189.jpeg?fit=1024%2C943&ssl=1",1024,943,true],"covernews-medium":["https:\/\/i0.wp.com\/www.tabloideinformativo.com\/wp-content\/uploads\/2026\/09\/IMG_1189.jpeg?resize=540%2C340&ssl=1",540,340,true]},"author_info":{"display_name":"Administrador","author_link":"https:\/\/www.tabloideinformativo.com\/?author=2"},"category_info":"<a href=\"https:\/\/www.tabloideinformativo.com\/?cat=22\" rel=\"category\">NAVOJOA<\/a> <a href=\"https:\/\/www.tabloideinformativo.com\/?cat=25\" rel=\"category\">POLITICA<\/a> <a href=\"https:\/\/www.tabloideinformativo.com\/?cat=26\" rel=\"category\">PRINCIPAL<\/a>","tag_info":"PRINCIPAL","comment_count":"0","jetpack_sharing_enabled":true,"jetpack_likes_enabled":true,"jetpack_featured_media_url":"https:\/\/i0.wp.com\/www.tabloideinformativo.com\/wp-content\/uploads\/2026\/09\/IMG_1189.jpeg?fit=1080%2C995&ssl=1","_links":{"self":[{"href":"https:\/\/www.tabloideinformativo.com\/index.php?rest_route=\/wp\/v2\/posts\/84177","targetHints":{"allow":["GET"]}}],"collection":[{"href":"https:\/\/www.tabloideinformativo.com\/index.php?rest_route=\/wp\/v2\/posts"}],"about":[{"href":"https:\/\/www.tabloideinformativo.com\/index.php?rest_route=\/wp\/v2\/types\/post"}],"author":[{"embeddable":true,"href":"https:\/\/www.tabloideinformativo.com\/index.php?rest_route=\/wp\/v2\/users\/2"}],"replies":[{"embeddable":true,"href":"https:\/\/www.tabloideinformativo.com\/index.php?rest_route=%2Fwp%2Fv2%2Fcomments&post=84177"}],"version-history":[{"count":1,"href":"https:\/\/www.tabloideinformativo.com\/index.php?rest_route=\/wp\/v2\/posts\/84177\/revisions"}],"predecessor-version":[{"id":84179,"href":"https:\/\/www.tabloideinformativo.com\/index.php?rest_route=\/wp\/v2\/posts\/84177\/revisions\/84179"}],"wp:featuredmedia":[{"embeddable":true,"href":"https:\/\/www.tabloideinformativo.com\/index.php?rest_route=\/wp\/v2\/media\/84178"}],"wp:attachment":[{"href":"https:\/\/www.tabloideinformativo.com\/index.php?rest_route=%2Fwp%2Fv2%2Fmedia&parent=84177"}],"wp:term":[{"taxonomy":"category","embeddable":true,"href":"https:\/\/www.tabloideinformativo.com\/index.php?rest_route=%2Fwp%2Fv2%2Fcategories&post=84177"},{"taxonomy":"post_tag","embeddable":true,"href":"https:\/\/www.tabloideinformativo.com\/index.php?rest_route=%2Fwp%2Fv2%2Ftags&post=84177"}],"curies":[{"name":"wp","href":"https:\/\/api.w.org\/{rel}","templated":true}]}}