{"id":83887,"date":"2026-08-13T22:15:14","date_gmt":"2026-08-14T05:15:14","guid":{"rendered":"https:\/\/www.agenciaice.mx\/?p=69992"},"modified":"2026-08-13T22:15:14","modified_gmt":"2026-08-14T05:15:14","slug":"claudia-santacruz-respalda-labor-empresarial-de-mujeres-en-ammje","status":"publish","type":"post","link":"https:\/\/www.tabloideinformativo.com\/?p=83887","title":{"rendered":"CLAUDIA SANTACRUZ RESPALDA LABOR EMPRESARIAL DE MUJERES EN AMMJE"},"content":{"rendered":"\n<figure class=\"wp-block-image size-large\"><img data-recalc-dims=\"1\" height=\"426\" width=\"640\" decoding=\"async\" src=\"https:\/\/i0.wp.com\/www.tabloideinformativo.com\/wp-content\/uploads\/2026\/08\/ammje-3.jpeg?resize=640%2C426&#038;ssl=1\" alt=\"\" class=\"wp-image-69993\"\/><\/figure>\n\n\n\n<p class=\"wp-block-paragraph\"><\/p>\n\n\n\n<ul class=\"wp-block-list\">\n<li><strong><em>Refrenda su compromiso con la inclusi\u00f3n, la reducci\u00f3n de la brecha de g\u00e9nero en el sector privado y mayores oportunidades de desarrollo a las emprendedoras locales<\/em><\/strong><\/li>\n<\/ul>\n\n\n\n<p class=\"wp-block-paragraph\"><strong><em>Cd. Obreg\u00f3n, Sonora.-<\/em><\/strong> Al participar como invitada especial y testigo de honor en la Ceremonia Protocolaria de Toma de Protesta de Erika Medell\u00edn Acu\u00f1a como Presidenta entrante de la Asociaci\u00f3n Mexicana de Mujeres Jefas de Empresa (AMMJE) Ciudad Obreg\u00f3n y del Consejo Directivo para el periodo 2026-2028, la Presidenta Municipal, Claudia Fabiola Santacruz Avil\u00e9s reconoci\u00f3 la labor empresarial que las mujeres organizadas han realizado a lo largo de seis d\u00e9cadas para generar condiciones de bienestar social en el Pa\u00eds, en Sonora y en el Municipio de Cajeme.<\/p>\n\n\n\n<p class=\"wp-block-paragraph\">Al dar la bienvenida a las decenas de empresarias participantes, ante la presidenta nacional de AMMJE, Sonia Garza Gonz\u00e1lez, la alcaldesa destac\u00f3 la importancia de trabajar en unidad para seguir impulsando diversas pol\u00edticas de apoyo a las mujeres como jefas de empresa, muestra de ello, dijo, son las m\u00faltiples representaciones con las que cuenta AMMJE en la Rep\u00fablica, en las que agremian a cerca de 5 mil asociadas que generan poco m\u00e1s de 250 mil empleos directos e indirectos en el Pa\u00eds.<\/p>\n\n\n\n<p class=\"wp-block-paragraph\">\u201cQuiero agradecer de manera muy especial a la maestra Clarissa Flores Chong por el trabajo realizado frente a Ammje Cajeme y, al mismo tiempo felicitar a la maestra Erika Medell\u00edn Acu\u00f1a por asumir este gran compromiso en el periodo que est\u00e1 a punto de presidir; Erika, estoy segura que esta nueva etapa estar\u00e1 llena de retos, pero tambi\u00e9n de grandes oportunidades para seguir fortaleciendo a las mujeres empresarias de Cajeme\u201d, manifest\u00f3 la presidenta municipal.<\/p>\n\n\n\n<p class=\"wp-block-paragraph\">Es importante recordar que AMMJE fue fundada en 1965 por la empresaria Blanca Rosa \u00c1lvarez Rodr\u00edguez, con el objetivo de impulsar y abrir el camino para las mujeres mexicanas en el mundo de los negocios.<\/p>\n\n\n\n<p class=\"wp-block-paragraph\">Actualmente, la Asociaci\u00f3n representa a la comunidad de empresarias de M\u00e9xico para que cuenten con un organismo que fortalezca su crecimiento personal, profesional y organizacional, mediante estrategias integrales de capacitaci\u00f3n, vinculaci\u00f3n, innovaci\u00f3n y desarrollo productivo.<\/p>\n\n\n\n<p class=\"wp-block-paragraph\">En la ceremonia tambi\u00e9n participaron, la subsecretaria de Inversi\u00f3n y Desarrollo Econ\u00f3mico, Cynthia L\u00f3pez Ru\u00edz, en representaci\u00f3n del gobernador Alfonso Durazo Monta\u00f1o; la diputada federal Anabel Acosta Islas; el diputado local Ra\u00fal Castelo; la vicepresidenta Nacional de AMMJE, Elisa Iveth Morales Rodr\u00edguez y la presidenta fundadora de AMMJE Ciudad Obreg\u00f3n, Lupita Garc\u00eda de Le\u00f3n, entre otros.<\/p>\n","protected":false},"excerpt":{"rendered":"<p>Cd. Obreg\u00f3n, Sonora.- Al participar como invitada especial y testigo de honor en la Ceremonia&#8230;<\/p>\n","protected":false},"author":2,"featured_media":83927,"comment_status":"closed","ping_status":"closed","sticky":false,"template":"","format":"standard","meta":{"_jetpack_newsletter_access":"","_jetpack_dont_email_post_to_subs":false,"_jetpack_newsletter_tier_id":0,"_jetpack_memberships_contains_paywalled_content":false,"_jetpack_feature_clip_id":0,"_jetpack_memberships_contains_paid_content":false,"footnotes":"","jetpack_post_was_ever_published":false},"categories":[11725],"tags":[],"class_list":["post-83887","post","type-post","status-publish","format-standard","has-post-thumbnail","hentry","category-cajeme"],"featured_image_urls":{"full":["https:\/\/i0.wp.com\/www.tabloideinformativo.com\/wp-content\/uploads\/2026\/08\/ammje-5.jpeg?fit=2560%2C1706&ssl=1",2560,1706,false],"thumbnail":["https:\/\/i0.wp.com\/www.tabloideinformativo.com\/wp-content\/uploads\/2026\/08\/ammje-5.jpeg?resize=150%2C150&ssl=1",150,150,true],"medium":["https:\/\/i0.wp.com\/www.tabloideinformativo.com\/wp-content\/uploads\/2026\/08\/ammje-5.jpeg?fit=300%2C200&ssl=1",300,200,true],"medium_large":["https:\/\/i0.wp.com\/www.tabloideinformativo.com\/wp-content\/uploads\/2026\/08\/ammje-5.jpeg?fit=640%2C427&ssl=1",640,427,true],"large":["https:\/\/i0.wp.com\/www.tabloideinformativo.com\/wp-content\/uploads\/2026\/08\/ammje-5.jpeg?fit=640%2C426&ssl=1",640,426,true],"1536x1536":["https:\/\/i0.wp.com\/www.tabloideinformativo.com\/wp-content\/uploads\/2026\/08\/ammje-5.jpeg?fit=1536%2C1024&ssl=1",1536,1024,true],"2048x2048":["https:\/\/i0.wp.com\/www.tabloideinformativo.com\/wp-content\/uploads\/2026\/08\/ammje-5.jpeg?fit=2048%2C1365&ssl=1",2048,1365,true],"covernews-featured":["https:\/\/i0.wp.com\/www.tabloideinformativo.com\/wp-content\/uploads\/2026\/08\/ammje-5.jpeg?fit=1024%2C682&ssl=1",1024,682,true],"covernews-medium":["https:\/\/i0.wp.com\/www.tabloideinformativo.com\/wp-content\/uploads\/2026\/08\/ammje-5.jpeg?resize=540%2C340&ssl=1",540,340,true]},"author_info":{"display_name":"Administrador","author_link":"https:\/\/www.tabloideinformativo.com\/?author=2"},"category_info":"<a href=\"https:\/\/www.tabloideinformativo.com\/?cat=11725\" rel=\"category\">CAJEME<\/a>","tag_info":"CAJEME","comment_count":"0","jetpack_sharing_enabled":true,"jetpack_likes_enabled":true,"jetpack_featured_media_url":"https:\/\/i0.wp.com\/www.tabloideinformativo.com\/wp-content\/uploads\/2026\/08\/ammje-5.jpeg?fit=2560%2C1706&ssl=1","_links":{"self":[{"href":"https:\/\/www.tabloideinformativo.com\/index.php?rest_route=\/wp\/v2\/posts\/83887","targetHints":{"allow":["GET"]}}],"collection":[{"href":"https:\/\/www.tabloideinformativo.com\/index.php?rest_route=\/wp\/v2\/posts"}],"about":[{"href":"https:\/\/www.tabloideinformativo.com\/index.php?rest_route=\/wp\/v2\/types\/post"}],"author":[{"embeddable":true,"href":"https:\/\/www.tabloideinformativo.com\/index.php?rest_route=\/wp\/v2\/users\/2"}],"replies":[{"embeddable":true,"href":"https:\/\/www.tabloideinformativo.com\/index.php?rest_route=%2Fwp%2Fv2%2Fcomments&post=83887"}],"version-history":[{"count":0,"href":"https:\/\/www.tabloideinformativo.com\/index.php?rest_route=\/wp\/v2\/posts\/83887\/revisions"}],"wp:featuredmedia":[{"embeddable":true,"href":"https:\/\/www.tabloideinformativo.com\/index.php?rest_route=\/wp\/v2\/media\/83927"}],"wp:attachment":[{"href":"https:\/\/www.tabloideinformativo.com\/index.php?rest_route=%2Fwp%2Fv2%2Fmedia&parent=83887"}],"wp:term":[{"taxonomy":"category","embeddable":true,"href":"https:\/\/www.tabloideinformativo.com\/index.php?rest_route=%2Fwp%2Fv2%2Fcategories&post=83887"},{"taxonomy":"post_tag","embeddable":true,"href":"https:\/\/www.tabloideinformativo.com\/index.php?rest_route=%2Fwp%2Fv2%2Ftags&post=83887"}],"curies":[{"name":"wp","href":"https:\/\/api.w.org\/{rel}","templated":true}]}}