{"id":83885,"date":"2026-08-13T19:19:40","date_gmt":"2026-08-14T02:19:40","guid":{"rendered":"https:\/\/www.agenciaice.mx\/?p=69973"},"modified":"2026-08-13T19:19:40","modified_gmt":"2026-08-14T02:19:40","slug":"aprueba-cabildo-integracion-y-envio-de-estados-financieros-del-segundo-trimestre-2026","status":"publish","type":"post","link":"https:\/\/www.tabloideinformativo.com\/?p=83885","title":{"rendered":"APRUEBA CABILDO INTEGRACI\u00d3N Y ENV\u00cdO DE ESTADOS FINANCIEROS DEL SEGUNDO TRIMESTRE 2026"},"content":{"rendered":"\n<figure class=\"wp-block-image size-large\"><img data-recalc-dims=\"1\" height=\"426\" width=\"640\" decoding=\"async\" src=\"https:\/\/i0.wp.com\/www.tabloideinformativo.com\/wp-content\/uploads\/2026\/08\/CABILDO-APRUEBA-3.jpeg?resize=640%2C426&#038;ssl=1\" alt=\"\" class=\"wp-image-69975\"\/><\/figure>\n\n\n\n<p class=\"wp-block-paragraph\"><\/p>\n\n\n\n<p class=\"wp-block-paragraph\"><strong><em>Cd. Obreg\u00f3n, Sonora.-<\/em><\/strong> En Sesi\u00f3n Extraordinaria y P\u00fablica de Cabildo fueron aprobados los estados financieros del segundo trimestre del a\u00f1o 2026, correspondientes al Ayuntamiento de Cajeme y organismos p\u00fablicos descentralizados, como la Central de Autobuses y Transporte P\u00fablico de Cajeme &#8220;Don Faustino F\u00e9lix Serna&#8221;, OOMAPAS de Cajeme, Rastro Municipal de Cajeme, Instituto Municipal de Investigaci\u00f3n y Planeaci\u00f3n Urbana (IMIP) de Cajeme, Promotora Inmobiliaria de Cajeme y Consejo de Promoci\u00f3n Econ\u00f3mica de Ciudad Obreg\u00f3n (COPRECO), mismos que ser\u00e1n enviados para su posterior auditor\u00eda al Congreso del Estado.<\/p>\n\n\n\n<p class=\"wp-block-paragraph\">Conforme a los art\u00edculos 136, fracci\u00f3n 23 de la Constituci\u00f3n Pol\u00edtica del Estado de Sonora; 61, fracci\u00f3n 4, inciso D y 91, fracci\u00f3n 10, inciso D de la Ley de Gobierno y Administraci\u00f3n Municipal, los regidores aprobaron la cuenta p\u00fablica de los meses de abril, mayo y junio de 2026, que comprenden la balanza de comprobaci\u00f3n, el balance general y el estado de resultados del ejercicio presupuestario de ingresos y egresos del Ayuntamiento y las citadas dependencias paramunicipales.<\/p>\n\n\n\n<p class=\"wp-block-paragraph\">En puntos subsiguientes de la sesi\u00f3n, las y los regidores aprobaron la ampliaci\u00f3n al presupuesto de Ingresos y Egresos del Municipio de Cajeme, por remanentes del ejercicio 2025; ampliaci\u00f3n al Presupuesto de Ingresos y Egresos Municipales de 2026, derivados de convenios; modificaci\u00f3n al Presupuesto de Egresos del ejercicio fiscal 2026, para llevar a cabo diversas transferencias compensadas.<\/p>\n\n\n\n<p class=\"wp-block-paragraph\">Adem\u00e1s, con el fin de reconocer que el ingreso y el gasto est\u00e9n efectivamente aplicados y equilibrados, se aprob\u00f3 la modificaci\u00f3n al Programa Financiero Municipal de 2026.<\/p>\n\n\n\n<p class=\"wp-block-paragraph\">De igual manera, emitieron su aprobaci\u00f3n al dictamen de las modificaciones compensadas al Presupuesto de Egresos del Oomapasc del 1 enero al 30 de junio del ejercicio fiscal 2026, con las cuales el Organismo podr\u00e1 seguir realizando su operaci\u00f3n diaria de transferencias sin afectar su presupuesto original y logrando con ello el cumplimiento de los programas establecidos durante el presente periodo.<\/p>\n\n\n\n<p class=\"wp-block-paragraph\">Durante la sesi\u00f3n, tambi\u00e9n acordaron que se lleven a cabo las modificaciones al Presupuesto de Egresos del Organismo P\u00fablico Descentralizado denominado Promotora Inmobiliaria del Municipio de Cajeme para el presente a\u00f1o; ampliaci\u00f3n al Presupuesto de Ingresos y de Egresos de la Paramunicipal denominada Rastro Municipal de Cajeme, al 30 de junio del 2026.<\/p>\n\n\n\n<p class=\"wp-block-paragraph\">En otro punto, las y los integrantes del cuerpo edilicio aprobaron la ampliaci\u00f3n al Presupuesto de Ingresos y de Egresos del Organismo P\u00fablico Descentralizado denominado Central de Autobuses y Transporte P\u00fablico de Cajeme del ejercicio 2026.<\/p>\n","protected":false},"excerpt":{"rendered":"<p>Cd. Obreg\u00f3n, Sonora.- En Sesi\u00f3n Extraordinaria y P\u00fablica de Cabildo fueron aprobados los estados financieros&#8230;<\/p>\n","protected":false},"author":2,"featured_media":83922,"comment_status":"closed","ping_status":"closed","sticky":false,"template":"","format":"standard","meta":{"_jetpack_newsletter_access":"","_jetpack_dont_email_post_to_subs":false,"_jetpack_newsletter_tier_id":0,"_jetpack_memberships_contains_paywalled_content":false,"_jetpack_feature_clip_id":0,"_jetpack_memberships_contains_paid_content":false,"footnotes":"","jetpack_post_was_ever_published":false},"categories":[11725],"tags":[],"class_list":["post-83885","post","type-post","status-publish","format-standard","has-post-thumbnail","hentry","category-cajeme"],"featured_image_urls":{"full":["https:\/\/i0.wp.com\/www.tabloideinformativo.com\/wp-content\/uploads\/2026\/08\/CABILDO-APRUEBA-2.jpeg?fit=2560%2C1706&ssl=1",2560,1706,false],"thumbnail":["https:\/\/i0.wp.com\/www.tabloideinformativo.com\/wp-content\/uploads\/2026\/08\/CABILDO-APRUEBA-2.jpeg?resize=150%2C150&ssl=1",150,150,true],"medium":["https:\/\/i0.wp.com\/www.tabloideinformativo.com\/wp-content\/uploads\/2026\/08\/CABILDO-APRUEBA-2.jpeg?fit=300%2C200&ssl=1",300,200,true],"medium_large":["https:\/\/i0.wp.com\/www.tabloideinformativo.com\/wp-content\/uploads\/2026\/08\/CABILDO-APRUEBA-2.jpeg?fit=640%2C427&ssl=1",640,427,true],"large":["https:\/\/i0.wp.com\/www.tabloideinformativo.com\/wp-content\/uploads\/2026\/08\/CABILDO-APRUEBA-2.jpeg?fit=640%2C426&ssl=1",640,426,true],"1536x1536":["https:\/\/i0.wp.com\/www.tabloideinformativo.com\/wp-content\/uploads\/2026\/08\/CABILDO-APRUEBA-2.jpeg?fit=1536%2C1024&ssl=1",1536,1024,true],"2048x2048":["https:\/\/i0.wp.com\/www.tabloideinformativo.com\/wp-content\/uploads\/2026\/08\/CABILDO-APRUEBA-2.jpeg?fit=2048%2C1365&ssl=1",2048,1365,true],"covernews-featured":["https:\/\/i0.wp.com\/www.tabloideinformativo.com\/wp-content\/uploads\/2026\/08\/CABILDO-APRUEBA-2.jpeg?fit=1024%2C682&ssl=1",1024,682,true],"covernews-medium":["https:\/\/i0.wp.com\/www.tabloideinformativo.com\/wp-content\/uploads\/2026\/08\/CABILDO-APRUEBA-2.jpeg?resize=540%2C340&ssl=1",540,340,true]},"author_info":{"display_name":"Administrador","author_link":"https:\/\/www.tabloideinformativo.com\/?author=2"},"category_info":"<a href=\"https:\/\/www.tabloideinformativo.com\/?cat=11725\" rel=\"category\">CAJEME<\/a>","tag_info":"CAJEME","comment_count":"0","jetpack_sharing_enabled":true,"jetpack_likes_enabled":true,"jetpack_featured_media_url":"https:\/\/i0.wp.com\/www.tabloideinformativo.com\/wp-content\/uploads\/2026\/08\/CABILDO-APRUEBA-2.jpeg?fit=2560%2C1706&ssl=1","_links":{"self":[{"href":"https:\/\/www.tabloideinformativo.com\/index.php?rest_route=\/wp\/v2\/posts\/83885","targetHints":{"allow":["GET"]}}],"collection":[{"href":"https:\/\/www.tabloideinformativo.com\/index.php?rest_route=\/wp\/v2\/posts"}],"about":[{"href":"https:\/\/www.tabloideinformativo.com\/index.php?rest_route=\/wp\/v2\/types\/post"}],"author":[{"embeddable":true,"href":"https:\/\/www.tabloideinformativo.com\/index.php?rest_route=\/wp\/v2\/users\/2"}],"replies":[{"embeddable":true,"href":"https:\/\/www.tabloideinformativo.com\/index.php?rest_route=%2Fwp%2Fv2%2Fcomments&post=83885"}],"version-history":[{"count":0,"href":"https:\/\/www.tabloideinformativo.com\/index.php?rest_route=\/wp\/v2\/posts\/83885\/revisions"}],"wp:featuredmedia":[{"embeddable":true,"href":"https:\/\/www.tabloideinformativo.com\/index.php?rest_route=\/wp\/v2\/media\/83922"}],"wp:attachment":[{"href":"https:\/\/www.tabloideinformativo.com\/index.php?rest_route=%2Fwp%2Fv2%2Fmedia&parent=83885"}],"wp:term":[{"taxonomy":"category","embeddable":true,"href":"https:\/\/www.tabloideinformativo.com\/index.php?rest_route=%2Fwp%2Fv2%2Fcategories&post=83885"},{"taxonomy":"post_tag","embeddable":true,"href":"https:\/\/www.tabloideinformativo.com\/index.php?rest_route=%2Fwp%2Fv2%2Ftags&post=83885"}],"curies":[{"name":"wp","href":"https:\/\/api.w.org\/{rel}","templated":true}]}}