{"id":83881,"date":"2026-08-11T23:13:55","date_gmt":"2026-08-12T06:13:55","guid":{"rendered":"https:\/\/www.agenciaice.mx\/?p=69928"},"modified":"2026-08-11T23:13:55","modified_gmt":"2026-08-12T06:13:55","slug":"entrega-dif-cajeme-padron-de-apoyos-alimenticios-a-familias-vulnerables","status":"publish","type":"post","link":"https:\/\/www.tabloideinformativo.com\/?p=83881","title":{"rendered":"ENTREGA DIF CAJEME PADR\u00d3N DE APOYOS ALIMENTICIOS A FAMILIAS VULNERABLES"},"content":{"rendered":"\n<figure class=\"wp-block-image size-large\"><img data-recalc-dims=\"1\" height=\"480\" width=\"640\" decoding=\"async\" src=\"https:\/\/i0.wp.com\/www.tabloideinformativo.com\/wp-content\/uploads\/2026\/08\/ENTREGA-DIF-CAJEME-2.jpeg?resize=640%2C480&#038;ssl=1\" alt=\"\" class=\"wp-image-69929\"\/><\/figure>\n\n\n\n<p class=\"wp-block-paragraph\"><\/p>\n\n\n\n<ul class=\"wp-block-list\">\n<li><strong><em>Porque as\u00ed se hace con Bienestar cientos de familias reciben alimentos de primera necesidad<\/em><\/strong><\/li>\n<\/ul>\n\n\n\n<p class=\"wp-block-paragraph\"><strong><em>Cd. Obreg\u00f3n, Sonora.- <\/em><\/strong>Porque la atenci\u00f3n alimentaria a las familias que viven en condici\u00f3n vulnerable es una prioridad para la presente administraci\u00f3n municipal, la directora general del Sistema DIF Cajeme, Cuqui Montelongo entreg\u00f3 apoyos alimenticios de la canasta b\u00e1sica a 347 familias inscritas en el padr\u00f3n de despenas.<\/p>\n\n\n\n<p class=\"wp-block-paragraph\">Previo a la entrega de v\u00edveres a las personas que se dieron cita al estacionamiento interior de palacio municipal, la directora de DIF se\u00f1al\u00f3 que, por instrucciones de la alcaldesa Claudia Santacruz Avil\u00e9s, estos apoyos alimenticios se entregan cada mes, a fin de coadyuvar en la econom\u00eda de quienes m\u00e1s lo necesitan.<\/p>\n\n\n\n<p class=\"wp-block-paragraph\">\u201cEstas despensas las reciben las familias que habitan en la zona urbana del Municipio y que, previo a un estudio socioecon\u00f3mico, han sido registradas en el padr\u00f3n que elaboran las trabajadoras sociales de Servicios Asistencias de DIF Cajeme, pues las familias del \u00e1rea rural son beneficiadas con despensas a trav\u00e9s de las Ferias de Paz y Jornadas de Servicios que cada semana se llevan a las comisar\u00edas y delegaciones\u201d, manifest\u00f3 Cuqui Montelongo.<\/p>\n\n\n\n<p class=\"wp-block-paragraph\">Luego de recibir sus apoyos alimenticios, las madres y padres de familia manifestaron su agradecimiento a la directora de DIF, por ayudarles con estos beneficios que tanta falta les hacen en sus hogares.<\/p>\n","protected":false},"excerpt":{"rendered":"<p>Cd. Obreg\u00f3n, Sonora.- Porque la atenci\u00f3n alimentaria a las familias que viven en condici\u00f3n vulnerable&#8230;<\/p>\n","protected":false},"author":2,"featured_media":83912,"comment_status":"closed","ping_status":"closed","sticky":false,"template":"","format":"standard","meta":{"_jetpack_newsletter_access":"","_jetpack_dont_email_post_to_subs":false,"_jetpack_newsletter_tier_id":0,"_jetpack_memberships_contains_paywalled_content":false,"_jetpack_feature_clip_id":0,"_jetpack_memberships_contains_paid_content":false,"footnotes":"","jetpack_post_was_ever_published":false},"categories":[11725],"tags":[],"class_list":["post-83881","post","type-post","status-publish","format-standard","has-post-thumbnail","hentry","category-cajeme"],"featured_image_urls":{"full":["https:\/\/i0.wp.com\/www.tabloideinformativo.com\/wp-content\/uploads\/2026\/08\/ENTREGA-DIF-CAJEME-3.jpeg?fit=1280%2C960&ssl=1",1280,960,false],"thumbnail":["https:\/\/i0.wp.com\/www.tabloideinformativo.com\/wp-content\/uploads\/2026\/08\/ENTREGA-DIF-CAJEME-3.jpeg?resize=150%2C150&ssl=1",150,150,true],"medium":["https:\/\/i0.wp.com\/www.tabloideinformativo.com\/wp-content\/uploads\/2026\/08\/ENTREGA-DIF-CAJEME-3.jpeg?fit=300%2C225&ssl=1",300,225,true],"medium_large":["https:\/\/i0.wp.com\/www.tabloideinformativo.com\/wp-content\/uploads\/2026\/08\/ENTREGA-DIF-CAJEME-3.jpeg?fit=640%2C480&ssl=1",640,480,true],"large":["https:\/\/i0.wp.com\/www.tabloideinformativo.com\/wp-content\/uploads\/2026\/08\/ENTREGA-DIF-CAJEME-3.jpeg?fit=640%2C480&ssl=1",640,480,true],"1536x1536":["https:\/\/i0.wp.com\/www.tabloideinformativo.com\/wp-content\/uploads\/2026\/08\/ENTREGA-DIF-CAJEME-3.jpeg?fit=1280%2C960&ssl=1",1280,960,true],"2048x2048":["https:\/\/i0.wp.com\/www.tabloideinformativo.com\/wp-content\/uploads\/2026\/08\/ENTREGA-DIF-CAJEME-3.jpeg?fit=1280%2C960&ssl=1",1280,960,true],"covernews-featured":["https:\/\/i0.wp.com\/www.tabloideinformativo.com\/wp-content\/uploads\/2026\/08\/ENTREGA-DIF-CAJEME-3.jpeg?fit=1024%2C768&ssl=1",1024,768,true],"covernews-medium":["https:\/\/i0.wp.com\/www.tabloideinformativo.com\/wp-content\/uploads\/2026\/08\/ENTREGA-DIF-CAJEME-3.jpeg?resize=540%2C340&ssl=1",540,340,true]},"author_info":{"display_name":"Administrador","author_link":"https:\/\/www.tabloideinformativo.com\/?author=2"},"category_info":"<a href=\"https:\/\/www.tabloideinformativo.com\/?cat=11725\" rel=\"category\">CAJEME<\/a>","tag_info":"CAJEME","comment_count":"0","jetpack_sharing_enabled":true,"jetpack_likes_enabled":true,"jetpack_featured_media_url":"https:\/\/i0.wp.com\/www.tabloideinformativo.com\/wp-content\/uploads\/2026\/08\/ENTREGA-DIF-CAJEME-3.jpeg?fit=1280%2C960&ssl=1","_links":{"self":[{"href":"https:\/\/www.tabloideinformativo.com\/index.php?rest_route=\/wp\/v2\/posts\/83881","targetHints":{"allow":["GET"]}}],"collection":[{"href":"https:\/\/www.tabloideinformativo.com\/index.php?rest_route=\/wp\/v2\/posts"}],"about":[{"href":"https:\/\/www.tabloideinformativo.com\/index.php?rest_route=\/wp\/v2\/types\/post"}],"author":[{"embeddable":true,"href":"https:\/\/www.tabloideinformativo.com\/index.php?rest_route=\/wp\/v2\/users\/2"}],"replies":[{"embeddable":true,"href":"https:\/\/www.tabloideinformativo.com\/index.php?rest_route=%2Fwp%2Fv2%2Fcomments&post=83881"}],"version-history":[{"count":0,"href":"https:\/\/www.tabloideinformativo.com\/index.php?rest_route=\/wp\/v2\/posts\/83881\/revisions"}],"wp:featuredmedia":[{"embeddable":true,"href":"https:\/\/www.tabloideinformativo.com\/index.php?rest_route=\/wp\/v2\/media\/83912"}],"wp:attachment":[{"href":"https:\/\/www.tabloideinformativo.com\/index.php?rest_route=%2Fwp%2Fv2%2Fmedia&parent=83881"}],"wp:term":[{"taxonomy":"category","embeddable":true,"href":"https:\/\/www.tabloideinformativo.com\/index.php?rest_route=%2Fwp%2Fv2%2Fcategories&post=83881"},{"taxonomy":"post_tag","embeddable":true,"href":"https:\/\/www.tabloideinformativo.com\/index.php?rest_route=%2Fwp%2Fv2%2Ftags&post=83881"}],"curies":[{"name":"wp","href":"https:\/\/api.w.org\/{rel}","templated":true}]}}