{"id":83880,"date":"2026-08-10T23:55:41","date_gmt":"2026-08-11T06:55:41","guid":{"rendered":"https:\/\/www.agenciaice.mx\/?p=69908"},"modified":"2026-08-10T23:55:41","modified_gmt":"2026-08-11T06:55:41","slug":"asisten-cajemenses-al-programa-de-apoyo-de-utiles-escolares","status":"publish","type":"post","link":"https:\/\/www.tabloideinformativo.com\/?p=83880","title":{"rendered":"ASISTEN CAJEMENSES AL PROGRAMA DE APOYO DE \u00daTILES ESCOLARES"},"content":{"rendered":"\n<figure class=\"wp-block-image size-large\"><img data-recalc-dims=\"1\" height=\"428\" width=\"640\" decoding=\"async\" src=\"https:\/\/i0.wp.com\/www.tabloideinformativo.com\/wp-content\/uploads\/2026\/08\/utiles-1.jpeg?resize=640%2C428&#038;ssl=1\" alt=\"\" class=\"wp-image-69909\"\/><\/figure>\n\n\n\n<p class=\"wp-block-paragraph\"><\/p>\n\n\n\n<p class=\"wp-block-paragraph\"><strong><em>Cd. Obreg\u00f3n, Sonora.-<\/em><\/strong> Con el objetivo de contribuir a la econom\u00eda de las familias de escasos recursos y apoyar a ni\u00f1as, ni\u00f1os y adolescentes en el regreso a clases, el Ayuntamiento a trav\u00e9s de DIF Cajeme puso en marcha el programa de Apoyo de \u00datiles Escolares, dirigido a estudiantes de preescolar a secundaria inscritos en escuelas p\u00fablicas.<\/p>\n\n\n\n<p class=\"wp-block-paragraph\">Durante los primeros d\u00edas de recepci\u00f3n de solicitudes, cientos de familias cajemenses han acudido a la Ventanilla del DIF Municipal para realizar el tr\u00e1mite y acceder a este beneficio que busca disminuir los gastos que representa el inicio del nuevo ciclo escolar.<\/p>\n\n\n\n<p class=\"wp-block-paragraph\">En representaci\u00f3n de la presidenta municipal Claudia Santacruz Avil\u00e9s, la directora de DIF Cajeme, Cuqui Montelongo, destac\u00f3 la importancia de acercar este tipo de apoyos a quienes m\u00e1s lo necesitan.<\/p>\n\n\n\n<p class=\"wp-block-paragraph\">\u201cSabemos que el regreso a clases representa un esfuerzo importante para las familias, por eso desde DIF Cajeme estamos trabajando para brindarles este apoyo y contribuir a que sus hijas e hijos cuenten con lo necesario para iniciar su ciclo escolar\u201d, mencion\u00f3.<\/p>\n\n\n\n<p class=\"wp-block-paragraph\">La funcionaria record\u00f3 que la recepci\u00f3n de solicitudes se mantendr\u00e1 hasta el viernes 14 de agosto, en horario de 8:00 de la ma\u00f1ana a 3:00 de la tarde, de lunes a viernes, en Palacio Municipal.<\/p>\n\n\n\n<p class=\"wp-block-paragraph\">Las familias interesadas deber\u00e1n presentar copia del INE vigente del padre, madre o tutor, as\u00ed como la boleta de calificaciones del estudiante, el apoyo est\u00e1 dirigido exclusivamente a familias de escasos recursos con estudiantes inscritos en escuelas p\u00fablicas.<\/p>\n","protected":false},"excerpt":{"rendered":"<p>Cd. Obreg\u00f3n, Sonora.- Con el objetivo de contribuir a la econom\u00eda de las familias de&#8230;<\/p>\n","protected":false},"author":2,"featured_media":83908,"comment_status":"closed","ping_status":"closed","sticky":false,"template":"","format":"standard","meta":{"_jetpack_newsletter_access":"","_jetpack_dont_email_post_to_subs":false,"_jetpack_newsletter_tier_id":0,"_jetpack_memberships_contains_paywalled_content":false,"_jetpack_feature_clip_id":0,"_jetpack_memberships_contains_paid_content":false,"footnotes":"","jetpack_post_was_ever_published":false},"categories":[11725],"tags":[],"class_list":["post-83880","post","type-post","status-publish","format-standard","has-post-thumbnail","hentry","category-cajeme"],"featured_image_urls":{"full":["https:\/\/i0.wp.com\/www.tabloideinformativo.com\/wp-content\/uploads\/2026\/08\/utiles-2.jpeg?fit=1600%2C1069&ssl=1",1600,1069,false],"thumbnail":["https:\/\/i0.wp.com\/www.tabloideinformativo.com\/wp-content\/uploads\/2026\/08\/utiles-2.jpeg?resize=150%2C150&ssl=1",150,150,true],"medium":["https:\/\/i0.wp.com\/www.tabloideinformativo.com\/wp-content\/uploads\/2026\/08\/utiles-2.jpeg?fit=300%2C200&ssl=1",300,200,true],"medium_large":["https:\/\/i0.wp.com\/www.tabloideinformativo.com\/wp-content\/uploads\/2026\/08\/utiles-2.jpeg?fit=640%2C428&ssl=1",640,428,true],"large":["https:\/\/i0.wp.com\/www.tabloideinformativo.com\/wp-content\/uploads\/2026\/08\/utiles-2.jpeg?fit=640%2C428&ssl=1",640,428,true],"1536x1536":["https:\/\/i0.wp.com\/www.tabloideinformativo.com\/wp-content\/uploads\/2026\/08\/utiles-2.jpeg?fit=1536%2C1026&ssl=1",1536,1026,true],"2048x2048":["https:\/\/i0.wp.com\/www.tabloideinformativo.com\/wp-content\/uploads\/2026\/08\/utiles-2.jpeg?fit=1600%2C1069&ssl=1",1600,1069,true],"covernews-featured":["https:\/\/i0.wp.com\/www.tabloideinformativo.com\/wp-content\/uploads\/2026\/08\/utiles-2.jpeg?fit=1024%2C684&ssl=1",1024,684,true],"covernews-medium":["https:\/\/i0.wp.com\/www.tabloideinformativo.com\/wp-content\/uploads\/2026\/08\/utiles-2.jpeg?resize=540%2C340&ssl=1",540,340,true]},"author_info":{"display_name":"Administrador","author_link":"https:\/\/www.tabloideinformativo.com\/?author=2"},"category_info":"<a href=\"https:\/\/www.tabloideinformativo.com\/?cat=11725\" rel=\"category\">CAJEME<\/a>","tag_info":"CAJEME","comment_count":"0","jetpack_sharing_enabled":true,"jetpack_likes_enabled":true,"jetpack_featured_media_url":"https:\/\/i0.wp.com\/www.tabloideinformativo.com\/wp-content\/uploads\/2026\/08\/utiles-2.jpeg?fit=1600%2C1069&ssl=1","_links":{"self":[{"href":"https:\/\/www.tabloideinformativo.com\/index.php?rest_route=\/wp\/v2\/posts\/83880","targetHints":{"allow":["GET"]}}],"collection":[{"href":"https:\/\/www.tabloideinformativo.com\/index.php?rest_route=\/wp\/v2\/posts"}],"about":[{"href":"https:\/\/www.tabloideinformativo.com\/index.php?rest_route=\/wp\/v2\/types\/post"}],"author":[{"embeddable":true,"href":"https:\/\/www.tabloideinformativo.com\/index.php?rest_route=\/wp\/v2\/users\/2"}],"replies":[{"embeddable":true,"href":"https:\/\/www.tabloideinformativo.com\/index.php?rest_route=%2Fwp%2Fv2%2Fcomments&post=83880"}],"version-history":[{"count":0,"href":"https:\/\/www.tabloideinformativo.com\/index.php?rest_route=\/wp\/v2\/posts\/83880\/revisions"}],"wp:featuredmedia":[{"embeddable":true,"href":"https:\/\/www.tabloideinformativo.com\/index.php?rest_route=\/wp\/v2\/media\/83908"}],"wp:attachment":[{"href":"https:\/\/www.tabloideinformativo.com\/index.php?rest_route=%2Fwp%2Fv2%2Fmedia&parent=83880"}],"wp:term":[{"taxonomy":"category","embeddable":true,"href":"https:\/\/www.tabloideinformativo.com\/index.php?rest_route=%2Fwp%2Fv2%2Fcategories&post=83880"},{"taxonomy":"post_tag","embeddable":true,"href":"https:\/\/www.tabloideinformativo.com\/index.php?rest_route=%2Fwp%2Fv2%2Ftags&post=83880"}],"curies":[{"name":"wp","href":"https:\/\/api.w.org\/{rel}","templated":true}]}}