{"id":83879,"date":"2026-08-10T23:53:42","date_gmt":"2026-08-11T06:53:42","guid":{"rendered":"https:\/\/www.agenciaice.mx\/?p=69904"},"modified":"2026-08-10T23:53:42","modified_gmt":"2026-08-11T06:53:42","slug":"respuesta-inmediata-permite-restablecer-servicios-tras-afectaciones-en-cajeme-por-lluvia-y-fuertes-vientos-upcm","status":"publish","type":"post","link":"https:\/\/www.tabloideinformativo.com\/?p=83879","title":{"rendered":"RESPUESTA INMEDIATA PERMITE RESTABLECER SERVICIOS TRAS AFECTACIONES EN CAJEME POR LLUVIA Y FUERTES VIENTOS: UPCM"},"content":{"rendered":"\n<figure class=\"wp-block-image size-large\"><img data-recalc-dims=\"1\" height=\"428\" width=\"640\" decoding=\"async\" src=\"https:\/\/i0.wp.com\/www.tabloideinformativo.com\/wp-content\/uploads\/2026\/08\/RESPUESTA-INMEDIATA-PERMITE-1.jpeg?resize=640%2C428&#038;ssl=1\" alt=\"\" class=\"wp-image-69905\"\/><\/figure>\n\n\n\n<p class=\"wp-block-paragraph\"><\/p>\n\n\n\n<ul class=\"wp-block-list\">\n<li><strong><em>No se registraron personas lesionadas ni fallecidas, autoridades mantienen acciones preventivas ante el pron\u00f3stico de nuevas lluvias<\/em><\/strong><\/li>\n<\/ul>\n\n\n\n<p class=\"wp-block-paragraph\"><strong><em>Cd. Obreg\u00f3n, Sonora.- <\/em><\/strong>Tras las fuertes lluvias y vientos registrados durante el fin de semana, el Gobierno Municipal de Cajeme mantiene acciones de atenci\u00f3n y prevenci\u00f3n para garantizar la seguridad de las familias, inform\u00f3 Francisco Mendoza Calder\u00f3n, titular de la Unidad de Protecci\u00f3n Civil Municipal.<\/p>\n\n\n\n<p class=\"wp-block-paragraph\">El funcionario explic\u00f3 que durante el s\u00e1bado se registraron alrededor de 30 mil\u00edmetros de lluvia, acompa\u00f1ados de vientos de hasta 81.5 kil\u00f3metros por hora y rachas cercanas a los 82 kil\u00f3metros por hora, condiciones que provocaron diversas afectaciones en distintos sectores del Municipio.<\/p>\n\n\n\n<p class=\"wp-block-paragraph\">Mendoza Calder\u00f3n se\u00f1al\u00f3 que, para los pr\u00f3ximos d\u00edas, existe un pron\u00f3stico de posibilidades de precipitaciones acompa\u00f1adas de vientos fuertes, por lo que exhort\u00f3 a la ciudadan\u00eda a mantenerse atenta a los avisos de las autoridades y tomar precauciones reportando cualquier situaci\u00f3n de riesgo al 911.<\/p>\n\n\n\n<p class=\"wp-block-paragraph\">Explic\u00f3 que, cuando se presenta una tormenta tropical, pueden registrarse vientos de hasta 64 kil\u00f3metros por hora; sin embargo, durante el pasado fin de semana esta cifra fue superada en Cajeme, alcanzando aproximadamente los 82 kil\u00f3metros por hora, lo que gener\u00f3 afectaciones como la ca\u00edda de postes y \u00e1rboles.<\/p>\n\n\n\n<p class=\"wp-block-paragraph\">Como resultado del fen\u00f3meno meteorol\u00f3gico, se contabilizaron hasta el momento 79 postes ca\u00eddos, principalmente pertenecientes a la Comisi\u00f3n Federal de Electricidad (CFE), as\u00ed como 58 \u00e1rboles, cifra que podr\u00eda incrementarse debido a que contin\u00faan los trabajos de atenci\u00f3n por parte del personal de Servicios P\u00fablicos, tambi\u00e9n se reportaron cuatro veh\u00edculos da\u00f1ados, un espectacular derribado y cuatro anuncios luminosos con afectaciones.<\/p>\n\n\n\n<p class=\"wp-block-paragraph\">\u201cEs importante resaltar que no se present\u00f3 ninguna persona lesionada o fallecida, a pesar de los fuertes vientos y afectaciones registradas, en un lapso de 24 horas ya se hab\u00edan podado 48 \u00e1rboles por parte de Imagen Urbana y Servicios P\u00fablicos, ya se hab\u00eda restablecido casi al 100 por ciento todos los postes que se cayeron, sobre todo por la calle 10 y yendo al Tobarito, donde se utiliz\u00f3 una retro y alrededor de 100 personas de la CFE armando postes, la verdad que fue un trabajo muy arduo\u201d, subray\u00f3.<\/p>\n\n\n\n<p class=\"wp-block-paragraph\">Al t\u00e9rmino, el titular de Protecci\u00f3n Civil Municipal destac\u00f3 que, pese a la intensidad de los vientos y los da\u00f1os registrados, no se presentaron personas lesionadas ni fallecidas, gracias en buena medida a las acciones preventivas y al trabajo coordinado de los cuerpos de emergencia y las distintas dependencias municipales.<\/p>\n","protected":false},"excerpt":{"rendered":"<p>Cd. Obreg\u00f3n, Sonora.- Tras las fuertes lluvias y vientos registrados durante el fin de semana,&#8230;<\/p>\n","protected":false},"author":2,"featured_media":83906,"comment_status":"closed","ping_status":"closed","sticky":false,"template":"","format":"standard","meta":{"_jetpack_newsletter_access":"","_jetpack_dont_email_post_to_subs":false,"_jetpack_newsletter_tier_id":0,"_jetpack_memberships_contains_paywalled_content":false,"_jetpack_feature_clip_id":0,"_jetpack_memberships_contains_paid_content":false,"footnotes":"","jetpack_post_was_ever_published":false},"categories":[11725],"tags":[],"class_list":["post-83879","post","type-post","status-publish","format-standard","has-post-thumbnail","hentry","category-cajeme"],"featured_image_urls":{"full":["https:\/\/i0.wp.com\/www.tabloideinformativo.com\/wp-content\/uploads\/2026\/08\/RESPUESTA-INMEDIATA-PERMITE-3.jpeg?fit=1600%2C900&ssl=1",1600,900,false],"thumbnail":["https:\/\/i0.wp.com\/www.tabloideinformativo.com\/wp-content\/uploads\/2026\/08\/RESPUESTA-INMEDIATA-PERMITE-3.jpeg?resize=150%2C150&ssl=1",150,150,true],"medium":["https:\/\/i0.wp.com\/www.tabloideinformativo.com\/wp-content\/uploads\/2026\/08\/RESPUESTA-INMEDIATA-PERMITE-3.jpeg?fit=300%2C169&ssl=1",300,169,true],"medium_large":["https:\/\/i0.wp.com\/www.tabloideinformativo.com\/wp-content\/uploads\/2026\/08\/RESPUESTA-INMEDIATA-PERMITE-3.jpeg?fit=640%2C360&ssl=1",640,360,true],"large":["https:\/\/i0.wp.com\/www.tabloideinformativo.com\/wp-content\/uploads\/2026\/08\/RESPUESTA-INMEDIATA-PERMITE-3.jpeg?fit=640%2C360&ssl=1",640,360,true],"1536x1536":["https:\/\/i0.wp.com\/www.tabloideinformativo.com\/wp-content\/uploads\/2026\/08\/RESPUESTA-INMEDIATA-PERMITE-3.jpeg?fit=1536%2C864&ssl=1",1536,864,true],"2048x2048":["https:\/\/i0.wp.com\/www.tabloideinformativo.com\/wp-content\/uploads\/2026\/08\/RESPUESTA-INMEDIATA-PERMITE-3.jpeg?fit=1600%2C900&ssl=1",1600,900,true],"covernews-featured":["https:\/\/i0.wp.com\/www.tabloideinformativo.com\/wp-content\/uploads\/2026\/08\/RESPUESTA-INMEDIATA-PERMITE-3.jpeg?fit=1024%2C576&ssl=1",1024,576,true],"covernews-medium":["https:\/\/i0.wp.com\/www.tabloideinformativo.com\/wp-content\/uploads\/2026\/08\/RESPUESTA-INMEDIATA-PERMITE-3.jpeg?resize=540%2C340&ssl=1",540,340,true]},"author_info":{"display_name":"Administrador","author_link":"https:\/\/www.tabloideinformativo.com\/?author=2"},"category_info":"<a href=\"https:\/\/www.tabloideinformativo.com\/?cat=11725\" rel=\"category\">CAJEME<\/a>","tag_info":"CAJEME","comment_count":"0","jetpack_sharing_enabled":true,"jetpack_likes_enabled":true,"jetpack_featured_media_url":"https:\/\/i0.wp.com\/www.tabloideinformativo.com\/wp-content\/uploads\/2026\/08\/RESPUESTA-INMEDIATA-PERMITE-3.jpeg?fit=1600%2C900&ssl=1","_links":{"self":[{"href":"https:\/\/www.tabloideinformativo.com\/index.php?rest_route=\/wp\/v2\/posts\/83879","targetHints":{"allow":["GET"]}}],"collection":[{"href":"https:\/\/www.tabloideinformativo.com\/index.php?rest_route=\/wp\/v2\/posts"}],"about":[{"href":"https:\/\/www.tabloideinformativo.com\/index.php?rest_route=\/wp\/v2\/types\/post"}],"author":[{"embeddable":true,"href":"https:\/\/www.tabloideinformativo.com\/index.php?rest_route=\/wp\/v2\/users\/2"}],"replies":[{"embeddable":true,"href":"https:\/\/www.tabloideinformativo.com\/index.php?rest_route=%2Fwp%2Fv2%2Fcomments&post=83879"}],"version-history":[{"count":0,"href":"https:\/\/www.tabloideinformativo.com\/index.php?rest_route=\/wp\/v2\/posts\/83879\/revisions"}],"wp:featuredmedia":[{"embeddable":true,"href":"https:\/\/www.tabloideinformativo.com\/index.php?rest_route=\/wp\/v2\/media\/83906"}],"wp:attachment":[{"href":"https:\/\/www.tabloideinformativo.com\/index.php?rest_route=%2Fwp%2Fv2%2Fmedia&parent=83879"}],"wp:term":[{"taxonomy":"category","embeddable":true,"href":"https:\/\/www.tabloideinformativo.com\/index.php?rest_route=%2Fwp%2Fv2%2Fcategories&post=83879"},{"taxonomy":"post_tag","embeddable":true,"href":"https:\/\/www.tabloideinformativo.com\/index.php?rest_route=%2Fwp%2Fv2%2Ftags&post=83879"}],"curies":[{"name":"wp","href":"https:\/\/api.w.org\/{rel}","templated":true}]}}