{"id":83809,"date":"2026-08-08T14:02:40","date_gmt":"2026-08-08T21:02:40","guid":{"rendered":"https:\/\/www.agenciaice.mx\/?p=69873"},"modified":"2026-08-08T14:02:40","modified_gmt":"2026-08-08T21:02:40","slug":"celebra-congreso-de-sonora-encuentro-con-pueblos-y-comunidades-indigenas-y-afromexicanas","status":"publish","type":"post","link":"https:\/\/www.tabloideinformativo.com\/?p=83809","title":{"rendered":"CELEBRA CONGRESO DE SONORA ENCUENTRO CON PUEBLOS Y COMUNIDADES IND\u00cdGENAS Y AFROMEXICANAS"},"content":{"rendered":"\n<figure class=\"wp-block-image size-large\"><img data-recalc-dims=\"1\" height=\"426\" width=\"640\" decoding=\"async\" src=\"https:\/\/i0.wp.com\/www.tabloideinformativo.com\/wp-content\/uploads\/2026\/08\/congreso-5.jpg?resize=640%2C426&#038;ssl=1\" alt=\"\" class=\"wp-image-69874\"\/><\/figure>\n\n\n\n<p class=\"wp-block-paragraph\"><\/p>\n\n\n\n<p class=\"wp-block-paragraph\"><strong><em>Hermosillo, Sonora.-<\/em><\/strong> Con la participaci\u00f3n de representantes de pueblos y comunidades originarias de la entidad, el Congreso del Estado de Sonora celebr\u00f3 el Primer Encuentro Sociocultural con Pueblos y Comunidades Ind\u00edgenas y Afromexicanas, un espacio de di\u00e1logo, reflexi\u00f3n e intercambio de experiencias orientado a fortalecer el reconocimiento, la promoci\u00f3n y el ejercicio pleno de sus derechos.<\/p>\n\n\n\n<p class=\"wp-block-paragraph\">El encuentro tuvo como prop\u00f3sito socializar y analizar las reformas constitucionales, tanto en el \u00e1mbito federal como estatal, en materia de derechos de los pueblos y comunidades ind\u00edgenas y afromexicanas.<\/p>\n\n\n\n<p class=\"wp-block-paragraph\">Al dar la bienvenida a las y los asistentes, el diputado Pr\u00f3spero Valenzuela Mu\u00f1er (Morena), presidente de la Comisi\u00f3n de Asuntos Ind\u00edgenas, destac\u00f3 los avances impulsados en los \u00e1mbitos federal y estatal para fortalecer el reconocimiento y la protecci\u00f3n de los derechos humanos de este sector de la poblaci\u00f3n, as\u00ed como la importancia de mantener un di\u00e1logo permanente con las comunidades.<\/p>\n\n\n\n<p class=\"wp-block-paragraph\">En representaci\u00f3n del gobernador del estado, Mart\u00edn V\u00e9lez de la Rocha, coordinador general de la Comisi\u00f3n Estatal para el Desarrollo de Pueblos y Comunidades Ind\u00edgenas, refrend\u00f3 el compromiso del Gobierno de Sonora de continuar promoviendo acciones que contribuyan al desarrollo integral, la inclusi\u00f3n y el bienestar de los pueblos originarios.<\/p>\n\n\n\n<p class=\"wp-block-paragraph\">Como parte del programa se desarrollaron diversas ponencias. La regidora \u00e9tnica de Punta Chueca, Romelia Barnett D\u00edaz, comparti\u00f3 su experiencia dentro del Cabildo y las gestiones realizadas en favor de su comunidad. Por su parte, la diputada Rebeca Irene Silva Gallardo (NAS) present\u00f3 la conferencia &#8220;Las mujeres ind\u00edgenas y las reformas necesarias para el ejercicio efectivo de los derechos&#8221;. Ambas participaciones fueron moderadas por la diputada Jazm\u00edn Guadalupe G\u00f3mez Liz\u00e1rraga (PT).<\/p>\n\n\n\n<p class=\"wp-block-paragraph\">Asimismo, la diputada federal Alma Manuela Higuera Esquer y el diputado Pr\u00f3spero Valenzuela Mu\u00f1er participaron en un panel moderado por el legislador Jes\u00fas Tadeo Mend\u00edvil Valenzuela (Morena), en el que expusieron los alcances de las reformas al art\u00edculo 2 de la Constituci\u00f3n Pol\u00edtica de los Estados Unidos Mexicanos y al art\u00edculo 1 de la Constituci\u00f3n Pol\u00edtica del Estado de Sonora, en materia de derechos de los pueblos y comunidades ind\u00edgenas y afromexicanas.<\/p>\n\n\n\n<p class=\"wp-block-paragraph\">Al t\u00e9rmino de cada exposici\u00f3n se abri\u00f3 un espacio de preguntas y respuestas, en el que las y los asistentes compartieron inquietudes, opiniones y propuestas para fortalecer las pol\u00edticas p\u00fablicas dirigidas a estos sectores de la poblaci\u00f3n.<\/p>\n\n\n\n<p class=\"wp-block-paragraph\">El Primer Encuentro Sociocultural reuni\u00f3 a representantes de los pueblos y comunidades comca\u2019ac (seri), yaqui, kikap\u00fa, cucap\u00e1, guarij\u00edo, pima, p\u00e1pago, mayo, apache, chiricahua y coyotero.<\/p>\n\n\n\n<p class=\"wp-block-paragraph\">Tambi\u00e9n participaron autoridades tradicionales; gobernadoras y gobernadores de pueblos originarios; representantes del Gobierno del Estado; presidentas y presidentes municipales; integrantes de organizaciones de la sociedad civil; acad\u00e9micas, acad\u00e9micos y ciudadan\u00eda en general.<\/p>\n\n\n\n<p class=\"wp-block-paragraph\">Al encuentro asistieron adem\u00e1s la diputada Gabriela Danitza F\u00e9lix Boj\u00f3rquez (MC), presidenta de la Comisi\u00f3n de Parlamento Abierto, y la legisladora Claudia Zulema Bours Corral (PVEM).<\/p>\n","protected":false},"excerpt":{"rendered":"<p>Hermosillo, Sonora.- Con la participaci\u00f3n de representantes de pueblos y comunidades originarias de la entidad,&#8230;<\/p>\n","protected":false},"author":2,"featured_media":83825,"comment_status":"closed","ping_status":"closed","sticky":false,"template":"","format":"standard","meta":{"_jetpack_newsletter_access":"","_jetpack_dont_email_post_to_subs":false,"_jetpack_newsletter_tier_id":0,"_jetpack_memberships_contains_paywalled_content":false,"_jetpack_feature_clip_id":0,"_jetpack_memberships_contains_paid_content":false,"footnotes":"","jetpack_post_was_ever_published":false},"categories":[11],"tags":[],"class_list":["post-83809","post","type-post","status-publish","format-standard","has-post-thumbnail","hentry","category-estatal"],"featured_image_urls":{"full":["https:\/\/i0.wp.com\/www.tabloideinformativo.com\/wp-content\/uploads\/2026\/08\/congreso-1.jpg?fit=1600%2C899&ssl=1",1600,899,false],"thumbnail":["https:\/\/i0.wp.com\/www.tabloideinformativo.com\/wp-content\/uploads\/2026\/08\/congreso-1.jpg?resize=150%2C150&ssl=1",150,150,true],"medium":["https:\/\/i0.wp.com\/www.tabloideinformativo.com\/wp-content\/uploads\/2026\/08\/congreso-1.jpg?fit=300%2C169&ssl=1",300,169,true],"medium_large":["https:\/\/i0.wp.com\/www.tabloideinformativo.com\/wp-content\/uploads\/2026\/08\/congreso-1.jpg?fit=640%2C360&ssl=1",640,360,true],"large":["https:\/\/i0.wp.com\/www.tabloideinformativo.com\/wp-content\/uploads\/2026\/08\/congreso-1.jpg?fit=640%2C359&ssl=1",640,359,true],"1536x1536":["https:\/\/i0.wp.com\/www.tabloideinformativo.com\/wp-content\/uploads\/2026\/08\/congreso-1.jpg?fit=1536%2C863&ssl=1",1536,863,true],"2048x2048":["https:\/\/i0.wp.com\/www.tabloideinformativo.com\/wp-content\/uploads\/2026\/08\/congreso-1.jpg?fit=1600%2C899&ssl=1",1600,899,true],"covernews-featured":["https:\/\/i0.wp.com\/www.tabloideinformativo.com\/wp-content\/uploads\/2026\/08\/congreso-1.jpg?fit=1024%2C575&ssl=1",1024,575,true],"covernews-medium":["https:\/\/i0.wp.com\/www.tabloideinformativo.com\/wp-content\/uploads\/2026\/08\/congreso-1.jpg?resize=540%2C340&ssl=1",540,340,true]},"author_info":{"display_name":"Administrador","author_link":"https:\/\/www.tabloideinformativo.com\/?author=2"},"category_info":"<a href=\"https:\/\/www.tabloideinformativo.com\/?cat=11\" rel=\"category\">ESTATAL<\/a>","tag_info":"ESTATAL","comment_count":"0","jetpack_sharing_enabled":true,"jetpack_likes_enabled":true,"jetpack_featured_media_url":"https:\/\/i0.wp.com\/www.tabloideinformativo.com\/wp-content\/uploads\/2026\/08\/congreso-1.jpg?fit=1600%2C899&ssl=1","_links":{"self":[{"href":"https:\/\/www.tabloideinformativo.com\/index.php?rest_route=\/wp\/v2\/posts\/83809","targetHints":{"allow":["GET"]}}],"collection":[{"href":"https:\/\/www.tabloideinformativo.com\/index.php?rest_route=\/wp\/v2\/posts"}],"about":[{"href":"https:\/\/www.tabloideinformativo.com\/index.php?rest_route=\/wp\/v2\/types\/post"}],"author":[{"embeddable":true,"href":"https:\/\/www.tabloideinformativo.com\/index.php?rest_route=\/wp\/v2\/users\/2"}],"replies":[{"embeddable":true,"href":"https:\/\/www.tabloideinformativo.com\/index.php?rest_route=%2Fwp%2Fv2%2Fcomments&post=83809"}],"version-history":[{"count":0,"href":"https:\/\/www.tabloideinformativo.com\/index.php?rest_route=\/wp\/v2\/posts\/83809\/revisions"}],"wp:featuredmedia":[{"embeddable":true,"href":"https:\/\/www.tabloideinformativo.com\/index.php?rest_route=\/wp\/v2\/media\/83825"}],"wp:attachment":[{"href":"https:\/\/www.tabloideinformativo.com\/index.php?rest_route=%2Fwp%2Fv2%2Fmedia&parent=83809"}],"wp:term":[{"taxonomy":"category","embeddable":true,"href":"https:\/\/www.tabloideinformativo.com\/index.php?rest_route=%2Fwp%2Fv2%2Fcategories&post=83809"},{"taxonomy":"post_tag","embeddable":true,"href":"https:\/\/www.tabloideinformativo.com\/index.php?rest_route=%2Fwp%2Fv2%2Ftags&post=83809"}],"curies":[{"name":"wp","href":"https:\/\/api.w.org\/{rel}","templated":true}]}}