{"id":83798,"date":"2026-08-10T23:48:51","date_gmt":"2026-08-11T06:48:51","guid":{"rendered":"https:\/\/www.agenciaice.mx\/?p=69901"},"modified":"2026-08-10T23:48:51","modified_gmt":"2026-08-11T06:48:51","slug":"gobierno-eliminara-la-educacion-militar-de-26-escuelas-antes-del-proximo-ciclo-escolar","status":"publish","type":"post","link":"https:\/\/www.tabloideinformativo.com\/?p=83798","title":{"rendered":"GOBIERNO ELIMINAR\u00c1 LA EDUCACI\u00d3N MILITAR DE 26 ESCUELAS ANTES DEL PR\u00d3XIMO CICLO ESCOLAR"},"content":{"rendered":"\n<figure class=\"wp-block-image size-large\"><img data-recalc-dims=\"1\" loading=\"lazy\" decoding=\"async\" width=\"640\" height=\"427\" src=\"https:\/\/i0.wp.com\/www.tabloideinformativo.com\/wp-content\/uploads\/2026\/08\/mario-delgado-escuelas-militares-sep.jpg?resize=640%2C427&#038;ssl=1\" alt=\"\" class=\"wp-image-69902\" srcset=\"https:\/\/i0.wp.com\/www.tabloideinformativo.com\/wp-content\/uploads\/2026\/08\/mario-delgado-escuelas-militares-sep.jpg?resize=1024%2C683&amp;ssl=1 1024w, https:\/\/i0.wp.com\/www.tabloideinformativo.com\/wp-content\/uploads\/2026\/08\/mario-delgado-escuelas-militares-sep.jpg?resize=300%2C200&amp;ssl=1 300w, https:\/\/i0.wp.com\/www.tabloideinformativo.com\/wp-content\/uploads\/2026\/08\/mario-delgado-escuelas-militares-sep.jpg?resize=768%2C512&amp;ssl=1 768w, https:\/\/i0.wp.com\/www.tabloideinformativo.com\/wp-content\/uploads\/2026\/08\/mario-delgado-escuelas-militares-sep.jpg?resize=1536%2C1024&amp;ssl=1 1536w, https:\/\/i0.wp.com\/www.tabloideinformativo.com\/wp-content\/uploads\/2026\/08\/mario-delgado-escuelas-militares-sep.jpg?w=1920&amp;ssl=1 1920w, https:\/\/i0.wp.com\/www.tabloideinformativo.com\/wp-content\/uploads\/2026\/08\/mario-delgado-escuelas-militares-sep.jpg?w=1280&amp;ssl=1 1280w\" sizes=\"auto, (max-width: 640px) 100vw, 640px\" \/><\/figure>\n\n\n\n<p class=\"wp-block-paragraph\"><\/p>\n\n\n\n<ul class=\"wp-block-list\">\n<li><strong><em>Mario Delgado, secretario de Educaci\u00f3n P\u00fablica, dej\u00f3 en claro que no habr\u00e1 escuelas militarizadas en el pr\u00f3ximo ciclo escolar<\/em><\/strong><\/li>\n<\/ul>\n\n\n\n<p class=\"wp-block-paragraph\"><strong><em>Cd. de M\u00e9xico (agencias).-<\/em><\/strong> El Gobierno de M\u00e9xico inform\u00f3 que las 26 escuelas identificadas en el Pa\u00eds como \u201cmilitares\u201d no podr\u00e1n operar bajo ese modelo para el inicio del pr\u00f3ximo ciclo escolar, tras advertir que este tipo de ense\u00f1anza no est\u00e1 reconocido por la legislaci\u00f3n educativa y que detr\u00e1s de su supuesta disciplina se han registrado casos de \u201cabusos, maltratos y violencia\u201d.<\/p>\n\n\n\n<p class=\"wp-block-paragraph\">\u201cNo vamos a tener, como lo dijimos, ninguna escuela militarizada al inicio del siguiente ciclo\u201d, afirm\u00f3 el secretario de Educaci\u00f3n P\u00fablica (SEP), Mario Delgado, durante la conferencia matutina de Palacio Nacional.<\/p>\n\n\n\n<p class=\"wp-block-paragraph\">Delgado Carrillo explic\u00f3 que aquellos planteles que cuentan con reconocimiento entre sus comunidades podr\u00e1n continuar funcionando \u00fanicamente si abandonan el modelo militarizado y transforman tanto su curr\u00edculo como su organizaci\u00f3n.<\/p>\n\n\n\n<p class=\"wp-block-paragraph\">\u201cEllos tienen que transformarse ahora de conceptos militares a conceptos c\u00edvicos, ciudadanos y basados en el humanismo mexicano\u201d, se\u00f1al\u00f3.<\/p>\n\n\n\n<p class=\"wp-block-paragraph\">En caso contrario, deber\u00e1n cerrar dichas escuelas, advirti\u00f3.<\/p>\n\n\n\n<p class=\"wp-block-paragraph\">Delgado Carrillo record\u00f3 que la formaci\u00f3n militar corresponde exclusivamente a la Secretar\u00eda de la Defensa Nacional (Defensa) y comienza en el nivel medio superior para preparar a quienes posteriormente integrar\u00e1n el Ej\u00e9rcito Mexicano o la Guardia Nacional.<\/p>\n\n\n\n<p class=\"wp-block-paragraph\">La medida cobr\u00f3 relevancia despu\u00e9s de la muerte, el pasado 16 de julio, de Dafne Zapata, una adolescente de 13 a\u00f1os que participaba en un curso de verano en la Academia Militarizada Marina Doenitz, en Ciudad Madero, Tamaulipas.<\/p>\n\n\n\n<p class=\"wp-block-paragraph\">La Fiscal\u00eda estatal investiga el caso como feminicidio y detuvo al director del centro y a dos trabajadoras por su probable participaci\u00f3n, mientras que familiares de la menor denunciaron que hab\u00eda sufrido maltratos durante su estancia.<\/p>\n\n\n\n<p class=\"wp-block-paragraph\">Sheinbaum respald\u00f3 la semana pasada la decisi\u00f3n de la SEP de impedir que operen instituciones educativas bajo denominaciones como \u201cmilitarizadas\u201d, \u201cmilitares\u201d o \u201ccastrenses\u201d y sostuvo que la disciplina no puede utilizarse para justificar abusos.<\/p>\n\n\n\n<p class=\"wp-block-paragraph\">Delgado insisti\u00f3 este lunes en que la transformaci\u00f3n deber\u00e1 ir m\u00e1s all\u00e1 de modificar el nombre de los planteles y asegur\u00f3 que las autoridades acompa\u00f1ar\u00e1n el proceso para evitar dejar a los estudiantes sin alternativas educativas.<\/p>\n\n\n\n<p class=\"wp-block-paragraph\">\u201cDetr\u00e1s de este concepto militar y aparentemente de disciplina, en algunos casos lo que hab\u00eda era abusos, era maltratos y era violencia\u201d, afirm\u00f3.<\/p>\n\n\n\n<p class=\"wp-block-paragraph\">\u201cNinguna escuela que bajo alg\u00fan concepto disfrace este tipo de abusos y violencia se va a permitir\u201d, agreg\u00f3.<\/p>\n\n\n\n<p class=\"wp-block-paragraph\">El funcionario asegur\u00f3 que la SEP ha dialogado con las autoridades estatales involucradas y descart\u00f3 conflictos por la decisi\u00f3n.<\/p>\n\n\n\n<p class=\"wp-block-paragraph\">\u201cSe ha entendido que fueron las que estuvieron al margen de la ley, pero ahora estamos poniendo orden en ello\u201d, concluy\u00f3.<\/p>\n\n\n\n<p class=\"wp-block-paragraph\">Con informaci\u00f3n de EFE | Foto de EFE\/Mario Guzm\u00e1n<\/p>\n","protected":false},"excerpt":{"rendered":"<p>Cd. de M\u00e9xico (agencias).- El Gobierno de M\u00e9xico inform\u00f3 que las 26 escuelas identificadas en&#8230;<\/p>\n","protected":false},"author":2,"featured_media":69902,"comment_status":"closed","ping_status":"closed","sticky":false,"template":"","format":"standard","meta":{"_jetpack_newsletter_access":"","_jetpack_dont_email_post_to_subs":false,"_jetpack_newsletter_tier_id":0,"_jetpack_memberships_contains_paywalled_content":false,"_jetpack_feature_clip_id":0,"_jetpack_memberships_contains_paid_content":false,"footnotes":"","jetpack_post_was_ever_published":false},"categories":[21],"tags":[],"class_list":["post-83798","post","type-post","status-publish","format-standard","has-post-thumbnail","hentry","category-nacional"],"featured_image_urls":{"full":["https:\/\/i0.wp.com\/www.tabloideinformativo.com\/wp-content\/uploads\/2026\/08\/mario-delgado-escuelas-militares-sep.jpg?fit=1920%2C1280&ssl=1",1920,1280,false],"thumbnail":["https:\/\/i0.wp.com\/www.tabloideinformativo.com\/wp-content\/uploads\/2026\/08\/mario-delgado-escuelas-militares-sep.jpg?resize=150%2C150&ssl=1",150,150,true],"medium":["https:\/\/i0.wp.com\/www.tabloideinformativo.com\/wp-content\/uploads\/2026\/08\/mario-delgado-escuelas-militares-sep.jpg?fit=300%2C200&ssl=1",300,200,true],"medium_large":["https:\/\/i0.wp.com\/www.tabloideinformativo.com\/wp-content\/uploads\/2026\/08\/mario-delgado-escuelas-militares-sep.jpg?fit=640%2C427&ssl=1",640,427,true],"large":["https:\/\/i0.wp.com\/www.tabloideinformativo.com\/wp-content\/uploads\/2026\/08\/mario-delgado-escuelas-militares-sep.jpg?fit=640%2C427&ssl=1",640,427,true],"1536x1536":["https:\/\/i0.wp.com\/www.tabloideinformativo.com\/wp-content\/uploads\/2026\/08\/mario-delgado-escuelas-militares-sep.jpg?fit=1536%2C1024&ssl=1",1536,1024,true],"2048x2048":["https:\/\/i0.wp.com\/www.tabloideinformativo.com\/wp-content\/uploads\/2026\/08\/mario-delgado-escuelas-militares-sep.jpg?fit=1920%2C1280&ssl=1",1920,1280,true],"covernews-featured":["https:\/\/i0.wp.com\/www.tabloideinformativo.com\/wp-content\/uploads\/2026\/08\/mario-delgado-escuelas-militares-sep.jpg?fit=1024%2C683&ssl=1",1024,683,true],"covernews-medium":["https:\/\/i0.wp.com\/www.tabloideinformativo.com\/wp-content\/uploads\/2026\/08\/mario-delgado-escuelas-militares-sep.jpg?resize=540%2C340&ssl=1",540,340,true]},"author_info":{"display_name":"Administrador","author_link":"https:\/\/www.tabloideinformativo.com\/?author=2"},"category_info":"<a href=\"https:\/\/www.tabloideinformativo.com\/?cat=21\" rel=\"category\">NACIONAL<\/a>","tag_info":"NACIONAL","comment_count":"0","jetpack_sharing_enabled":true,"jetpack_likes_enabled":true,"jetpack_featured_media_url":"https:\/\/i0.wp.com\/www.tabloideinformativo.com\/wp-content\/uploads\/2026\/08\/mario-delgado-escuelas-militares-sep.jpg?fit=1920%2C1280&ssl=1","_links":{"self":[{"href":"https:\/\/www.tabloideinformativo.com\/index.php?rest_route=\/wp\/v2\/posts\/83798","targetHints":{"allow":["GET"]}}],"collection":[{"href":"https:\/\/www.tabloideinformativo.com\/index.php?rest_route=\/wp\/v2\/posts"}],"about":[{"href":"https:\/\/www.tabloideinformativo.com\/index.php?rest_route=\/wp\/v2\/types\/post"}],"author":[{"embeddable":true,"href":"https:\/\/www.tabloideinformativo.com\/index.php?rest_route=\/wp\/v2\/users\/2"}],"replies":[{"embeddable":true,"href":"https:\/\/www.tabloideinformativo.com\/index.php?rest_route=%2Fwp%2Fv2%2Fcomments&post=83798"}],"version-history":[{"count":0,"href":"https:\/\/www.tabloideinformativo.com\/index.php?rest_route=\/wp\/v2\/posts\/83798\/revisions"}],"wp:featuredmedia":[{"embeddable":true,"href":"https:\/\/www.tabloideinformativo.com\/index.php?rest_route=\/wp\/v2\/media\/69902"}],"wp:attachment":[{"href":"https:\/\/www.tabloideinformativo.com\/index.php?rest_route=%2Fwp%2Fv2%2Fmedia&parent=83798"}],"wp:term":[{"taxonomy":"category","embeddable":true,"href":"https:\/\/www.tabloideinformativo.com\/index.php?rest_route=%2Fwp%2Fv2%2Fcategories&post=83798"},{"taxonomy":"post_tag","embeddable":true,"href":"https:\/\/www.tabloideinformativo.com\/index.php?rest_route=%2Fwp%2Fv2%2Ftags&post=83798"}],"curies":[{"name":"wp","href":"https:\/\/api.w.org\/{rel}","templated":true}]}}