{"id":83557,"date":"2026-08-11T12:07:11","date_gmt":"2026-08-11T19:07:11","guid":{"rendered":"https:\/\/www.llamita.mx\/?p=83557"},"modified":"2026-08-11T12:07:11","modified_gmt":"2026-08-11T19:07:11","slug":"atencion-amigos-navojoenses-10","status":"publish","type":"post","link":"https:\/\/www.tabloideinformativo.com\/?p=83557","title":{"rendered":"ATENCI\u00d3N AMIGOS NAVOJOENSES"},"content":{"rendered":"\n<p class=\"wp-block-paragraph\">\ud83d\udcbc\u2728 \u00a1Nueva Feria Nacional de Empleo para las Juventudes 2026 en Navojoa!<\/p>\n\n\n\n<p class=\"wp-block-paragraph\">Este 26 de agosto, de 9:00 a.m. a 2:00 p.m., en la Universidad Estatal de Sonora (UES), podr\u00e1s encontrar m\u00e1s de 500 vacantes y conocer oportunidades de m\u00e1s de 20 empresas.<\/p>\n\n\n\n<p class=\"wp-block-paragraph\">\ud83e\udd1d Seguimos impulsando oportunidades para que las y los j\u00f3venes de Navojoa encuentren empleo y construyan un mejor futuro.<\/p>\n\n\n\n<p class=\"wp-block-paragraph\">\ud83d\udccd UES Navojoa.<\/p>\n\n\n\n<figure class=\"wp-block-gallery has-nested-images columns-default is-cropped wp-block-gallery-1 is-layout-flex wp-block-gallery-is-layout-flex\">\n<figure class=\"wp-block-image size-large\"><img data-recalc-dims=\"1\" loading=\"lazy\" decoding=\"async\" width=\"640\" height=\"800\" data-id=\"83558\" src=\"https:\/\/i0.wp.com\/www.tabloideinformativo.com\/wp-content\/uploads\/2026\/08\/1000280120.jpg?resize=640%2C800&#038;ssl=1\" alt=\"\" class=\"wp-image-83558\" srcset=\"https:\/\/i0.wp.com\/www.tabloideinformativo.com\/wp-content\/uploads\/2026\/08\/1000280120.jpg?resize=819%2C1024&amp;ssl=1 819w, https:\/\/i0.wp.com\/www.tabloideinformativo.com\/wp-content\/uploads\/2026\/08\/1000280120.jpg?resize=240%2C300&amp;ssl=1 240w, https:\/\/i0.wp.com\/www.tabloideinformativo.com\/wp-content\/uploads\/2026\/08\/1000280120.jpg?resize=768%2C961&amp;ssl=1 768w, https:\/\/i0.wp.com\/www.tabloideinformativo.com\/wp-content\/uploads\/2026\/08\/1000280120.jpg?resize=1228%2C1536&amp;ssl=1 1228w, https:\/\/i0.wp.com\/www.tabloideinformativo.com\/wp-content\/uploads\/2026\/08\/1000280120.jpg?resize=1024%2C1281&amp;ssl=1 1024w, https:\/\/i0.wp.com\/www.tabloideinformativo.com\/wp-content\/uploads\/2026\/08\/1000280120.jpg?w=1279&amp;ssl=1 1279w\" sizes=\"auto, (max-width: 640px) 100vw, 640px\" \/><\/figure>\n<\/figure>\n","protected":false},"excerpt":{"rendered":"<p>\ud83d\udcbc\u2728 \u00a1Nueva Feria Nacional de Empleo para las Juventudes 2026 en Navojoa! Este 26 de&#8230;<\/p>\n","protected":false},"author":2,"featured_media":83558,"comment_status":"open","ping_status":"open","sticky":false,"template":"","format":"standard","meta":{"_jetpack_newsletter_access":"","_jetpack_dont_email_post_to_subs":false,"_jetpack_newsletter_tier_id":0,"_jetpack_memberships_contains_paywalled_content":false,"_jetpack_feature_clip_id":0,"_jetpack_memberships_contains_paid_content":false,"footnotes":"","jetpack_post_was_ever_published":false},"categories":[22,26],"tags":[],"class_list":["post-83557","post","type-post","status-publish","format-standard","has-post-thumbnail","hentry","category-navojoa","category-principal"],"featured_image_urls":{"full":["https:\/\/i0.wp.com\/www.tabloideinformativo.com\/wp-content\/uploads\/2026\/08\/1000280120.jpg?fit=1279%2C1600&ssl=1",1279,1600,false],"thumbnail":["https:\/\/i0.wp.com\/www.tabloideinformativo.com\/wp-content\/uploads\/2026\/08\/1000280120.jpg?resize=150%2C150&ssl=1",150,150,true],"medium":["https:\/\/i0.wp.com\/www.tabloideinformativo.com\/wp-content\/uploads\/2026\/08\/1000280120.jpg?fit=240%2C300&ssl=1",240,300,true],"medium_large":["https:\/\/i0.wp.com\/www.tabloideinformativo.com\/wp-content\/uploads\/2026\/08\/1000280120.jpg?fit=640%2C801&ssl=1",640,801,true],"large":["https:\/\/i0.wp.com\/www.tabloideinformativo.com\/wp-content\/uploads\/2026\/08\/1000280120.jpg?fit=640%2C800&ssl=1",640,800,true],"1536x1536":["https:\/\/i0.wp.com\/www.tabloideinformativo.com\/wp-content\/uploads\/2026\/08\/1000280120.jpg?fit=1228%2C1536&ssl=1",1228,1536,true],"2048x2048":["https:\/\/i0.wp.com\/www.tabloideinformativo.com\/wp-content\/uploads\/2026\/08\/1000280120.jpg?fit=1279%2C1600&ssl=1",1279,1600,true],"covernews-featured":["https:\/\/i0.wp.com\/www.tabloideinformativo.com\/wp-content\/uploads\/2026\/08\/1000280120.jpg?fit=1024%2C1281&ssl=1",1024,1281,true],"covernews-medium":["https:\/\/i0.wp.com\/www.tabloideinformativo.com\/wp-content\/uploads\/2026\/08\/1000280120.jpg?resize=540%2C340&ssl=1",540,340,true]},"author_info":{"display_name":"Administrador","author_link":"https:\/\/www.tabloideinformativo.com\/?author=2"},"category_info":"<a href=\"https:\/\/www.tabloideinformativo.com\/?cat=22\" rel=\"category\">NAVOJOA<\/a> <a href=\"https:\/\/www.tabloideinformativo.com\/?cat=26\" rel=\"category\">PRINCIPAL<\/a>","tag_info":"PRINCIPAL","comment_count":"0","jetpack_sharing_enabled":true,"jetpack_likes_enabled":true,"jetpack_featured_media_url":"https:\/\/i0.wp.com\/www.tabloideinformativo.com\/wp-content\/uploads\/2026\/08\/1000280120.jpg?fit=1279%2C1600&ssl=1","_links":{"self":[{"href":"https:\/\/www.tabloideinformativo.com\/index.php?rest_route=\/wp\/v2\/posts\/83557","targetHints":{"allow":["GET"]}}],"collection":[{"href":"https:\/\/www.tabloideinformativo.com\/index.php?rest_route=\/wp\/v2\/posts"}],"about":[{"href":"https:\/\/www.tabloideinformativo.com\/index.php?rest_route=\/wp\/v2\/types\/post"}],"author":[{"embeddable":true,"href":"https:\/\/www.tabloideinformativo.com\/index.php?rest_route=\/wp\/v2\/users\/2"}],"replies":[{"embeddable":true,"href":"https:\/\/www.tabloideinformativo.com\/index.php?rest_route=%2Fwp%2Fv2%2Fcomments&post=83557"}],"version-history":[{"count":0,"href":"https:\/\/www.tabloideinformativo.com\/index.php?rest_route=\/wp\/v2\/posts\/83557\/revisions"}],"wp:featuredmedia":[{"embeddable":true,"href":"https:\/\/www.tabloideinformativo.com\/index.php?rest_route=\/wp\/v2\/media\/83558"}],"wp:attachment":[{"href":"https:\/\/www.tabloideinformativo.com\/index.php?rest_route=%2Fwp%2Fv2%2Fmedia&parent=83557"}],"wp:term":[{"taxonomy":"category","embeddable":true,"href":"https:\/\/www.tabloideinformativo.com\/index.php?rest_route=%2Fwp%2Fv2%2Fcategories&post=83557"},{"taxonomy":"post_tag","embeddable":true,"href":"https:\/\/www.tabloideinformativo.com\/index.php?rest_route=%2Fwp%2Fv2%2Ftags&post=83557"}],"curies":[{"name":"wp","href":"https:\/\/api.w.org\/{rel}","templated":true}]}}