{"id":83495,"date":"2026-08-10T08:41:00","date_gmt":"2026-08-10T15:41:00","guid":{"rendered":"https:\/\/www.llamita.mx\/?p=83495"},"modified":"2026-08-10T08:41:00","modified_gmt":"2026-08-10T15:41:00","slug":"etchojoa-es-sede-de-asamblea-regional-de-consulta-para-fortalecer-los-derechos-de-los-pueblos-originarios-yoremes-mayos","status":"publish","type":"post","link":"https:\/\/www.tabloideinformativo.com\/?p=83495","title":{"rendered":"Etchojoa es sede de Asamblea Regional de Consulta para fortalecer los derechos de los pueblos originarios Yoremes &#8211; Mayos"},"content":{"rendered":"\n<p class=\"wp-block-paragraph\">Etchojoa, Son.- Con la participaci\u00f3n de autoridades tradicionales, representantes comunitarios, instituciones de los tres \u00f3rdenes de gobierno, legisladores y especialistas, se llev\u00f3 a cabo en Etchojoa la Asamblea Regional de Consulta Previa, Libre e Informada sobre la propuesta de Iniciativa de Ley General de Derechos de los Pueblos Ind\u00edgenas y Afromexicanos, correspondiente a la Regi\u00f3n Mayo de Sonora.<\/p>\n\n\n\n<p class=\"wp-block-paragraph\">La sede de Etchojoa forma parte del proceso nacional de consulta convocado por el Gobierno de M\u00e9xico que Preside Claudia Sheinbaum Pardo, a trav\u00e9s de la Secretar\u00eda de Gobernaci\u00f3n, la Consejer\u00eda Jur\u00eddica del Ejecutivo Federal y el Instituto Nacional de los Pueblos Ind\u00edgenas (INPI).<\/p>\n\n\n\n<p class=\"wp-block-paragraph\">Durante el encuentro, V\u00edctor Mart\u00edn C\u00e9rbulo P\u00e9rez, Director del Programa de Apoyo a la Educaci\u00f3n Ind\u00edgena del #INPI, destac\u00f3 la importancia de generar espacios donde las comunidades ind\u00edgenas participen directamente en la construcci\u00f3n de las pol\u00edticas y disposiciones que inciden en sus derechos.<\/p>\n\n\n\n<p class=\"wp-block-paragraph\">C\u00e9rbulo P\u00e9rez cuenta con experiencia al frente del PAEI, programa orientado a favorecer la permanencia educativa de ni\u00f1as, ni\u00f1os y j\u00f3venes ind\u00edgenas y afromexicanos mediante servicios de alimentaci\u00f3n, hospedaje y diversos apoyos.<\/p>\n\n\n\n<p class=\"wp-block-paragraph\">Por su parte, Luis Enrique Cordero Aguilar, vinculado al \u00e1mbito de la justicia ind\u00edgena y quien ha presidido la Sala de Justicia Ind\u00edgena y Quinta Sala Penal del Poder Judicial de Oaxaca, abord\u00f3 la relevancia de reconocer los sistemas jur\u00eddicos propios de los pueblos originarios y fortalecer el acceso efectivo a la justicia con perspectiva intercultural.<\/p>\n\n\n\n<p class=\"wp-block-paragraph\">Su participaci\u00f3n se relacion\u00f3 con uno de los ejes centrales de la consulta, justicia y jurisdicci\u00f3n ind\u00edgena.<\/p>\n\n\n\n<p class=\"wp-block-paragraph\">En representaci\u00f3n del Gobernador Alfonso Durazo Monta\u00f1o, el Ing. Jos\u00e9 Mart\u00edn V\u00e9lez de la Rocha, coordinador de la Comisi\u00f3n Estatal para el Desarrollo de los Pueblos y Comunidades Ind\u00edgenas (CEDIS Sonora), destac\u00f3 la importancia de que las instituciones mantengan un di\u00e1logo permanente y directo con las comunidades originarias.<\/p>\n\n\n\n<p class=\"wp-block-paragraph\">Inform\u00f3 que el Gobierno del Estado de Sonora mantiene el compromiso de acompa\u00f1ar estos procesos de consulta y fortalecer la coordinaci\u00f3n con las comunidades, respetando su identidad, autonom\u00eda, cultura y formas de organizaci\u00f3n.<\/p>\n\n\n\n<p class=\"wp-block-paragraph\">El Alcalde de Etchojoa, Ing. Luis Arturo Robles Higuera, resalt\u00f3 la importancia de que el municipio sea sede de este ejercicio de di\u00e1logo y participaci\u00f3n, adem\u00e1s el valor de acercar las instituciones a las comunidades y generar condiciones para que las propuestas de los ind\u00edgenas Mayos sean escuchadas directamente en las mesas de trabajo.<\/p>\n\n\n\n<p class=\"wp-block-paragraph\">La diputada federal Alma Higuera Esquer, originaria de El Sahuaral, Etchojoa, reconoci\u00f3 la participaci\u00f3n de las autoridades y representantes de la Etnia Mayo, as\u00ed como los esfuerzos que se realizan desde las instituciones para fortalecer el di\u00e1logo con los pueblos originarios de la regi\u00f3n.<\/p>\n\n\n\n<p class=\"wp-block-paragraph\">Jose Felix Gomez Anduro, Rector de la UTEtchojoa reconoci\u00f3 los esfuerzos que se han realizado en beneficio de la comunidad y los pueblos ind\u00edgenas.<\/p>\n\n\n\n<p class=\"wp-block-paragraph\">Reconoci\u00f3 que este tipo de encuentros logr\u00f3 que ahora etchojoa contara con un Hospital Universitario junto a la instituci\u00f3n, donde se invertir\u00e1 m\u00e1s de 500 millones de pesos.<\/p>\n\n\n\n<p class=\"wp-block-paragraph\">Durante la Asamblea Regional, Niza Casta\u00f1eda Carranza, representante de la Oficina del Alto Comisionado de las Naciones Unidas en M\u00e9xico, destac\u00f3 la relevancia de que los pueblos y comunidades ind\u00edgenas participen de manera libre, previa e informada en los procesos relacionados con las decisiones y reformas que impactan directamente en sus derechos.<\/p>\n\n\n\n<p class=\"wp-block-paragraph\">La instalaci\u00f3n oficial de los trabajos estuvo a cargo de Amed Roberto Ram\u00edrez, representante de la Secretar\u00eda de Gobernaci\u00f3n, quien particip\u00f3 en el segmento inaugural y dio paso formal a los trabajos de esta Asamblea Regional.<\/p>\n\n\n\n<p class=\"wp-block-paragraph\">Carlos Arnulfo Corral Alday, titular de la Oficina de Representaci\u00f3n del Instituto Nacional de los Pueblos Ind\u00edgenas en Sonora (INPI) en Sonora, quien acompa\u00f1\u00f3 los trabajos de esta Asamblea Regional donde destac\u00f3 la importancia de mantener un di\u00e1logo directo con las autoridades tradicionales y representantes del Pueblo Mayo, como parte del proceso de consulta para fortalecer el reconocimiento y ejercicio de sus derechos.<\/p>\n\n\n\n<p class=\"wp-block-paragraph\">Tambi\u00e9n estuvo presente el Diputado Local Profe Pr\u00f3spero Valenzuela Mu\u00f1er, Presidente de la Comisi\u00f3n de Asuntos Ind\u00edgenas en el H. Congreso del Estado de Sonora.<\/p>\n\n\n\n<p class=\"wp-block-paragraph\">Uno de los puntos centrales de la jornada fue la instalaci\u00f3n de ocho mesas de trabajo, en las que autoridades y representantes comunitarios analizaron distintos ejes de la propuesta:<\/p>\n\n\n\n<p class=\"wp-block-paragraph\">1. Pueblos y comunidades ind\u00edgenas como sujetos de derecho p\u00fablico.<br>2. Libre determinaci\u00f3n y autonom\u00eda de los pueblos ind\u00edgenas, incluyendo sus formas e instituciones de gobierno.<br>3. Justicia y jurisdicci\u00f3n ind\u00edgena y acceso efectivo a la jurisdicci\u00f3n del Estado.<br>4. Propiedad comunal tradicional e integridad de las tierras, territorios, medio ambiente y recursos naturales.<br>5. Patrimonio cultural, propiedad intelectual colectiva, lenguas ind\u00edgenas, educaci\u00f3n y salud, incluida la medicina y parter\u00eda tradicional.<br>6. Desarrollo integral, intercultural y sostenible, adem\u00e1s de comunicaci\u00f3n, radiodifusi\u00f3n, telecomunicaciones y tecnolog\u00edas de la informaci\u00f3n.<br>7. Derechos de las mujeres, ni\u00f1as, ni\u00f1os, adolescentes y juventudes ind\u00edgenas y afromexicanas.<br>8. Derechos de personas migrantes, adultas mayores y personas con discapacidad, as\u00ed como responsabilidades, procedimientos, delitos, sanciones y juicio de amparo ind\u00edgena y afromexicano.<\/p>\n\n\n\n<figure class=\"wp-block-gallery has-nested-images columns-default is-cropped wp-block-gallery-1 is-layout-flex wp-block-gallery-is-layout-flex\">\n<figure class=\"wp-block-image size-large\"><img data-recalc-dims=\"1\" height=\"427\" width=\"640\" decoding=\"async\" data-id=\"83496\" src=\"https:\/\/i0.wp.com\/www.tabloideinformativo.com\/wp-content\/uploads\/2026\/08\/1000279692-1024x683.jpg?resize=640%2C427&#038;ssl=1\" alt=\"\" class=\"wp-image-83496\"\/><\/figure>\n\n\n\n<figure class=\"wp-block-image size-large\"><img data-recalc-dims=\"1\" height=\"427\" width=\"640\" decoding=\"async\" data-id=\"83497\" src=\"https:\/\/i0.wp.com\/www.tabloideinformativo.com\/wp-content\/uploads\/2026\/08\/1000279688-1024x683.jpg?resize=640%2C427&#038;ssl=1\" alt=\"\" class=\"wp-image-83497\"\/><\/figure>\n\n\n\n<figure class=\"wp-block-image size-large\"><img data-recalc-dims=\"1\" height=\"427\" width=\"640\" decoding=\"async\" data-id=\"83498\" src=\"https:\/\/i0.wp.com\/www.tabloideinformativo.com\/wp-content\/uploads\/2026\/08\/1000279673-1024x683.jpg?resize=640%2C427&#038;ssl=1\" alt=\"\" class=\"wp-image-83498\"\/><\/figure>\n\n\n\n<figure class=\"wp-block-image size-large\"><img data-recalc-dims=\"1\" loading=\"lazy\" decoding=\"async\" width=\"640\" height=\"427\" data-id=\"83499\" src=\"https:\/\/i0.wp.com\/www.tabloideinformativo.com\/wp-content\/uploads\/2026\/08\/1000279672.jpg?resize=640%2C427&#038;ssl=1\" alt=\"\" class=\"wp-image-83499\" srcset=\"https:\/\/i0.wp.com\/www.tabloideinformativo.com\/wp-content\/uploads\/2026\/08\/1000279672.jpg?resize=1024%2C683&amp;ssl=1 1024w, https:\/\/i0.wp.com\/www.tabloideinformativo.com\/wp-content\/uploads\/2026\/08\/1000279672.jpg?resize=300%2C200&amp;ssl=1 300w, https:\/\/i0.wp.com\/www.tabloideinformativo.com\/wp-content\/uploads\/2026\/08\/1000279672.jpg?resize=768%2C512&amp;ssl=1 768w, https:\/\/i0.wp.com\/www.tabloideinformativo.com\/wp-content\/uploads\/2026\/08\/1000279672.jpg?w=1280&amp;ssl=1 1280w\" sizes=\"auto, (max-width: 640px) 100vw, 640px\" \/><\/figure>\n\n\n\n<figure class=\"wp-block-image size-large\"><img data-recalc-dims=\"1\" height=\"427\" width=\"640\" decoding=\"async\" data-id=\"83500\" src=\"https:\/\/i0.wp.com\/www.tabloideinformativo.com\/wp-content\/uploads\/2026\/08\/1000279693-1024x683.jpg?resize=640%2C427&#038;ssl=1\" alt=\"\" class=\"wp-image-83500\"\/><\/figure>\n\n\n\n<figure class=\"wp-block-image size-large\"><img data-recalc-dims=\"1\" height=\"427\" width=\"640\" decoding=\"async\" data-id=\"83501\" src=\"https:\/\/i0.wp.com\/www.tabloideinformativo.com\/wp-content\/uploads\/2026\/08\/1000279705-1024x683.jpg?resize=640%2C427&#038;ssl=1\" alt=\"\" class=\"wp-image-83501\"\/><\/figure>\n\n\n\n<figure class=\"wp-block-image size-large\"><img data-recalc-dims=\"1\" height=\"427\" width=\"640\" decoding=\"async\" data-id=\"83502\" src=\"https:\/\/i0.wp.com\/www.tabloideinformativo.com\/wp-content\/uploads\/2026\/08\/1000279706-1024x683.jpg?resize=640%2C427&#038;ssl=1\" alt=\"\" class=\"wp-image-83502\"\/><\/figure>\n<\/figure>\n","protected":false},"excerpt":{"rendered":"<p>Etchojoa, Son.- Con la participaci\u00f3n de autoridades tradicionales, representantes comunitarios, instituciones de los tres \u00f3rdenes&#8230;<\/p>\n","protected":false},"author":2,"featured_media":83494,"comment_status":"open","ping_status":"open","sticky":false,"template":"","format":"standard","meta":{"_jetpack_newsletter_access":"","_jetpack_dont_email_post_to_subs":false,"_jetpack_newsletter_tier_id":0,"_jetpack_memberships_contains_paywalled_content":false,"_jetpack_feature_clip_id":0,"_jetpack_memberships_contains_paid_content":false,"footnotes":"","jetpack_post_was_ever_published":false},"categories":[12,26],"tags":[],"class_list":["post-83495","post","type-post","status-publish","format-standard","has-post-thumbnail","hentry","category-etchojoa","category-principal"],"featured_image_urls":{"full":["https:\/\/i0.wp.com\/www.tabloideinformativo.com\/wp-content\/uploads\/2026\/08\/1000279676.jpg?fit=1280%2C854&ssl=1",1280,854,false],"thumbnail":["https:\/\/i0.wp.com\/www.tabloideinformativo.com\/wp-content\/uploads\/2026\/08\/1000279676.jpg?resize=150%2C150&ssl=1",150,150,true],"medium":["https:\/\/i0.wp.com\/www.tabloideinformativo.com\/wp-content\/uploads\/2026\/08\/1000279676.jpg?fit=300%2C200&ssl=1",300,200,true],"medium_large":["https:\/\/i0.wp.com\/www.tabloideinformativo.com\/wp-content\/uploads\/2026\/08\/1000279676.jpg?fit=640%2C427&ssl=1",640,427,true],"large":["https:\/\/i0.wp.com\/www.tabloideinformativo.com\/wp-content\/uploads\/2026\/08\/1000279676.jpg?fit=640%2C427&ssl=1",640,427,true],"1536x1536":["https:\/\/i0.wp.com\/www.tabloideinformativo.com\/wp-content\/uploads\/2026\/08\/1000279676.jpg?fit=1280%2C854&ssl=1",1280,854,true],"2048x2048":["https:\/\/i0.wp.com\/www.tabloideinformativo.com\/wp-content\/uploads\/2026\/08\/1000279676.jpg?fit=1280%2C854&ssl=1",1280,854,true],"covernews-featured":["https:\/\/i0.wp.com\/www.tabloideinformativo.com\/wp-content\/uploads\/2026\/08\/1000279676.jpg?fit=1024%2C683&ssl=1",1024,683,true],"covernews-medium":["https:\/\/i0.wp.com\/www.tabloideinformativo.com\/wp-content\/uploads\/2026\/08\/1000279676.jpg?resize=540%2C340&ssl=1",540,340,true]},"author_info":{"display_name":"Administrador","author_link":"https:\/\/www.tabloideinformativo.com\/?author=2"},"category_info":"<a href=\"https:\/\/www.tabloideinformativo.com\/?cat=12\" rel=\"category\">ETCHOJOA<\/a> <a href=\"https:\/\/www.tabloideinformativo.com\/?cat=26\" rel=\"category\">PRINCIPAL<\/a>","tag_info":"PRINCIPAL","comment_count":"0","jetpack_sharing_enabled":true,"jetpack_likes_enabled":true,"jetpack_featured_media_url":"https:\/\/i0.wp.com\/www.tabloideinformativo.com\/wp-content\/uploads\/2026\/08\/1000279676.jpg?fit=1280%2C854&ssl=1","_links":{"self":[{"href":"https:\/\/www.tabloideinformativo.com\/index.php?rest_route=\/wp\/v2\/posts\/83495","targetHints":{"allow":["GET"]}}],"collection":[{"href":"https:\/\/www.tabloideinformativo.com\/index.php?rest_route=\/wp\/v2\/posts"}],"about":[{"href":"https:\/\/www.tabloideinformativo.com\/index.php?rest_route=\/wp\/v2\/types\/post"}],"author":[{"embeddable":true,"href":"https:\/\/www.tabloideinformativo.com\/index.php?rest_route=\/wp\/v2\/users\/2"}],"replies":[{"embeddable":true,"href":"https:\/\/www.tabloideinformativo.com\/index.php?rest_route=%2Fwp%2Fv2%2Fcomments&post=83495"}],"version-history":[{"count":0,"href":"https:\/\/www.tabloideinformativo.com\/index.php?rest_route=\/wp\/v2\/posts\/83495\/revisions"}],"wp:featuredmedia":[{"embeddable":true,"href":"https:\/\/www.tabloideinformativo.com\/index.php?rest_route=\/wp\/v2\/media\/83494"}],"wp:attachment":[{"href":"https:\/\/www.tabloideinformativo.com\/index.php?rest_route=%2Fwp%2Fv2%2Fmedia&parent=83495"}],"wp:term":[{"taxonomy":"category","embeddable":true,"href":"https:\/\/www.tabloideinformativo.com\/index.php?rest_route=%2Fwp%2Fv2%2Fcategories&post=83495"},{"taxonomy":"post_tag","embeddable":true,"href":"https:\/\/www.tabloideinformativo.com\/index.php?rest_route=%2Fwp%2Fv2%2Ftags&post=83495"}],"curies":[{"name":"wp","href":"https:\/\/api.w.org\/{rel}","templated":true}]}}