{"id":80607,"date":"2026-05-25T22:02:00","date_gmt":"2026-05-26T05:02:00","guid":{"rendered":"https:\/\/www.agenciaice.mx\/?p=68562"},"modified":"2026-05-25T22:02:00","modified_gmt":"2026-05-26T05:02:00","slug":"pronostica-cepc-tardes-calurosas-y-rachas-de-viento-en-sonora","status":"publish","type":"post","link":"https:\/\/www.tabloideinformativo.com\/?p=80607","title":{"rendered":"PRONOSTICA CEPC TARDES CALUROSAS Y RACHAS DE VIENTO EN SONORA"},"content":{"rendered":"\n<figure class=\"wp-block-image size-large\"><img data-recalc-dims=\"1\" height=\"454\" width=\"640\" decoding=\"async\" src=\"https:\/\/i0.wp.com\/www.tabloideinformativo.com\/wp-content\/uploads\/2026\/05\/clima2-2.jpeg?resize=640%2C454&#038;ssl=1\" alt=\"\" class=\"wp-image-68564\"\/><\/figure>\n\n\n\n<p class=\"wp-block-paragraph\"><\/p>\n\n\n\n<p class=\"wp-block-paragraph\"><strong><em>Hermosillo, Sonora.-<\/em><\/strong> El Gobierno de Sonora, a trav\u00e9s de la Coordinaci\u00f3n Estatal de Protecci\u00f3n Civil (CEPC) en Sonora, informa que en el Estado se espera este d\u00eda y durante la primera mitad de esta semana un ambiente mayormente estable, con cielos mayormente despejados y sin probabilidad de lluvias, de acuerdo con los pron\u00f3sticos meteorol\u00f3gicos.<\/p>\n\n\n\n<p class=\"wp-block-paragraph\">Las condiciones atmosf\u00e9ricas favorecer\u00e1n un ambiente seco y caluroso durante la tarde, especialmente en regiones del centro, noroeste y sur del Estado, donde las temperaturas continuar\u00e1n elevadas debido a la persistencia de aire c\u00e1lido sobre gran parte del territorio sonorense.<\/p>\n\n\n\n<p class=\"wp-block-paragraph\">Adem\u00e1s, hay posibilidad de condiciones ventosas en distintos municipios del noreste, norte, centro, este y sur de Sonora, donde podr\u00edan presentarse rachas fuertes de viento superiores a los 65 kil\u00f3metros por hora.<\/p>\n\n\n\n<p class=\"wp-block-paragraph\">Estas condiciones podr\u00edan generar tolvaneras en carreteras y reducci\u00f3n de visibilidad en zonas des\u00e9rticas y serranas.<\/p>\n\n\n\n<p class=\"wp-block-paragraph\"><strong>\u2014Se recomienda a la poblaci\u00f3n:<\/strong><\/p>\n\n\n\n<ul class=\"wp-block-list\">\n<li>Evitar la exposici\u00f3n prolongada al sol durante las horas de mayor intensidad<\/li>\n\n\n\n<li>Mantenerse bien hidratados<\/li>\n\n\n\n<li>Extremar precauciones al conducir en zonas con presencia de polvo y fuertes vientos<\/li>\n\n\n\n<li>Asegurar objetos ligeros que puedan ser desplazados por las r\u00e1fagas<\/li>\n<\/ul>\n\n\n\n<p class=\"wp-block-paragraph\">Y ante cualquier emergencia, se recomienda utilizar de inmediato la l\u00ednea telef\u00f3nica 9-1-1.<\/p>\n","protected":false},"excerpt":{"rendered":"<p>Hermosillo, Sonora.- El Gobierno de Sonora, a trav\u00e9s de la Coordinaci\u00f3n Estatal de Protecci\u00f3n Civil&#8230;<\/p>\n","protected":false},"author":2,"featured_media":80625,"comment_status":"closed","ping_status":"closed","sticky":false,"template":"","format":"standard","meta":{"_jetpack_newsletter_access":"","_jetpack_dont_email_post_to_subs":false,"_jetpack_newsletter_tier_id":0,"_jetpack_memberships_contains_paywalled_content":false,"_jetpack_feature_clip_id":0,"_jetpack_memberships_contains_paid_content":false,"footnotes":"","jetpack_post_was_ever_published":false},"categories":[11],"tags":[],"class_list":["post-80607","post","type-post","status-publish","format-standard","has-post-thumbnail","hentry","category-estatal"],"featured_image_urls":{"full":["https:\/\/i0.wp.com\/www.tabloideinformativo.com\/wp-content\/uploads\/2026\/05\/clima1-2.jpeg?fit=1137%2C973&ssl=1",1137,973,false],"thumbnail":["https:\/\/i0.wp.com\/www.tabloideinformativo.com\/wp-content\/uploads\/2026\/05\/clima1-2.jpeg?resize=150%2C150&ssl=1",150,150,true],"medium":["https:\/\/i0.wp.com\/www.tabloideinformativo.com\/wp-content\/uploads\/2026\/05\/clima1-2.jpeg?fit=300%2C257&ssl=1",300,257,true],"medium_large":["https:\/\/i0.wp.com\/www.tabloideinformativo.com\/wp-content\/uploads\/2026\/05\/clima1-2.jpeg?fit=640%2C548&ssl=1",640,548,true],"large":["https:\/\/i0.wp.com\/www.tabloideinformativo.com\/wp-content\/uploads\/2026\/05\/clima1-2.jpeg?fit=640%2C548&ssl=1",640,548,true],"1536x1536":["https:\/\/i0.wp.com\/www.tabloideinformativo.com\/wp-content\/uploads\/2026\/05\/clima1-2.jpeg?fit=1137%2C973&ssl=1",1137,973,true],"2048x2048":["https:\/\/i0.wp.com\/www.tabloideinformativo.com\/wp-content\/uploads\/2026\/05\/clima1-2.jpeg?fit=1137%2C973&ssl=1",1137,973,true],"covernews-featured":["https:\/\/i0.wp.com\/www.tabloideinformativo.com\/wp-content\/uploads\/2026\/05\/clima1-2.jpeg?fit=1024%2C876&ssl=1",1024,876,true],"covernews-medium":["https:\/\/i0.wp.com\/www.tabloideinformativo.com\/wp-content\/uploads\/2026\/05\/clima1-2.jpeg?resize=540%2C340&ssl=1",540,340,true]},"author_info":{"display_name":"Administrador","author_link":"https:\/\/www.tabloideinformativo.com\/?author=2"},"category_info":"<a href=\"https:\/\/www.tabloideinformativo.com\/?cat=11\" rel=\"category\">ESTATAL<\/a>","tag_info":"ESTATAL","comment_count":"0","jetpack_sharing_enabled":true,"jetpack_likes_enabled":true,"jetpack_featured_media_url":"https:\/\/i0.wp.com\/www.tabloideinformativo.com\/wp-content\/uploads\/2026\/05\/clima1-2.jpeg?fit=1137%2C973&ssl=1","_links":{"self":[{"href":"https:\/\/www.tabloideinformativo.com\/index.php?rest_route=\/wp\/v2\/posts\/80607","targetHints":{"allow":["GET"]}}],"collection":[{"href":"https:\/\/www.tabloideinformativo.com\/index.php?rest_route=\/wp\/v2\/posts"}],"about":[{"href":"https:\/\/www.tabloideinformativo.com\/index.php?rest_route=\/wp\/v2\/types\/post"}],"author":[{"embeddable":true,"href":"https:\/\/www.tabloideinformativo.com\/index.php?rest_route=\/wp\/v2\/users\/2"}],"replies":[{"embeddable":true,"href":"https:\/\/www.tabloideinformativo.com\/index.php?rest_route=%2Fwp%2Fv2%2Fcomments&post=80607"}],"version-history":[{"count":0,"href":"https:\/\/www.tabloideinformativo.com\/index.php?rest_route=\/wp\/v2\/posts\/80607\/revisions"}],"wp:featuredmedia":[{"embeddable":true,"href":"https:\/\/www.tabloideinformativo.com\/index.php?rest_route=\/wp\/v2\/media\/80625"}],"wp:attachment":[{"href":"https:\/\/www.tabloideinformativo.com\/index.php?rest_route=%2Fwp%2Fv2%2Fmedia&parent=80607"}],"wp:term":[{"taxonomy":"category","embeddable":true,"href":"https:\/\/www.tabloideinformativo.com\/index.php?rest_route=%2Fwp%2Fv2%2Fcategories&post=80607"},{"taxonomy":"post_tag","embeddable":true,"href":"https:\/\/www.tabloideinformativo.com\/index.php?rest_route=%2Fwp%2Fv2%2Ftags&post=80607"}],"curies":[{"name":"wp","href":"https:\/\/api.w.org\/{rel}","templated":true}]}}