{"id":80147,"date":"2026-04-30T22:05:30","date_gmt":"2026-05-01T05:05:30","guid":{"rendered":"https:\/\/www.agenciaice.mx\/?p=68020"},"modified":"2026-05-01T21:43:43","modified_gmt":"2026-05-02T04:43:43","slug":"aprueba-congreso-de-sonora-ley-para-personas-migrantes-atiende-amparo-y-concluye-periodo-ordinario","status":"publish","type":"post","link":"https:\/\/www.tabloideinformativo.com\/?p=80147","title":{"rendered":"APRUEBA CONGRESO DE SONORA LEY PARA PERSONAS MIGRANTES, ATIENDE AMPARO Y CONCLUYE PERIODO ORDINARIO"},"content":{"rendered":"\n<figure class=\"wp-block-image size-large\"><img data-recalc-dims=\"1\" height=\"359\" width=\"640\" decoding=\"async\" src=\"https:\/\/i0.wp.com\/www.tabloideinformativo.com\/wp-content\/uploads\/2026\/04\/congreso-2-1.jpg?resize=640%2C359&#038;ssl=1\" alt=\"\" class=\"wp-image-68022\"\/><\/figure>\n\n\n\n<p><\/p>\n\n\n\n<p><strong><em>Hermosillo, Sonora.-<\/em><\/strong> El Pleno del Congreso del Estado de Sonora aprob\u00f3 la Ley para la Protecci\u00f3n de los Derechos Humanos y Atenci\u00f3n de las Personas Migrantes; dio cumplimiento a un amparo mediante la asignaci\u00f3n de recursos presupuestales y emiti\u00f3 un exhorto a autoridades municipales y de fiscalizaci\u00f3n. Asimismo, aval\u00f3 diversas iniciativas en materia penal, certificaci\u00f3n de servidores p\u00fablicos, protecci\u00f3n del equipamiento urbano, regulaci\u00f3n del hospedaje temporal y sanci\u00f3n administrativa por acoso y hostigamiento sexual. Finalmente, turn\u00f3 iniciativas a comisiones y clausur\u00f3 el periodo ordinario de sesiones del segundo a\u00f1o de ejercicio constitucional de la 64 Legislatura.<\/p>\n\n\n\n<p>La diputada Azalia Guevara Espinoza y el diputado David Figueroa Ortega, ambos del PVEM, dieron lectura al dictamen de la Comisi\u00f3n de Asuntos Internacionales, Fronterizos y Atenci\u00f3n al Migrante, relativo a la Ley para la Protecci\u00f3n de los Derechos Humanos y Atenci\u00f3n de las Personas Migrantes, el cual establece un marco jur\u00eddico integral que garantiza la protecci\u00f3n, atenci\u00f3n y respeto de los derechos humanos de las personas migrantes, con enfoque humanista y coordinaci\u00f3n institucional.<\/p>\n\n\n\n<p>La diputada Ernestina Castro Valenzuela (Morena) dio lectura al acuerdo presentado por las diputadas y diputados integrantes de la Comisi\u00f3n de R\u00e9gimen Interno y Concertaci\u00f3n Pol\u00edtica y de la Mesa Directiva, mediante el cual se dio cumplimiento a una sentencia de amparo a trav\u00e9s de la asignaci\u00f3n de al menos dos millones de pesos en el Presupuesto de Egresos 2027, destinados al colectivo \u201cConservando los Valores de Familia A. C. (Covafam)\u201d.<\/p>\n\n\n\n<p>La diputada Mar\u00eda Eduwiges Espinoza Tapia (Morena), mediante acuerdo, plante\u00f3 exhortar al Instituto Superior de Auditor\u00eda y Fiscalizaci\u00f3n (ISAF) y al Ayuntamiento de Hermosillo a auditar e informar sobre el programa de declaratoria de abandono de viviendas en la capital, el cual fue declarado inconstitucional por la Suprema Corte de Justicia de la Naci\u00f3n.<\/p>\n\n\n\n<p>La diputada Mar\u00eda Alicia Gayt\u00e1n S\u00e1nchez (Morena) present\u00f3 el dictamen de la Comisi\u00f3n para la Igualdad de G\u00e9nero, que contiene el decreto de reforma al C\u00f3digo Penal del Estado de Sonora, destinado a fortalecer la tipificaci\u00f3n del delito de abuso sexual, ampliar sus supuestos y sanciones, y armonizarlo con est\u00e1ndares nacionales e internacionales de derechos humanos.<\/p>\n\n\n\n<p>En otro tema, la diputada Rebeca Irene Silva Gallardo (NAS) present\u00f3 el dictamen de la Comisi\u00f3n de Presupuestos y Asuntos Municipales, relativo al decreto de reforma a la Ley de Gobierno y Administraci\u00f3n Municipal del Estado de Sonora, que impulsa la certificaci\u00f3n de competencias laborales de personas servidoras p\u00fablicas municipales para mejorar la eficiencia, transparencia y calidad en la administraci\u00f3n p\u00fablica.<\/p>\n\n\n\n<p>En materia municipal, el diputado H\u00e9ctor Ra\u00fal Castelo Monta\u00f1o (Morena) dio lectura al dictamen de la Comisi\u00f3n de Presupuestos y Asuntos Municipales, relativo a la reforma a la Ley de Gobierno y Administraci\u00f3n Municipal para el Estado de Sonora y al C\u00f3digo Penal del Estado de Sonora, con el prop\u00f3sito de fortalecer la protecci\u00f3n del equipamiento urbano mediante la ampliaci\u00f3n del delito de robo y el establecimiento de sanciones m\u00e1s severas.<\/p>\n\n\n\n<p>Enseguida, el diputado Rub\u00e9n Refugio Gonz\u00e1lez Aguayo (PT) ley\u00f3 el dictamen de la Comisi\u00f3n de Fomento Econ\u00f3mico y Turismo, relativo al decreto mediante el cual se establece un marco normativo para regular el hospedaje temporal, garantizando seguridad, certeza jur\u00eddica y equidad fiscal mediante registro obligatorio, licencias y est\u00e1ndares de operaci\u00f3n.<\/p>\n\n\n\n<p>Correspondi\u00f3 al diputado Omar Francisco del Valle Colosio (PVEM) y a la diputada Ros\u00e1ngela Amairany Pe\u00f1a Escalante (PES) dar lectura al dictamen de la Comisi\u00f3n de Anticorrupci\u00f3n, relativo al decreto mediante el cual se reforman disposiciones de la Ley de Responsabilidades y Sanciones de Sonora, que incorpora el acoso y el hostigamiento sexual como faltas administrativas graves y garantiza la aplicaci\u00f3n de la perspectiva de g\u00e9nero y el inter\u00e9s superior de la ni\u00f1ez en los procedimientos administrativos.<\/p>\n\n\n\n<p>La diputada Jazm\u00edn Guadalupe G\u00f3mez Liz\u00e1rraga (PT) dio lectura a la iniciativa presentada por diputadas y diputados de diversas fuerzas pol\u00edticas, de reforma a la Constituci\u00f3n de Sonora, con el prop\u00f3sito de armonizar el marco constitucional estatal con la reforma federal en materia de paridad de g\u00e9nero, igualdad sustantiva y perspectiva de g\u00e9nero, adem\u00e1s de establecer medidas de disciplina presupuestaria y austeridad institucional.<\/p>\n\n\n\n<p>A nombre del grupo parlamentario del PRI, la diputada Iris Fernanda S\u00e1nchez Chiu dio lectura a la iniciativa de reforma a la Ley Org\u00e1nica del Poder Ejecutivo y a la Ley de Promoci\u00f3n y Fomento Minero, a fin de crear la Secretar\u00eda de Miner\u00eda para fortalecer el desarrollo del sector, mejorar su coordinaci\u00f3n institucional y promover una actividad minera sustentable sin incrementar el gasto p\u00fablico.<\/p>\n\n\n\n<p>Por su parte, el diputado Juan Pablo Arenivar Mart\u00ednez (PAN) plante\u00f3 una iniciativa de decreto de reforma a la Ley que declara el D\u00eda Estatal del Pescador, para convertir esa fecha en un instrumento de pol\u00edtica p\u00fablica que obligue a implementar programas de apoyo y rendici\u00f3n de cuentas en beneficio del sector pesquero.<\/p>\n\n\n\n<p>Las iniciativas fueron turnadas a las comisiones de Gobernaci\u00f3n y Puntos Constitucionales, Miner\u00eda y Pesca y Acuacultura para su an\u00e1lisis y, en su caso, dictaminaci\u00f3n.<\/p>\n\n\n\n<p>Antes de clausurar los trabajos de la sesi\u00f3n ordinaria, la presidenta inform\u00f3 que, para el segundo periodo extraordinario del segundo a\u00f1o de ejercicio constitucional, ejercer\u00e1 funciones la misma Mesa Directiva, integrada por la diputada Alejandra L\u00f3pez Noriega, presidenta; la diputada Deni Gast\u00e9lum Barreras, vicepresidenta; el diputado Ferm\u00edn Trujillo Fuentes, secretario; y los diputados \u00d3scar Ortiz Arvayo y Claudia Zulema Bours Corral, como suplentes.<\/p>\n","protected":false},"excerpt":{"rendered":"<p>Hermosillo, Sonora.- El Pleno del Congreso del Estado de Sonora aprob\u00f3 la Ley para la&#8230;<\/p>\n","protected":false},"author":2,"featured_media":80174,"comment_status":"closed","ping_status":"closed","sticky":false,"template":"","format":"standard","meta":{"_jetpack_memberships_contains_paid_content":false,"footnotes":""},"categories":[11,26],"tags":[],"class_list":["post-80147","post","type-post","status-publish","format-standard","has-post-thumbnail","hentry","category-estatal","category-principal"],"jetpack_featured_media_url":"https:\/\/i0.wp.com\/www.tabloideinformativo.com\/wp-content\/uploads\/2026\/04\/congreso-1-4.jpg?fit=2048%2C1152&ssl=1","featured_image_urls":{"full":["https:\/\/i0.wp.com\/www.tabloideinformativo.com\/wp-content\/uploads\/2026\/04\/congreso-1-4.jpg?fit=2048%2C1152&ssl=1",2048,1152,false],"thumbnail":["https:\/\/i0.wp.com\/www.tabloideinformativo.com\/wp-content\/uploads\/2026\/04\/congreso-1-4.jpg?resize=150%2C150&ssl=1",150,150,true],"medium":["https:\/\/i0.wp.com\/www.tabloideinformativo.com\/wp-content\/uploads\/2026\/04\/congreso-1-4.jpg?fit=300%2C169&ssl=1",300,169,true],"medium_large":["https:\/\/i0.wp.com\/www.tabloideinformativo.com\/wp-content\/uploads\/2026\/04\/congreso-1-4.jpg?fit=640%2C360&ssl=1",640,360,true],"large":["https:\/\/i0.wp.com\/www.tabloideinformativo.com\/wp-content\/uploads\/2026\/04\/congreso-1-4.jpg?fit=640%2C360&ssl=1",640,360,true],"1536x1536":["https:\/\/i0.wp.com\/www.tabloideinformativo.com\/wp-content\/uploads\/2026\/04\/congreso-1-4.jpg?fit=1536%2C864&ssl=1",1536,864,true],"2048x2048":["https:\/\/i0.wp.com\/www.tabloideinformativo.com\/wp-content\/uploads\/2026\/04\/congreso-1-4.jpg?fit=2048%2C1152&ssl=1",2048,1152,true],"covernews-featured":["https:\/\/i0.wp.com\/www.tabloideinformativo.com\/wp-content\/uploads\/2026\/04\/congreso-1-4.jpg?fit=1024%2C576&ssl=1",1024,576,true],"covernews-medium":["https:\/\/i0.wp.com\/www.tabloideinformativo.com\/wp-content\/uploads\/2026\/04\/congreso-1-4.jpg?resize=540%2C340&ssl=1",540,340,true]},"author_info":{"display_name":"Administrador","author_link":"https:\/\/www.tabloideinformativo.com\/?author=2"},"category_info":"<a href=\"https:\/\/www.tabloideinformativo.com\/?cat=11\" rel=\"category\">ESTATAL<\/a> <a href=\"https:\/\/www.tabloideinformativo.com\/?cat=26\" rel=\"category\">PRINCIPAL<\/a>","tag_info":"PRINCIPAL","comment_count":"0","jetpack_sharing_enabled":true,"jetpack_likes_enabled":true,"_links":{"self":[{"href":"https:\/\/www.tabloideinformativo.com\/index.php?rest_route=\/wp\/v2\/posts\/80147","targetHints":{"allow":["GET"]}}],"collection":[{"href":"https:\/\/www.tabloideinformativo.com\/index.php?rest_route=\/wp\/v2\/posts"}],"about":[{"href":"https:\/\/www.tabloideinformativo.com\/index.php?rest_route=\/wp\/v2\/types\/post"}],"author":[{"embeddable":true,"href":"https:\/\/www.tabloideinformativo.com\/index.php?rest_route=\/wp\/v2\/users\/2"}],"replies":[{"embeddable":true,"href":"https:\/\/www.tabloideinformativo.com\/index.php?rest_route=%2Fwp%2Fv2%2Fcomments&post=80147"}],"version-history":[{"count":1,"href":"https:\/\/www.tabloideinformativo.com\/index.php?rest_route=\/wp\/v2\/posts\/80147\/revisions"}],"predecessor-version":[{"id":80204,"href":"https:\/\/www.tabloideinformativo.com\/index.php?rest_route=\/wp\/v2\/posts\/80147\/revisions\/80204"}],"wp:featuredmedia":[{"embeddable":true,"href":"https:\/\/www.tabloideinformativo.com\/index.php?rest_route=\/wp\/v2\/media\/80174"}],"wp:attachment":[{"href":"https:\/\/www.tabloideinformativo.com\/index.php?rest_route=%2Fwp%2Fv2%2Fmedia&parent=80147"}],"wp:term":[{"taxonomy":"category","embeddable":true,"href":"https:\/\/www.tabloideinformativo.com\/index.php?rest_route=%2Fwp%2Fv2%2Fcategories&post=80147"},{"taxonomy":"post_tag","embeddable":true,"href":"https:\/\/www.tabloideinformativo.com\/index.php?rest_route=%2Fwp%2Fv2%2Ftags&post=80147"}],"curies":[{"name":"wp","href":"https:\/\/api.w.org\/{rel}","templated":true}]}}