{"id":80119,"date":"2026-04-30T21:14:10","date_gmt":"2026-05-01T04:14:10","guid":{"rendered":"https:\/\/www.agenciaice.mx\/?p=68008"},"modified":"2026-04-30T21:14:10","modified_gmt":"2026-05-01T04:14:10","slug":"detienen-en-venezuela-a-erika-n-acusada-en-mexico-del-feminicidio-de-carolina-flores","status":"publish","type":"post","link":"https:\/\/www.tabloideinformativo.com\/?p=80119","title":{"rendered":"DETIENEN EN VENEZUELA A ERIKA \u2018N\u2019, ACUSADA EN M\u00c9XICO DEL FEMINICIDIO DE CAROLINA FLORES"},"content":{"rendered":"\n<figure class=\"wp-block-image size-full is-resized\"><img data-recalc-dims=\"1\" decoding=\"async\" src=\"https:\/\/i0.wp.com\/www.tabloideinformativo.com\/wp-content\/uploads\/2026\/04\/dwtwnida-erika-maria.jpg?w=640&#038;ssl=1\" alt=\"\" class=\"wp-image-68010\" style=\"aspect-ratio:0.6119063018475296;width:718px;height:auto\"\/><\/figure>\n\n\n\n<p><\/p>\n\n\n\n<ul class=\"wp-block-list\">\n<li><strong><em>Erika Mar\u00eda Guadalupe Herrera Coriand, mujer se\u00f1alada por el fem\u00a1nicidi0 de Carolina Flores G\u00f3mez en Polanco, fue detenida este mi\u00e9rcoles 29 de abril en Venezuela<\/em><\/strong><\/li>\n<\/ul>\n\n\n\n<p><strong><em>Cd. de M\u00e9xico (agencias).-<\/em><\/strong> Erika Mar\u00eda Guadalupe Herrera Coriand, mujer se\u00f1alada por el fem\u00a1nicidi0 en M\u00e9xico de Carolina Flores G\u00f3mez, fue detenida este mi\u00e9rcoles 29 de abril en Venezuela.<\/p>\n\n\n\n<p>\u201cTras los hechos, la Fiscal\u00eda CDMX inici\u00f3 la investigaci\u00f3n que permiti\u00f3 establecer su probable participaci\u00f3n. Con base en los datos de prueba recabados, el 17 de abril de 2026 \u2014a un d\u00eda de presentada la denuncia\u2013 se obtuvo de un juez de control la orden de aprehensi\u00f3n correspondiente\u201d, inform\u00f3 la autoridad.<\/p>\n\n\n\n<p>Posteriormente, en coordinaci\u00f3n con la Fiscal\u00eda General de la Rep\u00fablica (FGR), se gestion\u00f3 una Notificaci\u00f3n Roja de Interpol, lo que permiti\u00f3 a autoridades venezolanas su detenci\u00f3n.<\/p>\n\n\n\n<p>La mujer permanece bajo custodia de las autoridades venezolanas, en tanto se realizan las gestiones necesarias para formalizar su extradici\u00f3n a M\u00e9xico.<\/p>\n\n\n\n<p>Con informaci\u00f3n de L\u00f3pez-D\u00f3riga Digital | Foto Captura de pantalla X Fiscal\u00eda CDMX<\/p>\n","protected":false},"excerpt":{"rendered":"<p>Cd. de M\u00e9xico (agencias).- Erika Mar\u00eda Guadalupe Herrera Coriand, mujer se\u00f1alada por el fem\u00a1nicidi0 en&#8230;<\/p>\n","protected":false},"author":2,"featured_media":80130,"comment_status":"closed","ping_status":"closed","sticky":false,"template":"","format":"standard","meta":{"_jetpack_memberships_contains_paid_content":false,"footnotes":""},"categories":[21],"tags":[],"class_list":["post-80119","post","type-post","status-publish","format-standard","has-post-thumbnail","hentry","category-nacional"],"jetpack_featured_media_url":"https:\/\/i0.wp.com\/www.tabloideinformativo.com\/wp-content\/uploads\/2026\/04\/detienen-en-venezuela-a-erika.jpg?fit=1200%2C740&ssl=1","featured_image_urls":{"full":["https:\/\/i0.wp.com\/www.tabloideinformativo.com\/wp-content\/uploads\/2026\/04\/detienen-en-venezuela-a-erika.jpg?fit=1200%2C740&ssl=1",1200,740,false],"thumbnail":["https:\/\/i0.wp.com\/www.tabloideinformativo.com\/wp-content\/uploads\/2026\/04\/detienen-en-venezuela-a-erika.jpg?resize=150%2C150&ssl=1",150,150,true],"medium":["https:\/\/i0.wp.com\/www.tabloideinformativo.com\/wp-content\/uploads\/2026\/04\/detienen-en-venezuela-a-erika.jpg?fit=300%2C185&ssl=1",300,185,true],"medium_large":["https:\/\/i0.wp.com\/www.tabloideinformativo.com\/wp-content\/uploads\/2026\/04\/detienen-en-venezuela-a-erika.jpg?fit=640%2C395&ssl=1",640,395,true],"large":["https:\/\/i0.wp.com\/www.tabloideinformativo.com\/wp-content\/uploads\/2026\/04\/detienen-en-venezuela-a-erika.jpg?fit=640%2C394&ssl=1",640,394,true],"1536x1536":["https:\/\/i0.wp.com\/www.tabloideinformativo.com\/wp-content\/uploads\/2026\/04\/detienen-en-venezuela-a-erika.jpg?fit=1200%2C740&ssl=1",1200,740,true],"2048x2048":["https:\/\/i0.wp.com\/www.tabloideinformativo.com\/wp-content\/uploads\/2026\/04\/detienen-en-venezuela-a-erika.jpg?fit=1200%2C740&ssl=1",1200,740,true],"covernews-featured":["https:\/\/i0.wp.com\/www.tabloideinformativo.com\/wp-content\/uploads\/2026\/04\/detienen-en-venezuela-a-erika.jpg?fit=1024%2C631&ssl=1",1024,631,true],"covernews-medium":["https:\/\/i0.wp.com\/www.tabloideinformativo.com\/wp-content\/uploads\/2026\/04\/detienen-en-venezuela-a-erika.jpg?resize=540%2C340&ssl=1",540,340,true]},"author_info":{"display_name":"Administrador","author_link":"https:\/\/www.tabloideinformativo.com\/?author=2"},"category_info":"<a href=\"https:\/\/www.tabloideinformativo.com\/?cat=21\" rel=\"category\">NACIONAL<\/a>","tag_info":"NACIONAL","comment_count":"0","jetpack_sharing_enabled":true,"jetpack_likes_enabled":true,"_links":{"self":[{"href":"https:\/\/www.tabloideinformativo.com\/index.php?rest_route=\/wp\/v2\/posts\/80119","targetHints":{"allow":["GET"]}}],"collection":[{"href":"https:\/\/www.tabloideinformativo.com\/index.php?rest_route=\/wp\/v2\/posts"}],"about":[{"href":"https:\/\/www.tabloideinformativo.com\/index.php?rest_route=\/wp\/v2\/types\/post"}],"author":[{"embeddable":true,"href":"https:\/\/www.tabloideinformativo.com\/index.php?rest_route=\/wp\/v2\/users\/2"}],"replies":[{"embeddable":true,"href":"https:\/\/www.tabloideinformativo.com\/index.php?rest_route=%2Fwp%2Fv2%2Fcomments&post=80119"}],"version-history":[{"count":0,"href":"https:\/\/www.tabloideinformativo.com\/index.php?rest_route=\/wp\/v2\/posts\/80119\/revisions"}],"wp:featuredmedia":[{"embeddable":true,"href":"https:\/\/www.tabloideinformativo.com\/index.php?rest_route=\/wp\/v2\/media\/80130"}],"wp:attachment":[{"href":"https:\/\/www.tabloideinformativo.com\/index.php?rest_route=%2Fwp%2Fv2%2Fmedia&parent=80119"}],"wp:term":[{"taxonomy":"category","embeddable":true,"href":"https:\/\/www.tabloideinformativo.com\/index.php?rest_route=%2Fwp%2Fv2%2Fcategories&post=80119"},{"taxonomy":"post_tag","embeddable":true,"href":"https:\/\/www.tabloideinformativo.com\/index.php?rest_route=%2Fwp%2Fv2%2Ftags&post=80119"}],"curies":[{"name":"wp","href":"https:\/\/api.w.org\/{rel}","templated":true}]}}