{"id":80115,"date":"2026-04-29T15:33:14","date_gmt":"2026-04-29T22:33:14","guid":{"rendered":"https:\/\/www.agenciaice.mx\/?p=67955"},"modified":"2026-04-29T15:33:14","modified_gmt":"2026-04-29T22:33:14","slug":"rocha-moya-rechaza-acusaciones-de-ee-uu-ataque-no-solo-es-contra-mi-persona-tambien-es-a-la-4t","status":"publish","type":"post","link":"https:\/\/www.tabloideinformativo.com\/?p=80115","title":{"rendered":"ROCHA MOYA RECHAZA ACUSACIONES DE EE.UU.: \u201cATAQUE NO SOLO ES CONTRA MI PERSONA, TAMBI\u00c9N ES A LA 4T\u201d"},"content":{"rendered":"\n<figure class=\"wp-block-image size-full is-resized\"><img data-recalc-dims=\"1\" loading=\"lazy\" decoding=\"async\" width=\"584\" height=\"382\" src=\"https:\/\/i0.wp.com\/www.tabloideinformativo.com\/wp-content\/uploads\/2026\/04\/captura-de-pantalla.jpeg?resize=584%2C382&#038;ssl=1\" alt=\"\" class=\"wp-image-67956\" style=\"aspect-ratio:1.5288119019347628;width:718px;height:auto\" srcset=\"https:\/\/i0.wp.com\/www.tabloideinformativo.com\/wp-content\/uploads\/2026\/04\/captura-de-pantalla.jpeg?w=584&amp;ssl=1 584w, https:\/\/i0.wp.com\/www.tabloideinformativo.com\/wp-content\/uploads\/2026\/04\/captura-de-pantalla.jpeg?resize=300%2C196&amp;ssl=1 300w\" sizes=\"auto, (max-width: 584px) 100vw, 584px\" \/><\/figure>\n\n\n\n<p><\/p>\n\n\n\n<ul class=\"wp-block-list\">\n<li><strong><em>Rub\u00e9n Rocha Moya, Gobernador de Sinaloa, rechaz\u00f3 los se\u00f1alamientos de EE.UU. de sus presuntos v\u00ednculos con el narcotr\u00e1fico<\/em><\/strong><\/li>\n<\/ul>\n\n\n\n<p><strong><em>Cd. de M\u00e9xico (agencias).-<\/em><\/strong> El Gobernador de Sinaloa, Rub\u00e9n Rocha Moya, rechaz\u00f3 los se\u00f1alamientos de presuntos v\u00ednculos con el C\u00e1rtel de Sinaloa, facci\u00f3n de Los Chapitos, realizados por parte de la Justicia de Estados Unidos.<\/p>\n\n\n\n<p>Por medio de un comunicado en redes sociales, el mandatario estatal dej\u00f3 en claro que los se\u00f1alamientos de EE.UU. \u201ccarecen de veracidad y fundamento alguno\u201d.<\/p>\n\n\n\n<p>\u201cRechazo categ\u00f3rica y absolutamente las imputaciones formuladas en mi contra, por la Fiscal\u00eda Federal del Distrito Sur de Nueva York, ya que carecen de veracidad y fundamento alguno. Y as\u00ed se demostrar\u00e1, con toda contundencia, en el momento oportuno\u201d, lanz\u00f3.<\/p>\n\n\n\n<p>Apunt\u00f3 que los se\u00f1alamientos en su contra no son solo un ataque a su persona, \u201csino al movimiento de la Cuarta Transformaci\u00f3n, a sus emblem\u00e1ticos liderazgos, y a las y los mexicanos que representamos esa causa\u201d.<\/p>\n\n\n\n<p>\u201cSe inscribe en una perversa estrategia para violentar el orden constitucional, espec\u00edficamente la soberan\u00eda nacional que preconiza el art\u00edculo 40 de la Constituci\u00f3n Pol\u00edtica de los Estados Unidos Mexicanos, que nuestro movimiento defiende como principio invariable e innegociable\u201d, agreg\u00f3.<\/p>\n\n\n\n<p>Por \u00faltimo, Rocha Moya, recalc\u00f3 a los sinaloenses \u201cque, con el valor y la dignidad que nos caracterizan, demostraremos la falta de sustento de esta calumnia.<\/p>\n\n\n\n<p>La Justicia de EE.UU. acus\u00f3 este mi\u00e9rcoles 29 de abril de 2026 al Gobernador de Sinaloa, Rub\u00e9n Rocha Moya; al Alcalde de Culiac\u00e1n, Juan de Dios G\u00e1mez Mend\u00edvil, y a otros cargos y exfuncionarios mexicanos de delitos de narcotr\u00e1fico y posesi\u00f3n de armas.<\/p>\n\n\n\n<p>La Fiscal\u00eda del Distrito Sur de Nueva York divulg\u00f3 la acusaci\u00f3n contra un total de diez personas por presuntamente \u201cconspirar con l\u00edderes del C\u00e1rtel de Sinaloa para importar cantidades masivas de narc\u00f3ticos a EE.UU. a cambio de apoyo pol\u00edtico y sobornos\u201d, indica un comunicado.<\/p>\n\n\n\n<p>En la imputaci\u00f3n figuran otros dos pol\u00edticos en activo: Enrique Inzunza C\u00e1zarez, actualmente senador y exsecretario general de Sinaloa, y D\u00e1maso Castro Saavedra, vicefiscal de la Fiscal\u00eda sinaloense.<\/p>\n\n\n\n<p>Seg\u00fan las autoridades estadounidenses, los acusados conspiraron con el citado c\u00e1rtel para traficar fentanilo, hero\u00edna, coca\u00edna y metanfetamina de M\u00e9xico a EE.UU. y protegieron a los narcos de ser investigados, detenidos e imputados, en esencial ayud\u00e1ndoles en sus actividades il\u00edcitas.<\/p>\n\n\n\n<p>Con informaci\u00f3n de L\u00f3pez-D\u00f3riga Digital | Foto Captura de pantalla X Rub\u00e9n Rocha Moya<\/p>\n","protected":false},"excerpt":{"rendered":"<p>Cd. de M\u00e9xico (agencias).- El Gobernador de Sinaloa, Rub\u00e9n Rocha Moya, rechaz\u00f3 los se\u00f1alamientos de&#8230;<\/p>\n","protected":false},"author":2,"featured_media":67956,"comment_status":"closed","ping_status":"closed","sticky":false,"template":"","format":"standard","meta":{"_jetpack_memberships_contains_paid_content":false,"footnotes":""},"categories":[21],"tags":[],"class_list":["post-80115","post","type-post","status-publish","format-standard","has-post-thumbnail","hentry","category-nacional"],"jetpack_featured_media_url":"https:\/\/i0.wp.com\/www.tabloideinformativo.com\/wp-content\/uploads\/2026\/04\/captura-de-pantalla.jpeg?fit=584%2C382&ssl=1","featured_image_urls":{"full":["https:\/\/i0.wp.com\/www.tabloideinformativo.com\/wp-content\/uploads\/2026\/04\/captura-de-pantalla.jpeg?fit=584%2C382&ssl=1",584,382,false],"thumbnail":["https:\/\/i0.wp.com\/www.tabloideinformativo.com\/wp-content\/uploads\/2026\/04\/captura-de-pantalla.jpeg?resize=150%2C150&ssl=1",150,150,true],"medium":["https:\/\/i0.wp.com\/www.tabloideinformativo.com\/wp-content\/uploads\/2026\/04\/captura-de-pantalla.jpeg?fit=300%2C196&ssl=1",300,196,true],"medium_large":["https:\/\/i0.wp.com\/www.tabloideinformativo.com\/wp-content\/uploads\/2026\/04\/captura-de-pantalla.jpeg?fit=584%2C382&ssl=1",584,382,true],"large":["https:\/\/i0.wp.com\/www.tabloideinformativo.com\/wp-content\/uploads\/2026\/04\/captura-de-pantalla.jpeg?fit=584%2C382&ssl=1",584,382,true],"1536x1536":["https:\/\/i0.wp.com\/www.tabloideinformativo.com\/wp-content\/uploads\/2026\/04\/captura-de-pantalla.jpeg?fit=584%2C382&ssl=1",584,382,true],"2048x2048":["https:\/\/i0.wp.com\/www.tabloideinformativo.com\/wp-content\/uploads\/2026\/04\/captura-de-pantalla.jpeg?fit=584%2C382&ssl=1",584,382,true],"covernews-featured":["https:\/\/i0.wp.com\/www.tabloideinformativo.com\/wp-content\/uploads\/2026\/04\/captura-de-pantalla.jpeg?fit=584%2C382&ssl=1",584,382,true],"covernews-medium":["https:\/\/i0.wp.com\/www.tabloideinformativo.com\/wp-content\/uploads\/2026\/04\/captura-de-pantalla.jpeg?resize=540%2C340&ssl=1",540,340,true]},"author_info":{"display_name":"Administrador","author_link":"https:\/\/www.tabloideinformativo.com\/?author=2"},"category_info":"<a href=\"https:\/\/www.tabloideinformativo.com\/?cat=21\" rel=\"category\">NACIONAL<\/a>","tag_info":"NACIONAL","comment_count":"0","jetpack_sharing_enabled":true,"jetpack_likes_enabled":true,"_links":{"self":[{"href":"https:\/\/www.tabloideinformativo.com\/index.php?rest_route=\/wp\/v2\/posts\/80115","targetHints":{"allow":["GET"]}}],"collection":[{"href":"https:\/\/www.tabloideinformativo.com\/index.php?rest_route=\/wp\/v2\/posts"}],"about":[{"href":"https:\/\/www.tabloideinformativo.com\/index.php?rest_route=\/wp\/v2\/types\/post"}],"author":[{"embeddable":true,"href":"https:\/\/www.tabloideinformativo.com\/index.php?rest_route=\/wp\/v2\/users\/2"}],"replies":[{"embeddable":true,"href":"https:\/\/www.tabloideinformativo.com\/index.php?rest_route=%2Fwp%2Fv2%2Fcomments&post=80115"}],"version-history":[{"count":0,"href":"https:\/\/www.tabloideinformativo.com\/index.php?rest_route=\/wp\/v2\/posts\/80115\/revisions"}],"wp:featuredmedia":[{"embeddable":true,"href":"https:\/\/www.tabloideinformativo.com\/index.php?rest_route=\/wp\/v2\/media\/67956"}],"wp:attachment":[{"href":"https:\/\/www.tabloideinformativo.com\/index.php?rest_route=%2Fwp%2Fv2%2Fmedia&parent=80115"}],"wp:term":[{"taxonomy":"category","embeddable":true,"href":"https:\/\/www.tabloideinformativo.com\/index.php?rest_route=%2Fwp%2Fv2%2Fcategories&post=80115"},{"taxonomy":"post_tag","embeddable":true,"href":"https:\/\/www.tabloideinformativo.com\/index.php?rest_route=%2Fwp%2Fv2%2Ftags&post=80115"}],"curies":[{"name":"wp","href":"https:\/\/api.w.org\/{rel}","templated":true}]}}