{"id":80067,"date":"2026-04-26T12:12:00","date_gmt":"2026-04-26T19:12:00","guid":{"rendered":"https:\/\/www.tabloideinformativo.com\/?p=80067"},"modified":"2026-04-26T21:54:28","modified_gmt":"2026-04-27T04:54:28","slug":"se-mueven-piezas-en-la-cupula-de-morena-version-no-confirmada","status":"publish","type":"post","link":"https:\/\/www.tabloideinformativo.com\/?p=80067","title":{"rendered":"Se mueven piezas en la c\u00fapula de MORENA, versi\u00f3n no confirmada."},"content":{"rendered":"\n<figure class=\"wp-block-image size-full\"><img data-recalc-dims=\"1\" loading=\"lazy\" decoding=\"async\" width=\"590\" height=\"333\" src=\"https:\/\/i0.wp.com\/www.tabloideinformativo.com\/wp-content\/uploads\/2026\/04\/679262263_1413310027490901_6532717471757511706_n.jpg?resize=590%2C333&#038;ssl=1\" alt=\"\" class=\"wp-image-80073\" srcset=\"https:\/\/i0.wp.com\/www.tabloideinformativo.com\/wp-content\/uploads\/2026\/04\/679262263_1413310027490901_6532717471757511706_n.jpg?w=590&amp;ssl=1 590w, https:\/\/i0.wp.com\/www.tabloideinformativo.com\/wp-content\/uploads\/2026\/04\/679262263_1413310027490901_6532717471757511706_n.jpg?resize=300%2C169&amp;ssl=1 300w\" sizes=\"auto, (max-width: 590px) 100vw, 590px\" \/><\/figure>\n\n\n\n<p>Punto de Vista<\/p>\n\n\n\n<p>Abril 21, 2026.- En los c\u00edrculos pol\u00edticos nacionales comienza a circular una versi\u00f3n que, de confirmarse, implicar\u00eda una reconfiguraci\u00f3n importante al interior de Morena rumbo al proceso electoral de 2027.<\/p>\n\n\n\n<p>Se habla de la posible salida de Luisa Mar\u00eda Alcalde Luj\u00e1n de la dirigencia nacional del partido, as\u00ed como de un eventual relevo en la estructura interna que tambi\u00e9n alcanzar\u00eda a Andr\u00e9s Manuel L\u00f3pez Beltr\u00e1n.<\/p>\n\n\n\n<p>En ese mismo sentido, versiones apuntan a que la presidenta Claudia Sheinbaum estar\u00eda buscando consolidar un mayor control pol\u00edtico del partido, colocando en la dirigencia nacional a Ariadna Montiel, movimiento que tendr\u00eda como tel\u00f3n de fondo la definici\u00f3n de candidaturas para 2027.<\/p>\n\n\n\n<p>Hasta el momento, no existe confirmaci\u00f3n oficial de estos cambios ni pronunciamientos p\u00fablicos por parte de los actores mencionados.<\/p>\n\n\n\n<p>Sin embargo, el solo hecho de que estas versiones circulen refleja que la disputa por el control pol\u00edtico y electoral dentro del partido guinda sigue en movimiento.<\/p>\n\n\n\n<p>Veremos qu\u00e9 pasa.<\/p>\n\n\n\n<p><a href=\"https:\/\/www.facebook.com\/rafael.zunigamauz?__cft__[0]=AZbfWJPNnMkAOB2gHJ-PdqQjRMJiomtW9_gUADmd1pYlu4gwrMUEtgl2eEwW2ar8vRYGTrXk7rHYf0siLZF6SUvgzXYlyIcY1ljDakh3NXSqOyXZ61_PDbF4G9qLQy8dbuRfIlYwnXzOlRPJSTqJkd8mrt8FoxzgHiOci0tFdxLdnA&amp;__tn__=-]K-R\">Rafael Z\u00fa\u00f1iga M\u00e1tuz<\/a> es columnista desde 1999 y miembro del Sindicato Nacional de Redactores de la Prensa.<\/p>\n\n\n\n<p><a href=\"https:\/\/www.facebook.com\/TabloideInformativo?__cft__[0]=AZbfWJPNnMkAOB2gHJ-PdqQjRMJiomtW9_gUADmd1pYlu4gwrMUEtgl2eEwW2ar8vRYGTrXk7rHYf0siLZF6SUvgzXYlyIcY1ljDakh3NXSqOyXZ61_PDbF4G9qLQy8dbuRfIlYwnXzOlRPJSTqJkd8mrt8FoxzgHiOci0tFdxLdnA&amp;__tn__=-]K-R\">Tabloide informativo<\/a><\/p>\n\n\n\n<p>Etchojoa Sonora M\u00e9xico.<\/p>\n\n\n\n<p><a href=\"https:\/\/www.facebook.com\/hashtag\/tabloideinformativo?__cft__[0]=AZbfWJPNnMkAOB2gHJ-PdqQjRMJiomtW9_gUADmd1pYlu4gwrMUEtgl2eEwW2ar8vRYGTrXk7rHYf0siLZF6SUvgzXYlyIcY1ljDakh3NXSqOyXZ61_PDbF4G9qLQy8dbuRfIlYwnXzOlRPJSTqJkd8mrt8FoxzgHiOci0tFdxLdnA&amp;__tn__=*NK-R\">#tabloideinformativo<\/a><a href=\"https:\/\/www.facebook.com\/hashtag\/puntodevista?__cft__[0]=AZbfWJPNnMkAOB2gHJ-PdqQjRMJiomtW9_gUADmd1pYlu4gwrMUEtgl2eEwW2ar8vRYGTrXk7rHYf0siLZF6SUvgzXYlyIcY1ljDakh3NXSqOyXZ61_PDbF4G9qLQy8dbuRfIlYwnXzOlRPJSTqJkd8mrt8FoxzgHiOci0tFdxLdnA&amp;__tn__=*NK-R\">#PuntoDeVista<\/a><a href=\"https:\/\/www.facebook.com\/hashtag\/etchojoa?__cft__[0]=AZbfWJPNnMkAOB2gHJ-PdqQjRMJiomtW9_gUADmd1pYlu4gwrMUEtgl2eEwW2ar8vRYGTrXk7rHYf0siLZF6SUvgzXYlyIcY1ljDakh3NXSqOyXZ61_PDbF4G9qLQy8dbuRfIlYwnXzOlRPJSTqJkd8mrt8FoxzgHiOci0tFdxLdnA&amp;__tn__=*NK-R\">#Etchojoa<\/a><\/p>\n","protected":false},"excerpt":{"rendered":"<p>Punto de Vista Abril 21, 2026.- En los c\u00edrculos pol\u00edticos nacionales comienza a circular una&#8230;<\/p>\n","protected":false},"author":2,"featured_media":80073,"comment_status":"open","ping_status":"open","sticky":false,"template":"","format":"standard","meta":{"_jetpack_memberships_contains_paid_content":false,"footnotes":""},"categories":[21,25,26],"tags":[],"class_list":["post-80067","post","type-post","status-publish","format-standard","has-post-thumbnail","hentry","category-nacional","category-politica","category-principal"],"jetpack_featured_media_url":"https:\/\/i0.wp.com\/www.tabloideinformativo.com\/wp-content\/uploads\/2026\/04\/679262263_1413310027490901_6532717471757511706_n.jpg?fit=590%2C333&ssl=1","featured_image_urls":{"full":["https:\/\/i0.wp.com\/www.tabloideinformativo.com\/wp-content\/uploads\/2026\/04\/679262263_1413310027490901_6532717471757511706_n.jpg?fit=590%2C333&ssl=1",590,333,false],"thumbnail":["https:\/\/i0.wp.com\/www.tabloideinformativo.com\/wp-content\/uploads\/2026\/04\/679262263_1413310027490901_6532717471757511706_n.jpg?resize=150%2C150&ssl=1",150,150,true],"medium":["https:\/\/i0.wp.com\/www.tabloideinformativo.com\/wp-content\/uploads\/2026\/04\/679262263_1413310027490901_6532717471757511706_n.jpg?fit=300%2C169&ssl=1",300,169,true],"medium_large":["https:\/\/i0.wp.com\/www.tabloideinformativo.com\/wp-content\/uploads\/2026\/04\/679262263_1413310027490901_6532717471757511706_n.jpg?fit=590%2C333&ssl=1",590,333,true],"large":["https:\/\/i0.wp.com\/www.tabloideinformativo.com\/wp-content\/uploads\/2026\/04\/679262263_1413310027490901_6532717471757511706_n.jpg?fit=590%2C333&ssl=1",590,333,true],"1536x1536":["https:\/\/i0.wp.com\/www.tabloideinformativo.com\/wp-content\/uploads\/2026\/04\/679262263_1413310027490901_6532717471757511706_n.jpg?fit=590%2C333&ssl=1",590,333,true],"2048x2048":["https:\/\/i0.wp.com\/www.tabloideinformativo.com\/wp-content\/uploads\/2026\/04\/679262263_1413310027490901_6532717471757511706_n.jpg?fit=590%2C333&ssl=1",590,333,true],"covernews-featured":["https:\/\/i0.wp.com\/www.tabloideinformativo.com\/wp-content\/uploads\/2026\/04\/679262263_1413310027490901_6532717471757511706_n.jpg?fit=590%2C333&ssl=1",590,333,true],"covernews-medium":["https:\/\/i0.wp.com\/www.tabloideinformativo.com\/wp-content\/uploads\/2026\/04\/679262263_1413310027490901_6532717471757511706_n.jpg?resize=540%2C333&ssl=1",540,333,true]},"author_info":{"display_name":"Administrador","author_link":"https:\/\/www.tabloideinformativo.com\/?author=2"},"category_info":"<a href=\"https:\/\/www.tabloideinformativo.com\/?cat=21\" rel=\"category\">NACIONAL<\/a> <a href=\"https:\/\/www.tabloideinformativo.com\/?cat=25\" rel=\"category\">POLITICA<\/a> <a href=\"https:\/\/www.tabloideinformativo.com\/?cat=26\" rel=\"category\">PRINCIPAL<\/a>","tag_info":"PRINCIPAL","comment_count":"0","jetpack_sharing_enabled":true,"jetpack_likes_enabled":true,"_links":{"self":[{"href":"https:\/\/www.tabloideinformativo.com\/index.php?rest_route=\/wp\/v2\/posts\/80067","targetHints":{"allow":["GET"]}}],"collection":[{"href":"https:\/\/www.tabloideinformativo.com\/index.php?rest_route=\/wp\/v2\/posts"}],"about":[{"href":"https:\/\/www.tabloideinformativo.com\/index.php?rest_route=\/wp\/v2\/types\/post"}],"author":[{"embeddable":true,"href":"https:\/\/www.tabloideinformativo.com\/index.php?rest_route=\/wp\/v2\/users\/2"}],"replies":[{"embeddable":true,"href":"https:\/\/www.tabloideinformativo.com\/index.php?rest_route=%2Fwp%2Fv2%2Fcomments&post=80067"}],"version-history":[{"count":1,"href":"https:\/\/www.tabloideinformativo.com\/index.php?rest_route=\/wp\/v2\/posts\/80067\/revisions"}],"predecessor-version":[{"id":80091,"href":"https:\/\/www.tabloideinformativo.com\/index.php?rest_route=\/wp\/v2\/posts\/80067\/revisions\/80091"}],"wp:featuredmedia":[{"embeddable":true,"href":"https:\/\/www.tabloideinformativo.com\/index.php?rest_route=\/wp\/v2\/media\/80073"}],"wp:attachment":[{"href":"https:\/\/www.tabloideinformativo.com\/index.php?rest_route=%2Fwp%2Fv2%2Fmedia&parent=80067"}],"wp:term":[{"taxonomy":"category","embeddable":true,"href":"https:\/\/www.tabloideinformativo.com\/index.php?rest_route=%2Fwp%2Fv2%2Fcategories&post=80067"},{"taxonomy":"post_tag","embeddable":true,"href":"https:\/\/www.tabloideinformativo.com\/index.php?rest_route=%2Fwp%2Fv2%2Ftags&post=80067"}],"curies":[{"name":"wp","href":"https:\/\/api.w.org\/{rel}","templated":true}]}}