{"id":80063,"date":"2026-04-26T09:40:00","date_gmt":"2026-04-26T16:40:00","guid":{"rendered":"https:\/\/www.tabloideinformativo.com\/?p=80063"},"modified":"2026-04-26T21:54:22","modified_gmt":"2026-04-27T04:54:22","slug":"profr-juan-manuel-ortiz-sierras-representa-a-secretario-general-de-la-seccion-28","status":"publish","type":"post","link":"https:\/\/www.tabloideinformativo.com\/?p=80063","title":{"rendered":"Profr. Juan Manuel Ortiz Sierras representa a Secretario General de la Secci\u00f3n 28."},"content":{"rendered":"\n<figure class=\"wp-block-image size-full is-resized\"><img data-recalc-dims=\"1\" loading=\"lazy\" decoding=\"async\" width=\"590\" height=\"332\" src=\"https:\/\/i0.wp.com\/www.tabloideinformativo.com\/wp-content\/uploads\/2026\/04\/678087495_1413671257454778_9031005304820436076_n.jpg?resize=590%2C332&#038;ssl=1\" alt=\"\" class=\"wp-image-80069\" style=\"aspect-ratio:1.7771920741751777;width:303px;height:auto\" srcset=\"https:\/\/i0.wp.com\/www.tabloideinformativo.com\/wp-content\/uploads\/2026\/04\/678087495_1413671257454778_9031005304820436076_n.jpg?w=590&amp;ssl=1 590w, https:\/\/i0.wp.com\/www.tabloideinformativo.com\/wp-content\/uploads\/2026\/04\/678087495_1413671257454778_9031005304820436076_n.jpg?resize=300%2C169&amp;ssl=1 300w\" sizes=\"auto, (max-width: 590px) 100vw, 590px\" \/><\/figure>\n\n\n\n<p>Abril 21, 2\/26.- La PRODET arranc\u00f3 en el norte de Sonora: Agua Prieta, Cananea, Magdalena, Santa Ana e \u00cdmuris<\/p>\n\n\n\n<p>Con el objetivo de fortalecer la organizaci\u00f3n del pr\u00f3ximo ciclo escolar 2026\u20132027, dieron inicio los trabajos de la PRODET en la regi\u00f3n norte del Estado.<\/p>\n\n\n\n<p>Los equipos de trabajo fueron encabezados por la Dra. Beatriz Cota Ponce, Subsecretaria de Educaci\u00f3n B\u00e1sica de la SEC, y contaron con la representaci\u00f3n del Secretario General de la Secci\u00f3n 28 del SNTE a trav\u00e9s del Profr. Juan Manuel Ortiz Sierras.<\/p>\n\n\n\n<p>Durante estas jornadas, se reafirm\u00f3 el compromiso institucional de garantizar el respeto pleno a los derechos laborales de las y los trabajadores de la educaci\u00f3n, privilegiando el di\u00e1logo, la planeaci\u00f3n y la certeza en cada uno de los procesos.<\/p>\n\n\n\n<p><a href=\"https:\/\/www.facebook.com\/hashtag\/estamosparaservirles?__cft__[0]=AZZOm0InzmLoXgOr4tngttI1q97T7L41FzWSeGDmSUyFsHWi7t0bVWpchaYPhXkflnSYiOK3zs_PuHhd3Z4XFCwy9NHAlr7ERalRTySkmIOm-u12TskuLYyjDokaZeB2NcRMpFzBC_E_5OsfGHz1G9ahPksEVOjzM1X3VAjTUHV-Og&amp;__tn__=*NK-R\">#EstamosParaServirles<\/a><\/p>\n\n\n\n<p><a href=\"https:\/\/www.facebook.com\/hashtag\/unosomostodosytodossomosuno?__cft__[0]=AZZOm0InzmLoXgOr4tngttI1q97T7L41FzWSeGDmSUyFsHWi7t0bVWpchaYPhXkflnSYiOK3zs_PuHhd3Z4XFCwy9NHAlr7ERalRTySkmIOm-u12TskuLYyjDokaZeB2NcRMpFzBC_E_5OsfGHz1G9ahPksEVOjzM1X3VAjTUHV-Og&amp;__tn__=*NK-R\">#UnoSomosTodosyTodosSomosUno<\/a><\/p>\n\n\n\n<p><a href=\"https:\/\/www.facebook.com\/TabloideInformativo?__cft__[0]=AZZOm0InzmLoXgOr4tngttI1q97T7L41FzWSeGDmSUyFsHWi7t0bVWpchaYPhXkflnSYiOK3zs_PuHhd3Z4XFCwy9NHAlr7ERalRTySkmIOm-u12TskuLYyjDokaZeB2NcRMpFzBC_E_5OsfGHz1G9ahPksEVOjzM1X3VAjTUHV-Og&amp;__tn__=-]K-R\">Tabloide informativo<\/a><\/p>\n\n\n\n<p><a href=\"https:\/\/www.facebook.com\/rafael.zunigamauz?__cft__[0]=AZZOm0InzmLoXgOr4tngttI1q97T7L41FzWSeGDmSUyFsHWi7t0bVWpchaYPhXkflnSYiOK3zs_PuHhd3Z4XFCwy9NHAlr7ERalRTySkmIOm-u12TskuLYyjDokaZeB2NcRMpFzBC_E_5OsfGHz1G9ahPksEVOjzM1X3VAjTUHV-Og&amp;__tn__=-]K-R\">Rafael Z\u00fa\u00f1iga M\u00e1tuz<\/a><\/p>\n\n\n\n<p><a href=\"https:\/\/www.facebook.com\/hashtag\/puntodevista?__cft__[0]=AZZOm0InzmLoXgOr4tngttI1q97T7L41FzWSeGDmSUyFsHWi7t0bVWpchaYPhXkflnSYiOK3zs_PuHhd3Z4XFCwy9NHAlr7ERalRTySkmIOm-u12TskuLYyjDokaZeB2NcRMpFzBC_E_5OsfGHz1G9ahPksEVOjzM1X3VAjTUHV-Og&amp;__tn__=*NK-R\">#PuntoDeVista<\/a><\/p>\n\n\n\n<p><a href=\"https:\/\/www.facebook.com\/hashtag\/tabloideinformativo?__cft__[0]=AZZOm0InzmLoXgOr4tngttI1q97T7L41FzWSeGDmSUyFsHWi7t0bVWpchaYPhXkflnSYiOK3zs_PuHhd3Z4XFCwy9NHAlr7ERalRTySkmIOm-u12TskuLYyjDokaZeB2NcRMpFzBC_E_5OsfGHz1G9ahPksEVOjzM1X3VAjTUHV-Og&amp;__tn__=*NK-R\">#tabloideinformativo<\/a><a href=\"https:\/\/www.facebook.com\/SNTESeccion28?__cft__[0]=AZZOm0InzmLoXgOr4tngttI1q97T7L41FzWSeGDmSUyFsHWi7t0bVWpchaYPhXkflnSYiOK3zs_PuHhd3Z4XFCwy9NHAlr7ERalRTySkmIOm-u12TskuLYyjDokaZeB2NcRMpFzBC_E_5OsfGHz1G9ahPksEVOjzM1X3VAjTUHV-Og&amp;__tn__=-]K-R\">SNTE Secci\u00f3n 28<\/a><a href=\"https:\/\/www.facebook.com\/FroylanGamezG?__cft__[0]=AZZOm0InzmLoXgOr4tngttI1q97T7L41FzWSeGDmSUyFsHWi7t0bVWpchaYPhXkflnSYiOK3zs_PuHhd3Z4XFCwy9NHAlr7ERalRTySkmIOm-u12TskuLYyjDokaZeB2NcRMpFzBC_E_5OsfGHz1G9ahPksEVOjzM1X3VAjTUHV-Og&amp;__tn__=-]K-R\">Froyl\u00e1n G\u00e1mez Gamboa<\/a>@fansdestacados<a href=\"https:\/\/www.facebook.com\/profile.php?id=61572463050315&amp;__cft__[0]=AZZOm0InzmLoXgOr4tngttI1q97T7L41FzWSeGDmSUyFsHWi7t0bVWpchaYPhXkflnSYiOK3zs_PuHhd3Z4XFCwy9NHAlr7ERalRTySkmIOm-u12TskuLYyjDokaZeB2NcRMpFzBC_E_5OsfGHz1G9ahPksEVOjzM1X3VAjTUHV-Og&amp;__tn__=-]K-R\">Secretaria de Organizacion 8 Region Mayo II SNTE 28<\/a><a href=\"https:\/\/www.facebook.com\/SNTE28RegionVGuaymasEmpalme?__cft__[0]=AZZOm0InzmLoXgOr4tngttI1q97T7L41FzWSeGDmSUyFsHWi7t0bVWpchaYPhXkflnSYiOK3zs_PuHhd3Z4XFCwy9NHAlr7ERalRTySkmIOm-u12TskuLYyjDokaZeB2NcRMpFzBC_E_5OsfGHz1G9ahPksEVOjzM1X3VAjTUHV-Og&amp;__tn__=-]K-R\">SNTE Secci\u00f3n 28 Regi\u00f3n V Guaymas-Empalme<\/a><a href=\"https:\/\/www.facebook.com\/CoordinacionRegional1RegionYaqui?__cft__[0]=AZZOm0InzmLoXgOr4tngttI1q97T7L41FzWSeGDmSUyFsHWi7t0bVWpchaYPhXkflnSYiOK3zs_PuHhd3Z4XFCwy9NHAlr7ERalRTySkmIOm-u12TskuLYyjDokaZeB2NcRMpFzBC_E_5OsfGHz1G9ahPksEVOjzM1X3VAjTUHV-Og&amp;__tn__=-]K-R\">Coordinaci\u00f3n Regional I Ciudad Obreg\u00f3n<\/a><a href=\"https:\/\/www.facebook.com\/profile.php?id=61572948573178&amp;__cft__[0]=AZZOm0InzmLoXgOr4tngttI1q97T7L41FzWSeGDmSUyFsHWi7t0bVWpchaYPhXkflnSYiOK3zs_PuHhd3Z4XFCwy9NHAlr7ERalRTySkmIOm-u12TskuLYyjDokaZeB2NcRMpFzBC_E_5OsfGHz1G9ahPksEVOjzM1X3VAjTUHV-Og&amp;__tn__=-]K-R\">Snte Reg Trece<\/a> Coordinaci\u00f3n Seis Snte Obreg\u00f3n <a href=\"https:\/\/www.facebook.com\/snte.regionx?__cft__[0]=AZZOm0InzmLoXgOr4tngttI1q97T7L41FzWSeGDmSUyFsHWi7t0bVWpchaYPhXkflnSYiOK3zs_PuHhd3Z4XFCwy9NHAlr7ERalRTySkmIOm-u12TskuLYyjDokaZeB2NcRMpFzBC_E_5OsfGHz1G9ahPksEVOjzM1X3VAjTUHV-Og&amp;__tn__=-]K-R\">Snte Regionx<\/a><a href=\"https:\/\/www.facebook.com\/Snte54MX?__cft__[0]=AZZOm0InzmLoXgOr4tngttI1q97T7L41FzWSeGDmSUyFsHWi7t0bVWpchaYPhXkflnSYiOK3zs_PuHhd3Z4XFCwy9NHAlr7ERalRTySkmIOm-u12TskuLYyjDokaZeB2NcRMpFzBC_E_5OsfGHz1G9ahPksEVOjzM1X3VAjTUHV-Og&amp;__tn__=-]K-R\">SNTE Secci\u00f3n 54<\/a> Snte San Luis Rio Colorado<\/p>\n","protected":false},"excerpt":{"rendered":"<p>Abril 21, 2\/26.- La PRODET arranc\u00f3 en el norte de Sonora: Agua Prieta, Cananea, Magdalena,&#8230;<\/p>\n","protected":false},"author":2,"featured_media":80069,"comment_status":"open","ping_status":"open","sticky":false,"template":"","format":"standard","meta":{"_jetpack_memberships_contains_paid_content":false,"footnotes":""},"categories":[11,25,26],"tags":[],"class_list":["post-80063","post","type-post","status-publish","format-standard","has-post-thumbnail","hentry","category-estatal","category-politica","category-principal"],"jetpack_featured_media_url":"https:\/\/i0.wp.com\/www.tabloideinformativo.com\/wp-content\/uploads\/2026\/04\/678087495_1413671257454778_9031005304820436076_n.jpg?fit=590%2C332&ssl=1","featured_image_urls":{"full":["https:\/\/i0.wp.com\/www.tabloideinformativo.com\/wp-content\/uploads\/2026\/04\/678087495_1413671257454778_9031005304820436076_n.jpg?fit=590%2C332&ssl=1",590,332,false],"thumbnail":["https:\/\/i0.wp.com\/www.tabloideinformativo.com\/wp-content\/uploads\/2026\/04\/678087495_1413671257454778_9031005304820436076_n.jpg?resize=150%2C150&ssl=1",150,150,true],"medium":["https:\/\/i0.wp.com\/www.tabloideinformativo.com\/wp-content\/uploads\/2026\/04\/678087495_1413671257454778_9031005304820436076_n.jpg?fit=300%2C169&ssl=1",300,169,true],"medium_large":["https:\/\/i0.wp.com\/www.tabloideinformativo.com\/wp-content\/uploads\/2026\/04\/678087495_1413671257454778_9031005304820436076_n.jpg?fit=590%2C332&ssl=1",590,332,true],"large":["https:\/\/i0.wp.com\/www.tabloideinformativo.com\/wp-content\/uploads\/2026\/04\/678087495_1413671257454778_9031005304820436076_n.jpg?fit=590%2C332&ssl=1",590,332,true],"1536x1536":["https:\/\/i0.wp.com\/www.tabloideinformativo.com\/wp-content\/uploads\/2026\/04\/678087495_1413671257454778_9031005304820436076_n.jpg?fit=590%2C332&ssl=1",590,332,true],"2048x2048":["https:\/\/i0.wp.com\/www.tabloideinformativo.com\/wp-content\/uploads\/2026\/04\/678087495_1413671257454778_9031005304820436076_n.jpg?fit=590%2C332&ssl=1",590,332,true],"covernews-featured":["https:\/\/i0.wp.com\/www.tabloideinformativo.com\/wp-content\/uploads\/2026\/04\/678087495_1413671257454778_9031005304820436076_n.jpg?fit=590%2C332&ssl=1",590,332,true],"covernews-medium":["https:\/\/i0.wp.com\/www.tabloideinformativo.com\/wp-content\/uploads\/2026\/04\/678087495_1413671257454778_9031005304820436076_n.jpg?resize=540%2C332&ssl=1",540,332,true]},"author_info":{"display_name":"Administrador","author_link":"https:\/\/www.tabloideinformativo.com\/?author=2"},"category_info":"<a href=\"https:\/\/www.tabloideinformativo.com\/?cat=11\" rel=\"category\">ESTATAL<\/a> <a href=\"https:\/\/www.tabloideinformativo.com\/?cat=25\" rel=\"category\">POLITICA<\/a> <a href=\"https:\/\/www.tabloideinformativo.com\/?cat=26\" rel=\"category\">PRINCIPAL<\/a>","tag_info":"PRINCIPAL","comment_count":"0","jetpack_sharing_enabled":true,"jetpack_likes_enabled":true,"_links":{"self":[{"href":"https:\/\/www.tabloideinformativo.com\/index.php?rest_route=\/wp\/v2\/posts\/80063","targetHints":{"allow":["GET"]}}],"collection":[{"href":"https:\/\/www.tabloideinformativo.com\/index.php?rest_route=\/wp\/v2\/posts"}],"about":[{"href":"https:\/\/www.tabloideinformativo.com\/index.php?rest_route=\/wp\/v2\/types\/post"}],"author":[{"embeddable":true,"href":"https:\/\/www.tabloideinformativo.com\/index.php?rest_route=\/wp\/v2\/users\/2"}],"replies":[{"embeddable":true,"href":"https:\/\/www.tabloideinformativo.com\/index.php?rest_route=%2Fwp%2Fv2%2Fcomments&post=80063"}],"version-history":[{"count":1,"href":"https:\/\/www.tabloideinformativo.com\/index.php?rest_route=\/wp\/v2\/posts\/80063\/revisions"}],"predecessor-version":[{"id":80087,"href":"https:\/\/www.tabloideinformativo.com\/index.php?rest_route=\/wp\/v2\/posts\/80063\/revisions\/80087"}],"wp:featuredmedia":[{"embeddable":true,"href":"https:\/\/www.tabloideinformativo.com\/index.php?rest_route=\/wp\/v2\/media\/80069"}],"wp:attachment":[{"href":"https:\/\/www.tabloideinformativo.com\/index.php?rest_route=%2Fwp%2Fv2%2Fmedia&parent=80063"}],"wp:term":[{"taxonomy":"category","embeddable":true,"href":"https:\/\/www.tabloideinformativo.com\/index.php?rest_route=%2Fwp%2Fv2%2Fcategories&post=80063"},{"taxonomy":"post_tag","embeddable":true,"href":"https:\/\/www.tabloideinformativo.com\/index.php?rest_route=%2Fwp%2Fv2%2Ftags&post=80063"}],"curies":[{"name":"wp","href":"https:\/\/api.w.org\/{rel}","templated":true}]}}