{"id":80052,"date":"2026-04-26T08:37:00","date_gmt":"2026-04-26T15:37:00","guid":{"rendered":"https:\/\/www.tabloideinformativo.com\/?p=80052"},"modified":"2026-04-26T21:54:20","modified_gmt":"2026-04-27T04:54:20","slug":"anuncia-secretario-de-bienestar-opcion-de-vivienda-para-periodistas-independientes-en-sonora","status":"publish","type":"post","link":"https:\/\/www.tabloideinformativo.com\/?p=80052","title":{"rendered":"Anuncia secretario de Bienestar opci\u00f3n de vivienda para periodistas independientes en Sonora"},"content":{"rendered":"\n<figure class=\"wp-block-image size-full is-resized\"><img data-recalc-dims=\"1\" loading=\"lazy\" decoding=\"async\" width=\"590\" height=\"472\" src=\"https:\/\/i0.wp.com\/www.tabloideinformativo.com\/wp-content\/uploads\/2026\/04\/678808220_1413752894113281_6949623362412717477_n.jpg?resize=590%2C472&#038;ssl=1\" alt=\"\" class=\"wp-image-80061\" style=\"aspect-ratio:1.2500413811368225;width:229px;height:auto\" srcset=\"https:\/\/i0.wp.com\/www.tabloideinformativo.com\/wp-content\/uploads\/2026\/04\/678808220_1413752894113281_6949623362412717477_n.jpg?w=590&amp;ssl=1 590w, https:\/\/i0.wp.com\/www.tabloideinformativo.com\/wp-content\/uploads\/2026\/04\/678808220_1413752894113281_6949623362412717477_n.jpg?resize=300%2C240&amp;ssl=1 300w\" sizes=\"auto, (max-width: 590px) 100vw, 590px\" \/><\/figure>\n\n\n\n<p>Hermosillo, Sonora; 22 de abril de 2026.\u2013 El secretario de Bienestar en Sonora, Fernando Rojo de la Vega, anunci\u00f3 que el Programa Nacional de Vivienda para el Bienestar incorporar\u00e1 una opci\u00f3n para que periodistas independientes puedan acceder a una vivienda, aun cuando no hayan tenido la posibilidad de cotizar en organismos como el INFONAVIT.<\/p>\n\n\n\n<p>Durante su participaci\u00f3n en conferencia de prensa, donde se abordaron los avances del programa de vivienda en Hermosillo, el funcionario explic\u00f3 que esta alternativa surge a partir de las solicitudes planteadas por distintos grupos de periodistas en la entidad.<\/p>\n\n\n\n<p>Se\u00f1al\u00f3 que, mediante gestiones impulsadas por el gobernador Alfonso Durazo, se logr\u00f3 que esta propuesta fuera considerada dentro de las modalidades del programa, con el respaldo de la Secretar\u00eda de Desarrollo Agrario, Territorial y Urbano (SEDATU).<\/p>\n\n\n\n<p>\u201cHay sectores que hist\u00f3ricamente han quedado fuera de los esquemas tradicionales de vivienda. Hoy estamos abriendo una alternativa para que periodistas independientes puedan ser considerados dentro de este programa y acceder a una vivienda\u201d, expres\u00f3.<\/p>\n\n\n\n<p>El secretario detall\u00f3 que esta opci\u00f3n se integrar\u00e1 a las modalidades de acceso vinculadas al programa, lo que permitir\u00e1 ampliar su alcance a personas que no cuentan con historial de cotizaci\u00f3n en organismos de vivienda, pero que requieren una soluci\u00f3n habitacional.<\/p>\n\n\n\n<p>Precis\u00f3 que la propuesta ya cuenta con el aval de SEDATU y que actualmente se encuentran en proceso la definici\u00f3n de los lineamientos espec\u00edficos que establecer\u00e1n c\u00f3mo podr\u00e1n acceder los periodistas interesados a este esquema.<\/p>\n\n\n\n<p>Este anuncio se da en el contexto de los avances del programa en la capital del estado, donde se proyecta la construcci\u00f3n de 20 mil viviendas, de las cuales 11 mil 142 ya se encuentran en proceso, como parte de la estrategia impulsada por la presidenta Claudia Sheinbaum y respaldada en Sonora por el gobernador Alfonso Durazo.<\/p>\n\n\n\n<p>Con estas acciones, el Gobierno del Estado busca que el Programa Nacional de Vivienda para el Bienestar contin\u00fae ampliando su cobertura, incorporando a sectores que hist\u00f3ricamente han quedado fuera de los esquemas tradicionales y generando mayores oportunidades de acceso a un hogar digno.<\/p>\n","protected":false},"excerpt":{"rendered":"<p>Hermosillo, Sonora; 22 de abril de 2026.\u2013 El secretario de Bienestar en Sonora, Fernando Rojo&#8230;<\/p>\n","protected":false},"author":2,"featured_media":80061,"comment_status":"open","ping_status":"open","sticky":false,"template":"","format":"standard","meta":{"_jetpack_memberships_contains_paid_content":false,"footnotes":""},"categories":[11,25,26],"tags":[],"class_list":["post-80052","post","type-post","status-publish","format-standard","has-post-thumbnail","hentry","category-estatal","category-politica","category-principal"],"jetpack_featured_media_url":"https:\/\/i0.wp.com\/www.tabloideinformativo.com\/wp-content\/uploads\/2026\/04\/678808220_1413752894113281_6949623362412717477_n.jpg?fit=590%2C472&ssl=1","featured_image_urls":{"full":["https:\/\/i0.wp.com\/www.tabloideinformativo.com\/wp-content\/uploads\/2026\/04\/678808220_1413752894113281_6949623362412717477_n.jpg?fit=590%2C472&ssl=1",590,472,false],"thumbnail":["https:\/\/i0.wp.com\/www.tabloideinformativo.com\/wp-content\/uploads\/2026\/04\/678808220_1413752894113281_6949623362412717477_n.jpg?resize=150%2C150&ssl=1",150,150,true],"medium":["https:\/\/i0.wp.com\/www.tabloideinformativo.com\/wp-content\/uploads\/2026\/04\/678808220_1413752894113281_6949623362412717477_n.jpg?fit=300%2C240&ssl=1",300,240,true],"medium_large":["https:\/\/i0.wp.com\/www.tabloideinformativo.com\/wp-content\/uploads\/2026\/04\/678808220_1413752894113281_6949623362412717477_n.jpg?fit=590%2C472&ssl=1",590,472,true],"large":["https:\/\/i0.wp.com\/www.tabloideinformativo.com\/wp-content\/uploads\/2026\/04\/678808220_1413752894113281_6949623362412717477_n.jpg?fit=590%2C472&ssl=1",590,472,true],"1536x1536":["https:\/\/i0.wp.com\/www.tabloideinformativo.com\/wp-content\/uploads\/2026\/04\/678808220_1413752894113281_6949623362412717477_n.jpg?fit=590%2C472&ssl=1",590,472,true],"2048x2048":["https:\/\/i0.wp.com\/www.tabloideinformativo.com\/wp-content\/uploads\/2026\/04\/678808220_1413752894113281_6949623362412717477_n.jpg?fit=590%2C472&ssl=1",590,472,true],"covernews-featured":["https:\/\/i0.wp.com\/www.tabloideinformativo.com\/wp-content\/uploads\/2026\/04\/678808220_1413752894113281_6949623362412717477_n.jpg?fit=590%2C472&ssl=1",590,472,true],"covernews-medium":["https:\/\/i0.wp.com\/www.tabloideinformativo.com\/wp-content\/uploads\/2026\/04\/678808220_1413752894113281_6949623362412717477_n.jpg?resize=540%2C340&ssl=1",540,340,true]},"author_info":{"display_name":"Administrador","author_link":"https:\/\/www.tabloideinformativo.com\/?author=2"},"category_info":"<a href=\"https:\/\/www.tabloideinformativo.com\/?cat=11\" rel=\"category\">ESTATAL<\/a> <a href=\"https:\/\/www.tabloideinformativo.com\/?cat=25\" rel=\"category\">POLITICA<\/a> <a href=\"https:\/\/www.tabloideinformativo.com\/?cat=26\" rel=\"category\">PRINCIPAL<\/a>","tag_info":"PRINCIPAL","comment_count":"0","jetpack_sharing_enabled":true,"jetpack_likes_enabled":true,"_links":{"self":[{"href":"https:\/\/www.tabloideinformativo.com\/index.php?rest_route=\/wp\/v2\/posts\/80052","targetHints":{"allow":["GET"]}}],"collection":[{"href":"https:\/\/www.tabloideinformativo.com\/index.php?rest_route=\/wp\/v2\/posts"}],"about":[{"href":"https:\/\/www.tabloideinformativo.com\/index.php?rest_route=\/wp\/v2\/types\/post"}],"author":[{"embeddable":true,"href":"https:\/\/www.tabloideinformativo.com\/index.php?rest_route=\/wp\/v2\/users\/2"}],"replies":[{"embeddable":true,"href":"https:\/\/www.tabloideinformativo.com\/index.php?rest_route=%2Fwp%2Fv2%2Fcomments&post=80052"}],"version-history":[{"count":1,"href":"https:\/\/www.tabloideinformativo.com\/index.php?rest_route=\/wp\/v2\/posts\/80052\/revisions"}],"predecessor-version":[{"id":80085,"href":"https:\/\/www.tabloideinformativo.com\/index.php?rest_route=\/wp\/v2\/posts\/80052\/revisions\/80085"}],"wp:featuredmedia":[{"embeddable":true,"href":"https:\/\/www.tabloideinformativo.com\/index.php?rest_route=\/wp\/v2\/media\/80061"}],"wp:attachment":[{"href":"https:\/\/www.tabloideinformativo.com\/index.php?rest_route=%2Fwp%2Fv2%2Fmedia&parent=80052"}],"wp:term":[{"taxonomy":"category","embeddable":true,"href":"https:\/\/www.tabloideinformativo.com\/index.php?rest_route=%2Fwp%2Fv2%2Fcategories&post=80052"},{"taxonomy":"post_tag","embeddable":true,"href":"https:\/\/www.tabloideinformativo.com\/index.php?rest_route=%2Fwp%2Fv2%2Ftags&post=80052"}],"curies":[{"name":"wp","href":"https:\/\/api.w.org\/{rel}","templated":true}]}}