{"id":80051,"date":"2026-04-26T08:12:00","date_gmt":"2026-04-26T15:12:00","guid":{"rendered":"https:\/\/www.tabloideinformativo.com\/?p=80051"},"modified":"2026-04-26T21:54:20","modified_gmt":"2026-04-27T04:54:20","slug":"historia-con-presencia-en-sonora","status":"publish","type":"post","link":"https:\/\/www.tabloideinformativo.com\/?p=80051","title":{"rendered":"Historia con presencia en Sonora."},"content":{"rendered":"\n<p>Secci\u00f3n 28<\/p>\n\n\n\n<figure class=\"wp-block-image size-full is-resized\"><img data-recalc-dims=\"1\" loading=\"lazy\" decoding=\"async\" width=\"441\" height=\"590\" src=\"https:\/\/i0.wp.com\/www.tabloideinformativo.com\/wp-content\/uploads\/2026\/04\/678910686_1413785950776642_2997943528238264320_n.jpg?resize=441%2C590&#038;ssl=1\" alt=\"\" class=\"wp-image-80060\" style=\"aspect-ratio:0.7474707346787436;width:153px;height:auto\" srcset=\"https:\/\/i0.wp.com\/www.tabloideinformativo.com\/wp-content\/uploads\/2026\/04\/678910686_1413785950776642_2997943528238264320_n.jpg?w=441&amp;ssl=1 441w, https:\/\/i0.wp.com\/www.tabloideinformativo.com\/wp-content\/uploads\/2026\/04\/678910686_1413785950776642_2997943528238264320_n.jpg?resize=224%2C300&amp;ssl=1 224w\" sizes=\"auto, (max-width: 441px) 100vw, 441px\" \/><\/figure>\n\n\n\n<p>Punto de Vista<\/p>\n\n\n\n<p>Abril 22, 2026.- Hablar de la Secci\u00f3n 28 del SNTE es adentrarse en una de las estructuras sindicales con mayor peso hist\u00f3rico en la vida educativa y pol\u00edtica de Sonora.<\/p>\n\n\n\n<p>No es solo una organizaci\u00f3n gremial; es, en muchos sentidos, un actor que ha influido en la construcci\u00f3n del sistema educativo estatal y en la formaci\u00f3n de generaciones de docentes comprometidos con su entorno.<\/p>\n\n\n\n<p>A lo largo de su trayectoria, la Secci\u00f3n 28 ha sido protagonista en momentos clave del magisterio sonorense, desde la defensa de los derechos laborales hasta su participaci\u00f3n en procesos de transformaci\u00f3n educativa, su presencia ha sido constante.<\/p>\n\n\n\n<p>Como parte del Sindicato Nacional de Trabajadores de la Educaci\u00f3n, ha logrado consolidar una estructura que combina representaci\u00f3n sindical con incidencia social a lo largo de su historia.<\/p>\n\n\n\n<p>Sin embargo, toda instituci\u00f3n con historia enfrenta el reto de reinventarse, y la Secci\u00f3n 28 no solo debe sostener su legado, sino responder a una realidad distinta que son las nuevas generaciones de docentes, cambios en las pol\u00edticas educativas y una sociedad cada vez m\u00e1s cr\u00edtica y demandante.<\/p>\n\n\n\n<p>El sindicalismo tradicional ya no es suficiente por s\u00ed solo, requiere cercan\u00eda real con las bases, transparencia en la toma de decisiones y una agenda que trascienda lo estrictamente laboral.<\/p>\n\n\n\n<p>En este contexto, la vida interna de la Secci\u00f3n 28 cobra especial relevancia y su legitimidad se construye con un binomio indispensable situado en el liderazgo y la confianza.<\/p>\n\n\n\n<p>Esta \u00faltima se fortalece cuando existe un acercamiento aut\u00e9ntico con los agremiados en sus regiones y centros de trabajo.<\/p>\n\n\n\n<p>La obra de la Secci\u00f3n 28 est\u00e1 ah\u00ed, en las escuelas, en las aulas, en cada docente que ha encontrado respaldo en momentos clave y su futuro depender\u00e1 de la capacidad para adaptarse sin perder su esencia.<\/p>\n\n\n\n<p>A lo largo de m\u00e1s de ocho d\u00e9cadas, el magisterio sonorense ha demostrado que sus instituciones perduran cuando evolucionan; hoy, el desaf\u00edo es incidir en un entorno m\u00e1s complejo, apoy\u00e1ndose en nuevas herramientas tecnol\u00f3gicas y en una sociedad en constante transformaci\u00f3n.<\/p>\n\n\n\n<p>En este escenario, la Secci\u00f3n 28 est\u00e1 llamada a reafirmar su papel bajo la direcci\u00f3n del profesor H\u00c9CTOR ERNESTO F\u00c9LIX TABARDILLO, un l\u00edder forjado en las aulas, desde los tiempos del gis y el pizarr\u00f3n, conocedor de las luchas y desaf\u00edos del gremio que representa.<\/p>\n\n\n\n<p>Desde su arribo a la Secretar\u00eda General, ha recorrido todas las regiones del Estado. Este jueves (ma\u00f1ana ), por segunda ocasi\u00f3n, estar\u00e1 en Puerto Pe\u00f1asco, en el marco del evento deportivo m\u00e1ster de la Secci\u00f3n 28, una actividad que refleja la cohesi\u00f3n y vida activa del sindicato.<\/p>\n\n\n\n<p><a href=\"https:\/\/www.facebook.com\/rafael.zunigamauz?__cft__[0]=AZaIL9Qlp0M_0rnassy-wF8xh6HwIEdV0sp_qEguTmXAoO5OLEegj_BwPqPY4qrw5rLcZ_T2YVI4LuHirtno4OO9R6vmCCFAxT7ubgFbVS6EgYIEvj2T1WJe1syHNz_g-kvhSXp-w0fWMsQe1kENobBD-EAhnnlhH3uXkXd-r7KFqw&amp;__tn__=-]K-R\">Rafael Z\u00fa\u00f1iga M\u00e1tuz<\/a> es columnista desde 1999 y miembro del Sindicato Nacional de Redactores de la Prensa.<\/p>\n\n\n\n<p><a href=\"https:\/\/www.facebook.com\/TabloideInformativo?__cft__[0]=AZaIL9Qlp0M_0rnassy-wF8xh6HwIEdV0sp_qEguTmXAoO5OLEegj_BwPqPY4qrw5rLcZ_T2YVI4LuHirtno4OO9R6vmCCFAxT7ubgFbVS6EgYIEvj2T1WJe1syHNz_g-kvhSXp-w0fWMsQe1kENobBD-EAhnnlhH3uXkXd-r7KFqw&amp;__tn__=-]K-R\">Tabloide informativo<\/a><\/p>\n\n\n\n<p>Etchojoa Sonora M\u00e9xico.<\/p>\n","protected":false},"excerpt":{"rendered":"<p>Secci\u00f3n 28 Punto de Vista Abril 22, 2026.- Hablar de la Secci\u00f3n 28 del SNTE&#8230;<\/p>\n","protected":false},"author":2,"featured_media":80060,"comment_status":"open","ping_status":"open","sticky":false,"template":"","format":"standard","meta":{"_jetpack_memberships_contains_paid_content":false,"footnotes":""},"categories":[6],"tags":[],"class_list":["post-80051","post","type-post","status-publish","format-standard","has-post-thumbnail","hentry","category-columnas"],"jetpack_featured_media_url":"https:\/\/i0.wp.com\/www.tabloideinformativo.com\/wp-content\/uploads\/2026\/04\/678910686_1413785950776642_2997943528238264320_n.jpg?fit=441%2C590&ssl=1","featured_image_urls":{"full":["https:\/\/i0.wp.com\/www.tabloideinformativo.com\/wp-content\/uploads\/2026\/04\/678910686_1413785950776642_2997943528238264320_n.jpg?fit=441%2C590&ssl=1",441,590,false],"thumbnail":["https:\/\/i0.wp.com\/www.tabloideinformativo.com\/wp-content\/uploads\/2026\/04\/678910686_1413785950776642_2997943528238264320_n.jpg?resize=150%2C150&ssl=1",150,150,true],"medium":["https:\/\/i0.wp.com\/www.tabloideinformativo.com\/wp-content\/uploads\/2026\/04\/678910686_1413785950776642_2997943528238264320_n.jpg?fit=224%2C300&ssl=1",224,300,true],"medium_large":["https:\/\/i0.wp.com\/www.tabloideinformativo.com\/wp-content\/uploads\/2026\/04\/678910686_1413785950776642_2997943528238264320_n.jpg?fit=441%2C590&ssl=1",441,590,true],"large":["https:\/\/i0.wp.com\/www.tabloideinformativo.com\/wp-content\/uploads\/2026\/04\/678910686_1413785950776642_2997943528238264320_n.jpg?fit=441%2C590&ssl=1",441,590,true],"1536x1536":["https:\/\/i0.wp.com\/www.tabloideinformativo.com\/wp-content\/uploads\/2026\/04\/678910686_1413785950776642_2997943528238264320_n.jpg?fit=441%2C590&ssl=1",441,590,true],"2048x2048":["https:\/\/i0.wp.com\/www.tabloideinformativo.com\/wp-content\/uploads\/2026\/04\/678910686_1413785950776642_2997943528238264320_n.jpg?fit=441%2C590&ssl=1",441,590,true],"covernews-featured":["https:\/\/i0.wp.com\/www.tabloideinformativo.com\/wp-content\/uploads\/2026\/04\/678910686_1413785950776642_2997943528238264320_n.jpg?fit=441%2C590&ssl=1",441,590,true],"covernews-medium":["https:\/\/i0.wp.com\/www.tabloideinformativo.com\/wp-content\/uploads\/2026\/04\/678910686_1413785950776642_2997943528238264320_n.jpg?resize=441%2C340&ssl=1",441,340,true]},"author_info":{"display_name":"Administrador","author_link":"https:\/\/www.tabloideinformativo.com\/?author=2"},"category_info":"<a href=\"https:\/\/www.tabloideinformativo.com\/?cat=6\" rel=\"category\">COLUMNAS<\/a>","tag_info":"COLUMNAS","comment_count":"0","jetpack_sharing_enabled":true,"jetpack_likes_enabled":true,"_links":{"self":[{"href":"https:\/\/www.tabloideinformativo.com\/index.php?rest_route=\/wp\/v2\/posts\/80051","targetHints":{"allow":["GET"]}}],"collection":[{"href":"https:\/\/www.tabloideinformativo.com\/index.php?rest_route=\/wp\/v2\/posts"}],"about":[{"href":"https:\/\/www.tabloideinformativo.com\/index.php?rest_route=\/wp\/v2\/types\/post"}],"author":[{"embeddable":true,"href":"https:\/\/www.tabloideinformativo.com\/index.php?rest_route=\/wp\/v2\/users\/2"}],"replies":[{"embeddable":true,"href":"https:\/\/www.tabloideinformativo.com\/index.php?rest_route=%2Fwp%2Fv2%2Fcomments&post=80051"}],"version-history":[{"count":1,"href":"https:\/\/www.tabloideinformativo.com\/index.php?rest_route=\/wp\/v2\/posts\/80051\/revisions"}],"predecessor-version":[{"id":80084,"href":"https:\/\/www.tabloideinformativo.com\/index.php?rest_route=\/wp\/v2\/posts\/80051\/revisions\/80084"}],"wp:featuredmedia":[{"embeddable":true,"href":"https:\/\/www.tabloideinformativo.com\/index.php?rest_route=\/wp\/v2\/media\/80060"}],"wp:attachment":[{"href":"https:\/\/www.tabloideinformativo.com\/index.php?rest_route=%2Fwp%2Fv2%2Fmedia&parent=80051"}],"wp:term":[{"taxonomy":"category","embeddable":true,"href":"https:\/\/www.tabloideinformativo.com\/index.php?rest_route=%2Fwp%2Fv2%2Fcategories&post=80051"},{"taxonomy":"post_tag","embeddable":true,"href":"https:\/\/www.tabloideinformativo.com\/index.php?rest_route=%2Fwp%2Fv2%2Ftags&post=80051"}],"curies":[{"name":"wp","href":"https:\/\/api.w.org\/{rel}","templated":true}]}}