{"id":80016,"date":"2026-04-26T02:50:00","date_gmt":"2026-04-26T09:50:00","guid":{"rendered":"https:\/\/www.tabloideinformativo.com\/?p=80016"},"modified":"2026-04-26T21:35:28","modified_gmt":"2026-04-27T04:35:28","slug":"respalda-el-agricultor-jose-arturo-morales-ruiz-reconversion-del-agro-en-sonora","status":"publish","type":"post","link":"https:\/\/www.tabloideinformativo.com\/?p=80016","title":{"rendered":"Respalda el agricultor Jos\u00e9 Arturo Morales Ruiz reconversi\u00f3n del agro en Sonora."},"content":{"rendered":"\n<figure class=\"wp-block-image size-full is-resized\"><img data-recalc-dims=\"1\" loading=\"lazy\" decoding=\"async\" width=\"443\" height=\"590\" src=\"https:\/\/i0.wp.com\/www.tabloideinformativo.com\/wp-content\/uploads\/2026\/04\/679416294_1414752650679972_3399241677172348622_n.jpg?resize=443%2C590&#038;ssl=1\" alt=\"\" class=\"wp-image-80028\" style=\"aspect-ratio:0.7508806314060968;width:146px;height:auto\" srcset=\"https:\/\/i0.wp.com\/www.tabloideinformativo.com\/wp-content\/uploads\/2026\/04\/679416294_1414752650679972_3399241677172348622_n.jpg?w=443&amp;ssl=1 443w, https:\/\/i0.wp.com\/www.tabloideinformativo.com\/wp-content\/uploads\/2026\/04\/679416294_1414752650679972_3399241677172348622_n.jpg?resize=225%2C300&amp;ssl=1 225w\" sizes=\"auto, (max-width: 443px) 100vw, 443px\" \/><\/figure>\n\n\n\n<p>Abril 23, 2026.- El presidente de la Uni\u00f3n de Cr\u00e9dito Agr\u00edcola del Mayo, C.P. Jos\u00e9 Arturo Morales Ru\u00edz, aval\u00f3 la propuesta del gobernador <a href=\"https:\/\/www.facebook.com\/AlfonsoDurazoMontano?__cft__[0]=AZZb5PWUjqBO73kdYUUvKvMHcCdsBurig2dCBHShuwJwQ-KTR1HLVCAQLJqXmdtsgjgHW5XJghSTAGNthcNcCAn8BDDuCk4S6VjClix4hoItdr8ce849cqDv0faOQ0ktLRPQiT1ofkRD5Pn6PYBEqGfBQcZALVaAnfPbEgaatAF6xg&amp;__tn__=-]K-R\">Alfonso Durazo<\/a> para impulsar la reconversi\u00f3n del agro sonorense.<\/p>\n\n\n\n<p>Ante los bajos rendimientos que actualmente presenta el cultivo de trigo, el agricultor Pepe Morales Ru\u00edz se\u00f1al\u00f3 que es momento de fortalecer este tipo de iniciativas que buscan dar viabilidad al sector agr\u00edcola.<\/p>\n\n\n\n<p>Destac\u00f3 que el impulso a la reconversi\u00f3n agr\u00edcola en el sur del Estado representa una alternativa necesaria, promoviendo el cambio de cultivos tradicionales como el trigo y el ma\u00edz por opciones de menor consumo de agua, ya sea el c\u00e1rtamo y la cebada.<\/p>\n\n\n\n<p>Subray\u00f3 el presidente de UCAMAYO que estas acciones permitir\u00e1n enfrentar de mejor manera la escasez h\u00eddrica y mejorar la rentabilidad de los productores de la regi\u00f3n.<\/p>\n\n\n\n<p><a href=\"https:\/\/www.facebook.com\/TabloideInformativo?__cft__[0]=AZZb5PWUjqBO73kdYUUvKvMHcCdsBurig2dCBHShuwJwQ-KTR1HLVCAQLJqXmdtsgjgHW5XJghSTAGNthcNcCAn8BDDuCk4S6VjClix4hoItdr8ce849cqDv0faOQ0ktLRPQiT1ofkRD5Pn6PYBEqGfBQcZALVaAnfPbEgaatAF6xg&amp;__tn__=-]K-R\">Tabloide informativo<\/a><\/p>\n\n\n\n<p><a href=\"https:\/\/www.facebook.com\/rafael.zunigamauz?__cft__[0]=AZZb5PWUjqBO73kdYUUvKvMHcCdsBurig2dCBHShuwJwQ-KTR1HLVCAQLJqXmdtsgjgHW5XJghSTAGNthcNcCAn8BDDuCk4S6VjClix4hoItdr8ce849cqDv0faOQ0ktLRPQiT1ofkRD5Pn6PYBEqGfBQcZALVaAnfPbEgaatAF6xg&amp;__tn__=-]K-R\">Rafael Z\u00fa\u00f1iga M\u00e1tuz<\/a><a href=\"https:\/\/www.facebook.com\/RadarSonoraNoticias?__cft__[0]=AZZb5PWUjqBO73kdYUUvKvMHcCdsBurig2dCBHShuwJwQ-KTR1HLVCAQLJqXmdtsgjgHW5XJghSTAGNthcNcCAn8BDDuCk4S6VjClix4hoItdr8ce849cqDv0faOQ0ktLRPQiT1ofkRD5Pn6PYBEqGfBQcZALVaAnfPbEgaatAF6xg&amp;__tn__=-]K-R\">Radar Sonora<\/a><a href=\"https:\/\/www.facebook.com\/maximoranieri.zazuetagutierrez?__cft__[0]=AZZb5PWUjqBO73kdYUUvKvMHcCdsBurig2dCBHShuwJwQ-KTR1HLVCAQLJqXmdtsgjgHW5XJghSTAGNthcNcCAn8BDDuCk4S6VjClix4hoItdr8ce849cqDv0faOQ0ktLRPQiT1ofkRD5Pn6PYBEqGfBQcZALVaAnfPbEgaatAF6xg&amp;__tn__=-]K-R\">Maximo Ranieri Zazueta Gutierrez<\/a><\/p>\n\n\n\n<p><a href=\"https:\/\/www.facebook.com\/hashtag\/tabloideinformativo?__cft__[0]=AZZb5PWUjqBO73kdYUUvKvMHcCdsBurig2dCBHShuwJwQ-KTR1HLVCAQLJqXmdtsgjgHW5XJghSTAGNthcNcCAn8BDDuCk4S6VjClix4hoItdr8ce849cqDv0faOQ0ktLRPQiT1ofkRD5Pn6PYBEqGfBQcZALVaAnfPbEgaatAF6xg&amp;__tn__=*NK-R\">#tabloideinformativo<\/a><a href=\"https:\/\/www.facebook.com\/hashtag\/puntodevista?__cft__[0]=AZZb5PWUjqBO73kdYUUvKvMHcCdsBurig2dCBHShuwJwQ-KTR1HLVCAQLJqXmdtsgjgHW5XJghSTAGNthcNcCAn8BDDuCk4S6VjClix4hoItdr8ce849cqDv0faOQ0ktLRPQiT1ofkRD5Pn6PYBEqGfBQcZALVaAnfPbEgaatAF6xg&amp;__tn__=*NK-R\">#PuntoDeVista<\/a><a href=\"https:\/\/www.facebook.com\/hashtag\/etchojoa?__cft__[0]=AZZb5PWUjqBO73kdYUUvKvMHcCdsBurig2dCBHShuwJwQ-KTR1HLVCAQLJqXmdtsgjgHW5XJghSTAGNthcNcCAn8BDDuCk4S6VjClix4hoItdr8ce849cqDv0faOQ0ktLRPQiT1ofkRD5Pn6PYBEqGfBQcZALVaAnfPbEgaatAF6xg&amp;__tn__=*NK-R\">#Etchojoa<\/a><a href=\"https:\/\/www.facebook.com\/hashtag\/agricultura?__cft__[0]=AZZb5PWUjqBO73kdYUUvKvMHcCdsBurig2dCBHShuwJwQ-KTR1HLVCAQLJqXmdtsgjgHW5XJghSTAGNthcNcCAn8BDDuCk4S6VjClix4hoItdr8ce849cqDv0faOQ0ktLRPQiT1ofkRD5Pn6PYBEqGfBQcZALVaAnfPbEgaatAF6xg&amp;__tn__=*NK-R\">#agricultura<\/a><a href=\"https:\/\/www.facebook.com\/hashtag\/sagarpa?__cft__[0]=AZZb5PWUjqBO73kdYUUvKvMHcCdsBurig2dCBHShuwJwQ-KTR1HLVCAQLJqXmdtsgjgHW5XJghSTAGNthcNcCAn8BDDuCk4S6VjClix4hoItdr8ce849cqDv0faOQ0ktLRPQiT1ofkRD5Pn6PYBEqGfBQcZALVaAnfPbEgaatAF6xg&amp;__tn__=*NK-R\">#SAGARPA<\/a><\/p>\n","protected":false},"excerpt":{"rendered":"<p>Abril 23, 2026.- El presidente de la Uni\u00f3n de Cr\u00e9dito Agr\u00edcola del Mayo, C.P. Jos\u00e9&#8230;<\/p>\n","protected":false},"author":2,"featured_media":80028,"comment_status":"open","ping_status":"open","sticky":false,"template":"","format":"standard","meta":{"_jetpack_memberships_contains_paid_content":false,"footnotes":""},"categories":[11,14,26],"tags":[],"class_list":["post-80016","post","type-post","status-publish","format-standard","has-post-thumbnail","hentry","category-estatal","category-general","category-principal"],"jetpack_featured_media_url":"https:\/\/i0.wp.com\/www.tabloideinformativo.com\/wp-content\/uploads\/2026\/04\/679416294_1414752650679972_3399241677172348622_n.jpg?fit=443%2C590&ssl=1","featured_image_urls":{"full":["https:\/\/i0.wp.com\/www.tabloideinformativo.com\/wp-content\/uploads\/2026\/04\/679416294_1414752650679972_3399241677172348622_n.jpg?fit=443%2C590&ssl=1",443,590,false],"thumbnail":["https:\/\/i0.wp.com\/www.tabloideinformativo.com\/wp-content\/uploads\/2026\/04\/679416294_1414752650679972_3399241677172348622_n.jpg?resize=150%2C150&ssl=1",150,150,true],"medium":["https:\/\/i0.wp.com\/www.tabloideinformativo.com\/wp-content\/uploads\/2026\/04\/679416294_1414752650679972_3399241677172348622_n.jpg?fit=225%2C300&ssl=1",225,300,true],"medium_large":["https:\/\/i0.wp.com\/www.tabloideinformativo.com\/wp-content\/uploads\/2026\/04\/679416294_1414752650679972_3399241677172348622_n.jpg?fit=443%2C590&ssl=1",443,590,true],"large":["https:\/\/i0.wp.com\/www.tabloideinformativo.com\/wp-content\/uploads\/2026\/04\/679416294_1414752650679972_3399241677172348622_n.jpg?fit=443%2C590&ssl=1",443,590,true],"1536x1536":["https:\/\/i0.wp.com\/www.tabloideinformativo.com\/wp-content\/uploads\/2026\/04\/679416294_1414752650679972_3399241677172348622_n.jpg?fit=443%2C590&ssl=1",443,590,true],"2048x2048":["https:\/\/i0.wp.com\/www.tabloideinformativo.com\/wp-content\/uploads\/2026\/04\/679416294_1414752650679972_3399241677172348622_n.jpg?fit=443%2C590&ssl=1",443,590,true],"covernews-featured":["https:\/\/i0.wp.com\/www.tabloideinformativo.com\/wp-content\/uploads\/2026\/04\/679416294_1414752650679972_3399241677172348622_n.jpg?fit=443%2C590&ssl=1",443,590,true],"covernews-medium":["https:\/\/i0.wp.com\/www.tabloideinformativo.com\/wp-content\/uploads\/2026\/04\/679416294_1414752650679972_3399241677172348622_n.jpg?resize=443%2C340&ssl=1",443,340,true]},"author_info":{"display_name":"Administrador","author_link":"https:\/\/www.tabloideinformativo.com\/?author=2"},"category_info":"<a href=\"https:\/\/www.tabloideinformativo.com\/?cat=11\" rel=\"category\">ESTATAL<\/a> <a href=\"https:\/\/www.tabloideinformativo.com\/?cat=14\" rel=\"category\">GENERAL<\/a> <a href=\"https:\/\/www.tabloideinformativo.com\/?cat=26\" rel=\"category\">PRINCIPAL<\/a>","tag_info":"PRINCIPAL","comment_count":"0","jetpack_sharing_enabled":true,"jetpack_likes_enabled":true,"_links":{"self":[{"href":"https:\/\/www.tabloideinformativo.com\/index.php?rest_route=\/wp\/v2\/posts\/80016","targetHints":{"allow":["GET"]}}],"collection":[{"href":"https:\/\/www.tabloideinformativo.com\/index.php?rest_route=\/wp\/v2\/posts"}],"about":[{"href":"https:\/\/www.tabloideinformativo.com\/index.php?rest_route=\/wp\/v2\/types\/post"}],"author":[{"embeddable":true,"href":"https:\/\/www.tabloideinformativo.com\/index.php?rest_route=\/wp\/v2\/users\/2"}],"replies":[{"embeddable":true,"href":"https:\/\/www.tabloideinformativo.com\/index.php?rest_route=%2Fwp%2Fv2%2Fcomments&post=80016"}],"version-history":[{"count":1,"href":"https:\/\/www.tabloideinformativo.com\/index.php?rest_route=\/wp\/v2\/posts\/80016\/revisions"}],"predecessor-version":[{"id":80041,"href":"https:\/\/www.tabloideinformativo.com\/index.php?rest_route=\/wp\/v2\/posts\/80016\/revisions\/80041"}],"wp:featuredmedia":[{"embeddable":true,"href":"https:\/\/www.tabloideinformativo.com\/index.php?rest_route=\/wp\/v2\/media\/80028"}],"wp:attachment":[{"href":"https:\/\/www.tabloideinformativo.com\/index.php?rest_route=%2Fwp%2Fv2%2Fmedia&parent=80016"}],"wp:term":[{"taxonomy":"category","embeddable":true,"href":"https:\/\/www.tabloideinformativo.com\/index.php?rest_route=%2Fwp%2Fv2%2Fcategories&post=80016"},{"taxonomy":"post_tag","embeddable":true,"href":"https:\/\/www.tabloideinformativo.com\/index.php?rest_route=%2Fwp%2Fv2%2Ftags&post=80016"}],"curies":[{"name":"wp","href":"https:\/\/api.w.org\/{rel}","templated":true}]}}