{"id":80014,"date":"2026-04-26T01:52:00","date_gmt":"2026-04-26T08:52:00","guid":{"rendered":"https:\/\/www.tabloideinformativo.com\/?p=80014"},"modified":"2026-04-26T21:34:47","modified_gmt":"2026-04-27T04:34:47","slug":"llama-gobierno-de-sonora-a-promover-el-uso-responsable-de-las-redes-sociales-sec","status":"publish","type":"post","link":"https:\/\/www.tabloideinformativo.com\/?p=80014","title":{"rendered":"Llama Gobierno de Sonora a promover el uso responsable de las redes sociales: SEC."},"content":{"rendered":"\n<figure class=\"wp-block-image size-full is-resized\"><img data-recalc-dims=\"1\" loading=\"lazy\" decoding=\"async\" width=\"332\" height=\"590\" src=\"https:\/\/i0.wp.com\/www.tabloideinformativo.com\/wp-content\/uploads\/2026\/04\/680774771_1414772440677993_868791991072112331_n.jpg?resize=332%2C590&#038;ssl=1\" alt=\"\" class=\"wp-image-80026\" style=\"aspect-ratio:0.562715186185709;width:127px;height:auto\" srcset=\"https:\/\/i0.wp.com\/www.tabloideinformativo.com\/wp-content\/uploads\/2026\/04\/680774771_1414772440677993_868791991072112331_n.jpg?w=332&amp;ssl=1 332w, https:\/\/i0.wp.com\/www.tabloideinformativo.com\/wp-content\/uploads\/2026\/04\/680774771_1414772440677993_868791991072112331_n.jpg?resize=169%2C300&amp;ssl=1 169w\" sizes=\"auto, (max-width: 332px) 100vw, 332px\" \/><\/figure>\n\n\n\n<p><a href=\"https:\/\/www.facebook.com\/hashtag\/hermosillo?__cft__[0]=AZZ_MUq_YLmp_Lvapc8Jch3t5XyW-tBPnz4ampS6Qd_5ihYJNEIkmH2uv2WTMg5N-Tsqj05yrWOydD1A4-A1zaOX4jpNN00EXeW8EUD8Kc7ZpmU3jwcu5_BF6Mwv9kIue9wvD_dM3deAb39V0WM0z1_f7JYKCy2zjox0S41sJKfIeg&amp;__tn__=*NK-R\">#Hermosillo<\/a>, <a href=\"https:\/\/www.facebook.com\/hashtag\/sonora?__cft__[0]=AZZ_MUq_YLmp_Lvapc8Jch3t5XyW-tBPnz4ampS6Qd_5ihYJNEIkmH2uv2WTMg5N-Tsqj05yrWOydD1A4-A1zaOX4jpNN00EXeW8EUD8Kc7ZpmU3jwcu5_BF6Mwv9kIue9wvD_dM3deAb39V0WM0z1_f7JYKCy2zjox0S41sJKfIeg&amp;__tn__=*NK-R\">#Sonora<\/a>; 23 de abril de 2026.- El Gobierno del Estado de Sonora, a trav\u00e9s de la Secretar\u00eda de Educaci\u00f3n y Cultura (SEC), hizo un llamado a rechazar cualquier tendencia que incite a la violencia a trav\u00e9s de las redes sociales e invit\u00f3 a hacer buen uso de ellas para promover acciones que afirmen los valores de paz y buena convivencia, sumando activamente a la comunidad estudiantil.<\/p>\n\n\n\n<p>El titular de la SEC, <a href=\"https:\/\/www.facebook.com\/FroylanGamezG?__cft__[0]=AZZ_MUq_YLmp_Lvapc8Jch3t5XyW-tBPnz4ampS6Qd_5ihYJNEIkmH2uv2WTMg5N-Tsqj05yrWOydD1A4-A1zaOX4jpNN00EXeW8EUD8Kc7ZpmU3jwcu5_BF6Mwv9kIue9wvD_dM3deAb39V0WM0z1_f7JYKCy2zjox0S41sJKfIeg&amp;__tn__=-]K-R\">Froyl\u00e1n G\u00e1mez Gamboa<\/a>, enfatiz\u00f3 que las escuelas son un espacio seguro, de aprendizaje y convivencia sana, que debe mantenerse libre de cualquier manifestaci\u00f3n que atente contra la integridad de docentes, estudiantes y padres de familia.<\/p>\n\n\n\n<p>Asegur\u00f3 que cualquier amenaza contra la comunidad escolar es tomada seriamente por las corporaciones de seguridad p\u00fablica, por lo cual se generan movilizaciones de elementos para garantizar su integridad, distray\u00e9ndolos de emergencias reales.<\/p>\n\n\n\n<p>Ante esta situaci\u00f3n, invit\u00f3 a colaborar en la estrategia para evitar la difusi\u00f3n de amenazas, \u201cbromas\u201d o mensajes que generen temor, incluidos retos virales o publicaciones sin verificar relacionadas con posibles hechos violentos en planteles escolares.<\/p>\n\n\n\n<p>G\u00e1mez Gamboa detall\u00f3 que existe coordinaci\u00f3n permanente con las corporaciones de seguridad p\u00fablica y aunque por el momento no existe evidencia de riesgos reales, se contin\u00faa con el monitoreo y las acciones preventivas necesarias.<\/p>\n\n\n\n<p>El funcionario estatal se sum\u00f3 al llamado que han realizado autoridades de los tres niveles de gobierno a los medios de comunicaci\u00f3n, para privilegiar la informaci\u00f3n responsable y verificada.<\/p>\n\n\n\n<p>Por otra parte, mencion\u00f3 la importancia de iniciativas como la Estrategia Nacional de Atenci\u00f3n a la Salud Mental para las y los J\u00f3venes. El ABC de las Emociones, anunciado por la presidenta de <a href=\"https:\/\/www.facebook.com\/hashtag\/m%C3%A9xico?__cft__[0]=AZZ_MUq_YLmp_Lvapc8Jch3t5XyW-tBPnz4ampS6Qd_5ihYJNEIkmH2uv2WTMg5N-Tsqj05yrWOydD1A4-A1zaOX4jpNN00EXeW8EUD8Kc7ZpmU3jwcu5_BF6Mwv9kIue9wvD_dM3deAb39V0WM0z1_f7JYKCy2zjox0S41sJKfIeg&amp;__tn__=*NK-R\">#M\u00e9xico<\/a>, Claudia Sheinbaum Pardo, misma que contar\u00e1 con todo el respaldo del gobernador <a href=\"https:\/\/www.facebook.com\/AlfonsoDurazoMontano?__cft__[0]=AZZ_MUq_YLmp_Lvapc8Jch3t5XyW-tBPnz4ampS6Qd_5ihYJNEIkmH2uv2WTMg5N-Tsqj05yrWOydD1A4-A1zaOX4jpNN00EXeW8EUD8Kc7ZpmU3jwcu5_BF6Mwv9kIue9wvD_dM3deAb39V0WM0z1_f7JYKCy2zjox0S41sJKfIeg&amp;__tn__=-]K-R\">Alfonso Durazo<\/a>.<\/p>\n\n\n\n<p>El programa tendr\u00e1 como objetivo principal promover el bienestar socioemocional de j\u00f3venes entre 14 y 18 a\u00f1os, estudiantes de tercero de secundaria y bachillerato.<\/p>\n","protected":false},"excerpt":{"rendered":"<p>#Hermosillo, #Sonora; 23 de abril de 2026.- El Gobierno del Estado de Sonora, a trav\u00e9s&#8230;<\/p>\n","protected":false},"author":2,"featured_media":80026,"comment_status":"open","ping_status":"open","sticky":false,"template":"","format":"standard","meta":{"_jetpack_memberships_contains_paid_content":false,"footnotes":""},"categories":[14,17,26],"tags":[],"class_list":["post-80014","post","type-post","status-publish","format-standard","has-post-thumbnail","hentry","category-general","category-hermosillo","category-principal"],"jetpack_featured_media_url":"https:\/\/i0.wp.com\/www.tabloideinformativo.com\/wp-content\/uploads\/2026\/04\/680774771_1414772440677993_868791991072112331_n.jpg?fit=332%2C590&ssl=1","featured_image_urls":{"full":["https:\/\/i0.wp.com\/www.tabloideinformativo.com\/wp-content\/uploads\/2026\/04\/680774771_1414772440677993_868791991072112331_n.jpg?fit=332%2C590&ssl=1",332,590,false],"thumbnail":["https:\/\/i0.wp.com\/www.tabloideinformativo.com\/wp-content\/uploads\/2026\/04\/680774771_1414772440677993_868791991072112331_n.jpg?resize=150%2C150&ssl=1",150,150,true],"medium":["https:\/\/i0.wp.com\/www.tabloideinformativo.com\/wp-content\/uploads\/2026\/04\/680774771_1414772440677993_868791991072112331_n.jpg?fit=169%2C300&ssl=1",169,300,true],"medium_large":["https:\/\/i0.wp.com\/www.tabloideinformativo.com\/wp-content\/uploads\/2026\/04\/680774771_1414772440677993_868791991072112331_n.jpg?fit=332%2C590&ssl=1",332,590,true],"large":["https:\/\/i0.wp.com\/www.tabloideinformativo.com\/wp-content\/uploads\/2026\/04\/680774771_1414772440677993_868791991072112331_n.jpg?fit=332%2C590&ssl=1",332,590,true],"1536x1536":["https:\/\/i0.wp.com\/www.tabloideinformativo.com\/wp-content\/uploads\/2026\/04\/680774771_1414772440677993_868791991072112331_n.jpg?fit=332%2C590&ssl=1",332,590,true],"2048x2048":["https:\/\/i0.wp.com\/www.tabloideinformativo.com\/wp-content\/uploads\/2026\/04\/680774771_1414772440677993_868791991072112331_n.jpg?fit=332%2C590&ssl=1",332,590,true],"covernews-featured":["https:\/\/i0.wp.com\/www.tabloideinformativo.com\/wp-content\/uploads\/2026\/04\/680774771_1414772440677993_868791991072112331_n.jpg?fit=332%2C590&ssl=1",332,590,true],"covernews-medium":["https:\/\/i0.wp.com\/www.tabloideinformativo.com\/wp-content\/uploads\/2026\/04\/680774771_1414772440677993_868791991072112331_n.jpg?resize=332%2C340&ssl=1",332,340,true]},"author_info":{"display_name":"Administrador","author_link":"https:\/\/www.tabloideinformativo.com\/?author=2"},"category_info":"<a href=\"https:\/\/www.tabloideinformativo.com\/?cat=14\" rel=\"category\">GENERAL<\/a> <a href=\"https:\/\/www.tabloideinformativo.com\/?cat=17\" rel=\"category\">HERMOSILLO<\/a> <a href=\"https:\/\/www.tabloideinformativo.com\/?cat=26\" rel=\"category\">PRINCIPAL<\/a>","tag_info":"PRINCIPAL","comment_count":"0","jetpack_sharing_enabled":true,"jetpack_likes_enabled":true,"_links":{"self":[{"href":"https:\/\/www.tabloideinformativo.com\/index.php?rest_route=\/wp\/v2\/posts\/80014","targetHints":{"allow":["GET"]}}],"collection":[{"href":"https:\/\/www.tabloideinformativo.com\/index.php?rest_route=\/wp\/v2\/posts"}],"about":[{"href":"https:\/\/www.tabloideinformativo.com\/index.php?rest_route=\/wp\/v2\/types\/post"}],"author":[{"embeddable":true,"href":"https:\/\/www.tabloideinformativo.com\/index.php?rest_route=\/wp\/v2\/users\/2"}],"replies":[{"embeddable":true,"href":"https:\/\/www.tabloideinformativo.com\/index.php?rest_route=%2Fwp%2Fv2%2Fcomments&post=80014"}],"version-history":[{"count":1,"href":"https:\/\/www.tabloideinformativo.com\/index.php?rest_route=\/wp\/v2\/posts\/80014\/revisions"}],"predecessor-version":[{"id":80039,"href":"https:\/\/www.tabloideinformativo.com\/index.php?rest_route=\/wp\/v2\/posts\/80014\/revisions\/80039"}],"wp:featuredmedia":[{"embeddable":true,"href":"https:\/\/www.tabloideinformativo.com\/index.php?rest_route=\/wp\/v2\/media\/80026"}],"wp:attachment":[{"href":"https:\/\/www.tabloideinformativo.com\/index.php?rest_route=%2Fwp%2Fv2%2Fmedia&parent=80014"}],"wp:term":[{"taxonomy":"category","embeddable":true,"href":"https:\/\/www.tabloideinformativo.com\/index.php?rest_route=%2Fwp%2Fv2%2Fcategories&post=80014"},{"taxonomy":"post_tag","embeddable":true,"href":"https:\/\/www.tabloideinformativo.com\/index.php?rest_route=%2Fwp%2Fv2%2Ftags&post=80014"}],"curies":[{"name":"wp","href":"https:\/\/api.w.org\/{rel}","templated":true}]}}