{"id":80013,"date":"2026-04-26T01:20:00","date_gmt":"2026-04-26T08:20:00","guid":{"rendered":"https:\/\/www.tabloideinformativo.com\/?p=80013"},"modified":"2026-04-26T21:33:04","modified_gmt":"2026-04-27T04:33:04","slug":"secretario-general-de-la-seccion-28-presencia-trabajos-de-la-prodet-en-puerto-penasco","status":"publish","type":"post","link":"https:\/\/www.tabloideinformativo.com\/?p=80013","title":{"rendered":"Secretario General de la Secci\u00f3n 28 presencia trabajos de la PRODET en Puerto Pe\u00f1asco."},"content":{"rendered":"\n<figure class=\"wp-block-image size-full is-resized\"><img data-recalc-dims=\"1\" loading=\"lazy\" decoding=\"async\" width=\"590\" height=\"332\" src=\"https:\/\/i0.wp.com\/www.tabloideinformativo.com\/wp-content\/uploads\/2026\/04\/680358842_1414814880673749_8135337968958330730_n.jpg?resize=590%2C332&#038;ssl=1\" alt=\"\" class=\"wp-image-80025\" style=\"aspect-ratio:1.7771920741751777;width:319px;height:auto\" srcset=\"https:\/\/i0.wp.com\/www.tabloideinformativo.com\/wp-content\/uploads\/2026\/04\/680358842_1414814880673749_8135337968958330730_n.jpg?w=590&amp;ssl=1 590w, https:\/\/i0.wp.com\/www.tabloideinformativo.com\/wp-content\/uploads\/2026\/04\/680358842_1414814880673749_8135337968958330730_n.jpg?resize=300%2C169&amp;ssl=1 300w\" sizes=\"auto, (max-width: 590px) 100vw, 590px\" \/><\/figure>\n\n\n\n<p>Abril 23, 2026.- En el marco de la preparaci\u00f3n del ciclo escolar 2026\u20132027, se llevaron a cabo los trabajos de la Programaci\u00f3n Detallada (PRODET) correspondientes a los niveles de Preescolar y Primaria en la Regi\u00f3n XI de Puerto Pe\u00f1asco.<\/p>\n\n\n\n<p>El Profr. <a href=\"https:\/\/www.facebook.com\/ernesto.felixtabardillo?__cft__[0]=AZbcSJixB9PE8iCVWgzPzA8Zda_mmxzbqzH2GTWU_k3l2E8lp3I84S3lll4VvRMeAZ78zcNQK1Zt-mCrOOih6EVc4UAN_KbWBzQV1cTRKuEAvs8wER9H-soaCt0AYh8f8yRlFKfRXMVfPUvIkqALN_w4Y9DeHMTjRZA0HRh3uoa1Qg&amp;__tn__=-]K-R\">Ernesto Felix Tabardillo<\/a> Secretario General de la Secci\u00f3n 28, estuvo presente durante la jornada, donde reconoci\u00f3 y felicit\u00f3 a las autoridades educativas, as\u00ed como a la estructura sindical y directivos, por su compromiso y coordinaci\u00f3n en la defensa de los derechos de las y los trabajadores de la educaci\u00f3n.<\/p>\n\n\n\n<p>Estos trabajos forman parte de la planeaci\u00f3n estrat\u00e9gica que permitir\u00e1 fortalecer la organizaci\u00f3n y funcionamiento del pr\u00f3ximo ciclo escolar en la regi\u00f3n.<\/p>\n\n\n\n<p><a href=\"https:\/\/www.facebook.com\/hashtag\/estamosparaservirles?__cft__[0]=AZbcSJixB9PE8iCVWgzPzA8Zda_mmxzbqzH2GTWU_k3l2E8lp3I84S3lll4VvRMeAZ78zcNQK1Zt-mCrOOih6EVc4UAN_KbWBzQV1cTRKuEAvs8wER9H-soaCt0AYh8f8yRlFKfRXMVfPUvIkqALN_w4Y9DeHMTjRZA0HRh3uoa1Qg&amp;__tn__=*NK-R\">#EstamosParaServirles<\/a><\/p>\n\n\n\n<p><a href=\"https:\/\/www.facebook.com\/hashtag\/unosomostodosytodossomosuno?__cft__[0]=AZbcSJixB9PE8iCVWgzPzA8Zda_mmxzbqzH2GTWU_k3l2E8lp3I84S3lll4VvRMeAZ78zcNQK1Zt-mCrOOih6EVc4UAN_KbWBzQV1cTRKuEAvs8wER9H-soaCt0AYh8f8yRlFKfRXMVfPUvIkqALN_w4Y9DeHMTjRZA0HRh3uoa1Qg&amp;__tn__=*NK-R\">#UnoSomosTodosyTodosSomosUno<\/a><\/p>\n\n\n\n<p><a href=\"https:\/\/www.facebook.com\/TabloideInformativo?__cft__[0]=AZbcSJixB9PE8iCVWgzPzA8Zda_mmxzbqzH2GTWU_k3l2E8lp3I84S3lll4VvRMeAZ78zcNQK1Zt-mCrOOih6EVc4UAN_KbWBzQV1cTRKuEAvs8wER9H-soaCt0AYh8f8yRlFKfRXMVfPUvIkqALN_w4Y9DeHMTjRZA0HRh3uoa1Qg&amp;__tn__=-]K-R\">Tabloide informativo<\/a><\/p>\n\n\n\n<p><a href=\"https:\/\/www.facebook.com\/rafael.zunigamauz?__cft__[0]=AZbcSJixB9PE8iCVWgzPzA8Zda_mmxzbqzH2GTWU_k3l2E8lp3I84S3lll4VvRMeAZ78zcNQK1Zt-mCrOOih6EVc4UAN_KbWBzQV1cTRKuEAvs8wER9H-soaCt0AYh8f8yRlFKfRXMVfPUvIkqALN_w4Y9DeHMTjRZA0HRh3uoa1Qg&amp;__tn__=-]K-R\">Rafael Z\u00fa\u00f1iga M\u00e1tuz<\/a><\/p>\n\n\n\n<p><a href=\"https:\/\/www.facebook.com\/hashtag\/tabloideinformativo?__cft__[0]=AZbcSJixB9PE8iCVWgzPzA8Zda_mmxzbqzH2GTWU_k3l2E8lp3I84S3lll4VvRMeAZ78zcNQK1Zt-mCrOOih6EVc4UAN_KbWBzQV1cTRKuEAvs8wER9H-soaCt0AYh8f8yRlFKfRXMVfPUvIkqALN_w4Y9DeHMTjRZA0HRh3uoa1Qg&amp;__tn__=*NK-R\">#tabloideinformativo<\/a><a href=\"https:\/\/www.facebook.com\/hashtag\/puntodevista?__cft__[0]=AZbcSJixB9PE8iCVWgzPzA8Zda_mmxzbqzH2GTWU_k3l2E8lp3I84S3lll4VvRMeAZ78zcNQK1Zt-mCrOOih6EVc4UAN_KbWBzQV1cTRKuEAvs8wER9H-soaCt0AYh8f8yRlFKfRXMVfPUvIkqALN_w4Y9DeHMTjRZA0HRh3uoa1Qg&amp;__tn__=*NK-R\">#PuntoDeVista<\/a><a href=\"https:\/\/www.facebook.com\/hashtag\/etchojoa?__cft__[0]=AZbcSJixB9PE8iCVWgzPzA8Zda_mmxzbqzH2GTWU_k3l2E8lp3I84S3lll4VvRMeAZ78zcNQK1Zt-mCrOOih6EVc4UAN_KbWBzQV1cTRKuEAvs8wER9H-soaCt0AYh8f8yRlFKfRXMVfPUvIkqALN_w4Y9DeHMTjRZA0HRh3uoa1Qg&amp;__tn__=*NK-R\">#Etchojoa<\/a><a href=\"https:\/\/www.facebook.com\/hashtag\/sonora?__cft__[0]=AZbcSJixB9PE8iCVWgzPzA8Zda_mmxzbqzH2GTWU_k3l2E8lp3I84S3lll4VvRMeAZ78zcNQK1Zt-mCrOOih6EVc4UAN_KbWBzQV1cTRKuEAvs8wER9H-soaCt0AYh8f8yRlFKfRXMVfPUvIkqALN_w4Y9DeHMTjRZA0HRh3uoa1Qg&amp;__tn__=*NK-R\">#Sonora<\/a><a href=\"https:\/\/www.facebook.com\/hashtag\/m%C3%A9xico?__cft__[0]=AZbcSJixB9PE8iCVWgzPzA8Zda_mmxzbqzH2GTWU_k3l2E8lp3I84S3lll4VvRMeAZ78zcNQK1Zt-mCrOOih6EVc4UAN_KbWBzQV1cTRKuEAvs8wER9H-soaCt0AYh8f8yRlFKfRXMVfPUvIkqALN_w4Y9DeHMTjRZA0HRh3uoa1Qg&amp;__tn__=*NK-R\">#M\u00e9xico<\/a><\/p>\n","protected":false},"excerpt":{"rendered":"<p>Abril 23, 2026.- En el marco de la preparaci\u00f3n del ciclo escolar 2026\u20132027, se llevaron&#8230;<\/p>\n","protected":false},"author":2,"featured_media":80025,"comment_status":"open","ping_status":"open","sticky":false,"template":"","format":"standard","meta":{"_jetpack_memberships_contains_paid_content":false,"footnotes":""},"categories":[11,26],"tags":[],"class_list":["post-80013","post","type-post","status-publish","format-standard","has-post-thumbnail","hentry","category-estatal","category-principal"],"jetpack_featured_media_url":"https:\/\/i0.wp.com\/www.tabloideinformativo.com\/wp-content\/uploads\/2026\/04\/680358842_1414814880673749_8135337968958330730_n.jpg?fit=590%2C332&ssl=1","featured_image_urls":{"full":["https:\/\/i0.wp.com\/www.tabloideinformativo.com\/wp-content\/uploads\/2026\/04\/680358842_1414814880673749_8135337968958330730_n.jpg?fit=590%2C332&ssl=1",590,332,false],"thumbnail":["https:\/\/i0.wp.com\/www.tabloideinformativo.com\/wp-content\/uploads\/2026\/04\/680358842_1414814880673749_8135337968958330730_n.jpg?resize=150%2C150&ssl=1",150,150,true],"medium":["https:\/\/i0.wp.com\/www.tabloideinformativo.com\/wp-content\/uploads\/2026\/04\/680358842_1414814880673749_8135337968958330730_n.jpg?fit=300%2C169&ssl=1",300,169,true],"medium_large":["https:\/\/i0.wp.com\/www.tabloideinformativo.com\/wp-content\/uploads\/2026\/04\/680358842_1414814880673749_8135337968958330730_n.jpg?fit=590%2C332&ssl=1",590,332,true],"large":["https:\/\/i0.wp.com\/www.tabloideinformativo.com\/wp-content\/uploads\/2026\/04\/680358842_1414814880673749_8135337968958330730_n.jpg?fit=590%2C332&ssl=1",590,332,true],"1536x1536":["https:\/\/i0.wp.com\/www.tabloideinformativo.com\/wp-content\/uploads\/2026\/04\/680358842_1414814880673749_8135337968958330730_n.jpg?fit=590%2C332&ssl=1",590,332,true],"2048x2048":["https:\/\/i0.wp.com\/www.tabloideinformativo.com\/wp-content\/uploads\/2026\/04\/680358842_1414814880673749_8135337968958330730_n.jpg?fit=590%2C332&ssl=1",590,332,true],"covernews-featured":["https:\/\/i0.wp.com\/www.tabloideinformativo.com\/wp-content\/uploads\/2026\/04\/680358842_1414814880673749_8135337968958330730_n.jpg?fit=590%2C332&ssl=1",590,332,true],"covernews-medium":["https:\/\/i0.wp.com\/www.tabloideinformativo.com\/wp-content\/uploads\/2026\/04\/680358842_1414814880673749_8135337968958330730_n.jpg?resize=540%2C332&ssl=1",540,332,true]},"author_info":{"display_name":"Administrador","author_link":"https:\/\/www.tabloideinformativo.com\/?author=2"},"category_info":"<a href=\"https:\/\/www.tabloideinformativo.com\/?cat=11\" rel=\"category\">ESTATAL<\/a> <a href=\"https:\/\/www.tabloideinformativo.com\/?cat=26\" rel=\"category\">PRINCIPAL<\/a>","tag_info":"PRINCIPAL","comment_count":"0","jetpack_sharing_enabled":true,"jetpack_likes_enabled":true,"_links":{"self":[{"href":"https:\/\/www.tabloideinformativo.com\/index.php?rest_route=\/wp\/v2\/posts\/80013","targetHints":{"allow":["GET"]}}],"collection":[{"href":"https:\/\/www.tabloideinformativo.com\/index.php?rest_route=\/wp\/v2\/posts"}],"about":[{"href":"https:\/\/www.tabloideinformativo.com\/index.php?rest_route=\/wp\/v2\/types\/post"}],"author":[{"embeddable":true,"href":"https:\/\/www.tabloideinformativo.com\/index.php?rest_route=\/wp\/v2\/users\/2"}],"replies":[{"embeddable":true,"href":"https:\/\/www.tabloideinformativo.com\/index.php?rest_route=%2Fwp%2Fv2%2Fcomments&post=80013"}],"version-history":[{"count":1,"href":"https:\/\/www.tabloideinformativo.com\/index.php?rest_route=\/wp\/v2\/posts\/80013\/revisions"}],"predecessor-version":[{"id":80038,"href":"https:\/\/www.tabloideinformativo.com\/index.php?rest_route=\/wp\/v2\/posts\/80013\/revisions\/80038"}],"wp:featuredmedia":[{"embeddable":true,"href":"https:\/\/www.tabloideinformativo.com\/index.php?rest_route=\/wp\/v2\/media\/80025"}],"wp:attachment":[{"href":"https:\/\/www.tabloideinformativo.com\/index.php?rest_route=%2Fwp%2Fv2%2Fmedia&parent=80013"}],"wp:term":[{"taxonomy":"category","embeddable":true,"href":"https:\/\/www.tabloideinformativo.com\/index.php?rest_route=%2Fwp%2Fv2%2Fcategories&post=80013"},{"taxonomy":"post_tag","embeddable":true,"href":"https:\/\/www.tabloideinformativo.com\/index.php?rest_route=%2Fwp%2Fv2%2Ftags&post=80013"}],"curies":[{"name":"wp","href":"https:\/\/api.w.org\/{rel}","templated":true}]}}