{"id":79994,"date":"2026-04-25T21:04:06","date_gmt":"2026-04-26T04:04:06","guid":{"rendered":"https:\/\/www.tabloideinformativo.com\/?p=79994"},"modified":"2026-04-26T21:20:18","modified_gmt":"2026-04-27T04:20:18","slug":"arranca-taller-mini-chef-en-navojoa-con-motivo-del-dia-del-nino","status":"publish","type":"post","link":"https:\/\/www.tabloideinformativo.com\/?p=79994","title":{"rendered":"Arranca taller \u201cMini Chef\u201d en Navojoa con motivo del D\u00eda del Ni\u00f1o."},"content":{"rendered":"\n<figure class=\"wp-block-image size-full is-resized\"><img data-recalc-dims=\"1\" loading=\"lazy\" decoding=\"async\" width=\"472\" height=\"590\" src=\"https:\/\/i0.wp.com\/www.tabloideinformativo.com\/wp-content\/uploads\/2026\/04\/678679384_1415022547319649_8736412238770269914_n.jpg?resize=472%2C590&#038;ssl=1\" alt=\"\" class=\"wp-image-79995\" style=\"aspect-ratio:0.8000158906721754;width:193px;height:auto\" srcset=\"https:\/\/i0.wp.com\/www.tabloideinformativo.com\/wp-content\/uploads\/2026\/04\/678679384_1415022547319649_8736412238770269914_n.jpg?w=472&amp;ssl=1 472w, https:\/\/i0.wp.com\/www.tabloideinformativo.com\/wp-content\/uploads\/2026\/04\/678679384_1415022547319649_8736412238770269914_n.jpg?resize=240%2C300&amp;ssl=1 240w\" sizes=\"auto, (max-width: 472px) 100vw, 472px\" \/><\/figure>\n\n\n\n<p><a href=\"https:\/\/www.facebook.com\/profile.php?id=61566740163991&amp;__cft__[0]=AZbIjLMHvj2jzOXA8HibtKqZT9bxWV5R1IOB55aMRDsqRyd9gue8Ocko3SPotnPxTSt_ARHNEXzR35n0SWasOYe7e8ytzsJMen3lr85CKyGXbqPknjuPVj9TUI3-holmpiwPgVZXSQNi-UbG3V4GBYmJHfPd4DwIPChYQ4WPKM1PWg&amp;__tn__=-]K-R\">Universidad Hispana Navojoa<\/a> la gran organizadora.<\/p>\n\n\n\n<p>Abril 23, 2026.- Con gran entusiasmo dio inicio el taller \u201cMini Chef\u201d, organizado por la Universidad Hispana Campus Navojoa en coordinaci\u00f3n con el Banco de Alimentos, en Navojoa.<\/p>\n\n\n\n<p>Durante esta actividad, alumnos de la carrera de Gastronom\u00eda, acompa\u00f1ados por el chef Samuel S\u00e1nchez, ense\u00f1ar\u00e1n a ni\u00f1as y ni\u00f1os la preparaci\u00f3n de diversos platillos y postres, fomentando el aprendizaje a trav\u00e9s de la convivencia y la creatividad en la cocina.<\/p>\n\n\n\n<p>Ni\u00f1os provenientes de distintas comunidades de la Regi\u00f3n del Mayo vivir\u00e1n dos d\u00edas llenos de alegr\u00eda y formaci\u00f3n, en el marco de la celebraci\u00f3n del D\u00eda del Ni\u00f1o.<\/p>\n\n\n\n<p>Los organizadores agradecieron a todas las personas e instituciones que se sumaron a esta noble causa, destacando el valor de impulsar actividades que fortalezcan la comunidad y promuevan la participaci\u00f3n infantil.<\/p>\n\n\n\n<p><a href=\"https:\/\/www.facebook.com\/hashtag\/d%C3%ADadelni%C3%B1o?__cft__[0]=AZbIjLMHvj2jzOXA8HibtKqZT9bxWV5R1IOB55aMRDsqRyd9gue8Ocko3SPotnPxTSt_ARHNEXzR35n0SWasOYe7e8ytzsJMen3lr85CKyGXbqPknjuPVj9TUI3-holmpiwPgVZXSQNi-UbG3V4GBYmJHfPd4DwIPChYQ4WPKM1PWg&amp;__tn__=*NK-R\">#D\u00edaDelNi\u00f1o<\/a><a href=\"https:\/\/www.facebook.com\/hashtag\/minichef?__cft__[0]=AZbIjLMHvj2jzOXA8HibtKqZT9bxWV5R1IOB55aMRDsqRyd9gue8Ocko3SPotnPxTSt_ARHNEXzR35n0SWasOYe7e8ytzsJMen3lr85CKyGXbqPknjuPVj9TUI3-holmpiwPgVZXSQNi-UbG3V4GBYmJHfPd4DwIPChYQ4WPKM1PWg&amp;__tn__=*NK-R\">#MiniChef<\/a><a href=\"https:\/\/www.facebook.com\/hashtag\/alegr%C3%ADa?__cft__[0]=AZbIjLMHvj2jzOXA8HibtKqZT9bxWV5R1IOB55aMRDsqRyd9gue8Ocko3SPotnPxTSt_ARHNEXzR35n0SWasOYe7e8ytzsJMen3lr85CKyGXbqPknjuPVj9TUI3-holmpiwPgVZXSQNi-UbG3V4GBYmJHfPd4DwIPChYQ4WPKM1PWg&amp;__tn__=*NK-R\">#Alegr\u00eda<\/a><a href=\"https:\/\/www.facebook.com\/hashtag\/comunidad?__cft__[0]=AZbIjLMHvj2jzOXA8HibtKqZT9bxWV5R1IOB55aMRDsqRyd9gue8Ocko3SPotnPxTSt_ARHNEXzR35n0SWasOYe7e8ytzsJMen3lr85CKyGXbqPknjuPVj9TUI3-holmpiwPgVZXSQNi-UbG3V4GBYmJHfPd4DwIPChYQ4WPKM1PWg&amp;__tn__=*NK-R\">#Comunidad<\/a><a href=\"https:\/\/www.facebook.com\/hashtag\/regi%C3%B3ndelmayo?__cft__[0]=AZbIjLMHvj2jzOXA8HibtKqZT9bxWV5R1IOB55aMRDsqRyd9gue8Ocko3SPotnPxTSt_ARHNEXzR35n0SWasOYe7e8ytzsJMen3lr85CKyGXbqPknjuPVj9TUI3-holmpiwPgVZXSQNi-UbG3V4GBYmJHfPd4DwIPChYQ4WPKM1PWg&amp;__tn__=*NK-R\">#Regi\u00f3nDelMayo<\/a><a href=\"https:\/\/www.facebook.com\/hashtag\/somosgastros?__cft__[0]=AZbIjLMHvj2jzOXA8HibtKqZT9bxWV5R1IOB55aMRDsqRyd9gue8Ocko3SPotnPxTSt_ARHNEXzR35n0SWasOYe7e8ytzsJMen3lr85CKyGXbqPknjuPVj9TUI3-holmpiwPgVZXSQNi-UbG3V4GBYmJHfPd4DwIPChYQ4WPKM1PWg&amp;__tn__=*NK-R\">#SomosGastros<\/a><a href=\"https:\/\/www.facebook.com\/hashtag\/losmejores?__cft__[0]=AZbIjLMHvj2jzOXA8HibtKqZT9bxWV5R1IOB55aMRDsqRyd9gue8Ocko3SPotnPxTSt_ARHNEXzR35n0SWasOYe7e8ytzsJMen3lr85CKyGXbqPknjuPVj9TUI3-holmpiwPgVZXSQNi-UbG3V4GBYmJHfPd4DwIPChYQ4WPKM1PWg&amp;__tn__=*NK-R\">#LosMejores<\/a><\/p>\n\n\n\n<p><a href=\"https:\/\/www.facebook.com\/rafael.zunigamauz?__cft__[0]=AZbIjLMHvj2jzOXA8HibtKqZT9bxWV5R1IOB55aMRDsqRyd9gue8Ocko3SPotnPxTSt_ARHNEXzR35n0SWasOYe7e8ytzsJMen3lr85CKyGXbqPknjuPVj9TUI3-holmpiwPgVZXSQNi-UbG3V4GBYmJHfPd4DwIPChYQ4WPKM1PWg&amp;__tn__=-]K-R\">Rafael Z\u00fa\u00f1iga M\u00e1tuz<\/a><\/p>\n","protected":false},"excerpt":{"rendered":"<p>Universidad Hispana Navojoa la gran organizadora. Abril 23, 2026.- Con gran entusiasmo dio inicio el&#8230;<\/p>\n","protected":false},"author":2,"featured_media":79995,"comment_status":"open","ping_status":"open","sticky":false,"template":"","format":"standard","meta":{"_jetpack_memberships_contains_paid_content":false,"footnotes":""},"categories":[22,26],"tags":[],"class_list":["post-79994","post","type-post","status-publish","format-standard","has-post-thumbnail","hentry","category-navojoa","category-principal"],"jetpack_featured_media_url":"https:\/\/i0.wp.com\/www.tabloideinformativo.com\/wp-content\/uploads\/2026\/04\/678679384_1415022547319649_8736412238770269914_n.jpg?fit=472%2C590&ssl=1","featured_image_urls":{"full":["https:\/\/i0.wp.com\/www.tabloideinformativo.com\/wp-content\/uploads\/2026\/04\/678679384_1415022547319649_8736412238770269914_n.jpg?fit=472%2C590&ssl=1",472,590,false],"thumbnail":["https:\/\/i0.wp.com\/www.tabloideinformativo.com\/wp-content\/uploads\/2026\/04\/678679384_1415022547319649_8736412238770269914_n.jpg?resize=150%2C150&ssl=1",150,150,true],"medium":["https:\/\/i0.wp.com\/www.tabloideinformativo.com\/wp-content\/uploads\/2026\/04\/678679384_1415022547319649_8736412238770269914_n.jpg?fit=240%2C300&ssl=1",240,300,true],"medium_large":["https:\/\/i0.wp.com\/www.tabloideinformativo.com\/wp-content\/uploads\/2026\/04\/678679384_1415022547319649_8736412238770269914_n.jpg?fit=472%2C590&ssl=1",472,590,true],"large":["https:\/\/i0.wp.com\/www.tabloideinformativo.com\/wp-content\/uploads\/2026\/04\/678679384_1415022547319649_8736412238770269914_n.jpg?fit=472%2C590&ssl=1",472,590,true],"1536x1536":["https:\/\/i0.wp.com\/www.tabloideinformativo.com\/wp-content\/uploads\/2026\/04\/678679384_1415022547319649_8736412238770269914_n.jpg?fit=472%2C590&ssl=1",472,590,true],"2048x2048":["https:\/\/i0.wp.com\/www.tabloideinformativo.com\/wp-content\/uploads\/2026\/04\/678679384_1415022547319649_8736412238770269914_n.jpg?fit=472%2C590&ssl=1",472,590,true],"covernews-featured":["https:\/\/i0.wp.com\/www.tabloideinformativo.com\/wp-content\/uploads\/2026\/04\/678679384_1415022547319649_8736412238770269914_n.jpg?fit=472%2C590&ssl=1",472,590,true],"covernews-medium":["https:\/\/i0.wp.com\/www.tabloideinformativo.com\/wp-content\/uploads\/2026\/04\/678679384_1415022547319649_8736412238770269914_n.jpg?resize=472%2C340&ssl=1",472,340,true]},"author_info":{"display_name":"Administrador","author_link":"https:\/\/www.tabloideinformativo.com\/?author=2"},"category_info":"<a href=\"https:\/\/www.tabloideinformativo.com\/?cat=22\" rel=\"category\">NAVOJOA<\/a> <a href=\"https:\/\/www.tabloideinformativo.com\/?cat=26\" rel=\"category\">PRINCIPAL<\/a>","tag_info":"PRINCIPAL","comment_count":"0","jetpack_sharing_enabled":true,"jetpack_likes_enabled":true,"_links":{"self":[{"href":"https:\/\/www.tabloideinformativo.com\/index.php?rest_route=\/wp\/v2\/posts\/79994","targetHints":{"allow":["GET"]}}],"collection":[{"href":"https:\/\/www.tabloideinformativo.com\/index.php?rest_route=\/wp\/v2\/posts"}],"about":[{"href":"https:\/\/www.tabloideinformativo.com\/index.php?rest_route=\/wp\/v2\/types\/post"}],"author":[{"embeddable":true,"href":"https:\/\/www.tabloideinformativo.com\/index.php?rest_route=\/wp\/v2\/users\/2"}],"replies":[{"embeddable":true,"href":"https:\/\/www.tabloideinformativo.com\/index.php?rest_route=%2Fwp%2Fv2%2Fcomments&post=79994"}],"version-history":[{"count":1,"href":"https:\/\/www.tabloideinformativo.com\/index.php?rest_route=\/wp\/v2\/posts\/79994\/revisions"}],"predecessor-version":[{"id":80007,"href":"https:\/\/www.tabloideinformativo.com\/index.php?rest_route=\/wp\/v2\/posts\/79994\/revisions\/80007"}],"wp:featuredmedia":[{"embeddable":true,"href":"https:\/\/www.tabloideinformativo.com\/index.php?rest_route=\/wp\/v2\/media\/79995"}],"wp:attachment":[{"href":"https:\/\/www.tabloideinformativo.com\/index.php?rest_route=%2Fwp%2Fv2%2Fmedia&parent=79994"}],"wp:term":[{"taxonomy":"category","embeddable":true,"href":"https:\/\/www.tabloideinformativo.com\/index.php?rest_route=%2Fwp%2Fv2%2Fcategories&post=79994"},{"taxonomy":"post_tag","embeddable":true,"href":"https:\/\/www.tabloideinformativo.com\/index.php?rest_route=%2Fwp%2Fv2%2Ftags&post=79994"}],"curies":[{"name":"wp","href":"https:\/\/api.w.org\/{rel}","templated":true}]}}