{"id":79981,"date":"2026-04-25T19:12:00","date_gmt":"2026-04-26T02:12:00","guid":{"rendered":"https:\/\/www.tabloideinformativo.com\/?p=79981"},"modified":"2026-04-26T21:18:49","modified_gmt":"2026-04-27T04:18:49","slug":"iris-sanchez-impulsa-debate-sobre-uso-de-inteligencia-artificial-en-aulas","status":"publish","type":"post","link":"https:\/\/www.tabloideinformativo.com\/?p=79981","title":{"rendered":"Iris S\u00e1nchez impulsa debate sobre uso de inteligencia artificial en aulas."},"content":{"rendered":"\n<figure class=\"wp-block-image size-full\"><img data-recalc-dims=\"1\" loading=\"lazy\" decoding=\"async\" width=\"640\" height=\"427\" src=\"https:\/\/i0.wp.com\/www.tabloideinformativo.com\/wp-content\/uploads\/2026\/04\/679735510_1415865670568670_5133636803947696398_n.jpg?resize=640%2C427&#038;ssl=1\" alt=\"\" class=\"wp-image-79988\" srcset=\"https:\/\/i0.wp.com\/www.tabloideinformativo.com\/wp-content\/uploads\/2026\/04\/679735510_1415865670568670_5133636803947696398_n.jpg?w=810&amp;ssl=1 810w, https:\/\/i0.wp.com\/www.tabloideinformativo.com\/wp-content\/uploads\/2026\/04\/679735510_1415865670568670_5133636803947696398_n.jpg?resize=300%2C200&amp;ssl=1 300w, https:\/\/i0.wp.com\/www.tabloideinformativo.com\/wp-content\/uploads\/2026\/04\/679735510_1415865670568670_5133636803947696398_n.jpg?resize=768%2C512&amp;ssl=1 768w\" sizes=\"auto, (max-width: 640px) 100vw, 640px\" \/><\/figure>\n\n\n\n<p>Abril 23, 2026.- La diputada de PRI Iris S\u00e1nchez Chiu inst\u00f3 al Congreso del Estado para que de manera formal se discuta en torno a la inteligencia artificial (IA), al se\u00f1alar que \u201cel futuro ya est\u00e1 en las aulas\u201d y que es urgente avanzar en la integraci\u00f3n de esta tecnolog\u00eda dentro del sistema educativo b\u00e1sico en Sonora.<\/p>\n\n\n\n<p>Durante su posicionamiento, la legisladora record\u00f3 que en febrero de 2026 present\u00f3 una iniciativa para incorporar contenidos de inteligencia artificial en la educaci\u00f3n b\u00e1sica, con un enfoque centrado en el uso responsable, \u00e9tico y con supervisi\u00f3n humana, siendo la pionera en impulsar este tema en el Congreso.<\/p>\n\n\n\n<p>Lament\u00f3 que, a la fecha, dicha propuesta no ha sido discutida en comisiones.<\/p>\n\n\n\n<p>S\u00e1nchez Chiu destac\u00f3 que, tras su planteamiento inicial, han surgido nuevas iniciativas por parte de otras diputadas, as\u00ed como acciones desde el Gobierno del Estado enfocadas en la capacitaci\u00f3n y uso de inteligencia artificial, lo que \u2014dijo\u2014 evidencia una coincidencia de agendas que debe aprovecharse.<\/p>\n\n\n\n<p>\u201cHoy vemos que este tema comienza a tomar fuerza en la agenda p\u00fablica.\u201d<\/p>\n\n\n\n<p>Celebr\u00f3 desde el Congreso existan distintas propuestas que buscan atender este tema desde diferentes enfoques, porque eso confirma que estamos frente a una necesidad real y urgente.<\/p>\n\n\n\n<p>\u201cVamos por buen camino, porque todos estamos coincidiendo en el mismo tema. Las pol\u00edticas p\u00fablicas del Ejecutivo, las iniciativas de mis compa\u00f1eras y la que yo present\u00e9 pueden integrarse para avanzar de manera s\u00f3lida en esta materia\u201d, expres\u00f3.<\/p>\n\n\n\n<p>La legisladora explic\u00f3 que su propuesta busca preparar a ni\u00f1as, ni\u00f1os y j\u00f3venes ante una realidad que ya enfrentan, donde el uso de herramientas de inteligencia artificial es cada vez m\u00e1s com\u00fan, muchas veces sin gu\u00eda ni regulaci\u00f3n. En ese sentido, subray\u00f3 que no se trata solo de brindar acceso a la tecnolog\u00eda, sino de formar habilidades para su uso consciente.<\/p>\n\n\n\n<p>No obstante, la diputada lament\u00f3 que su iniciativa a\u00fan no haya sido turnada a discusi\u00f3n en comisiones, por lo que reiter\u00f3 el llamado a que se priorice su an\u00e1lisis, especialmente en un contexto donde el propio Ejecutivo estatal ya ha anunciado acciones en esta materia.<\/p>\n\n\n\n<p>Finalmente, S\u00e1nchez Chiu insisti\u00f3 en que el siguiente paso es llevar el tema al an\u00e1lisis, debate y discusi\u00f3n legislativa, para que Sonora no solo se sume a la tendencia tecnol\u00f3gica, sino que lo haga con bases s\u00f3lidas desde la educaci\u00f3n y el marco legal.<\/p>\n","protected":false},"excerpt":{"rendered":"<p>Abril 23, 2026.- La diputada de PRI Iris S\u00e1nchez Chiu inst\u00f3 al Congreso del Estado&#8230;<\/p>\n","protected":false},"author":2,"featured_media":79988,"comment_status":"open","ping_status":"open","sticky":false,"template":"","format":"standard","meta":{"_jetpack_memberships_contains_paid_content":false,"footnotes":""},"categories":[11,25,26],"tags":[],"class_list":["post-79981","post","type-post","status-publish","format-standard","has-post-thumbnail","hentry","category-estatal","category-politica","category-principal"],"jetpack_featured_media_url":"https:\/\/i0.wp.com\/www.tabloideinformativo.com\/wp-content\/uploads\/2026\/04\/679735510_1415865670568670_5133636803947696398_n.jpg?fit=810%2C540&ssl=1","featured_image_urls":{"full":["https:\/\/i0.wp.com\/www.tabloideinformativo.com\/wp-content\/uploads\/2026\/04\/679735510_1415865670568670_5133636803947696398_n.jpg?fit=810%2C540&ssl=1",810,540,false],"thumbnail":["https:\/\/i0.wp.com\/www.tabloideinformativo.com\/wp-content\/uploads\/2026\/04\/679735510_1415865670568670_5133636803947696398_n.jpg?resize=150%2C150&ssl=1",150,150,true],"medium":["https:\/\/i0.wp.com\/www.tabloideinformativo.com\/wp-content\/uploads\/2026\/04\/679735510_1415865670568670_5133636803947696398_n.jpg?fit=300%2C200&ssl=1",300,200,true],"medium_large":["https:\/\/i0.wp.com\/www.tabloideinformativo.com\/wp-content\/uploads\/2026\/04\/679735510_1415865670568670_5133636803947696398_n.jpg?fit=640%2C427&ssl=1",640,427,true],"large":["https:\/\/i0.wp.com\/www.tabloideinformativo.com\/wp-content\/uploads\/2026\/04\/679735510_1415865670568670_5133636803947696398_n.jpg?fit=640%2C427&ssl=1",640,427,true],"1536x1536":["https:\/\/i0.wp.com\/www.tabloideinformativo.com\/wp-content\/uploads\/2026\/04\/679735510_1415865670568670_5133636803947696398_n.jpg?fit=810%2C540&ssl=1",810,540,true],"2048x2048":["https:\/\/i0.wp.com\/www.tabloideinformativo.com\/wp-content\/uploads\/2026\/04\/679735510_1415865670568670_5133636803947696398_n.jpg?fit=810%2C540&ssl=1",810,540,true],"covernews-featured":["https:\/\/i0.wp.com\/www.tabloideinformativo.com\/wp-content\/uploads\/2026\/04\/679735510_1415865670568670_5133636803947696398_n.jpg?fit=810%2C540&ssl=1",810,540,true],"covernews-medium":["https:\/\/i0.wp.com\/www.tabloideinformativo.com\/wp-content\/uploads\/2026\/04\/679735510_1415865670568670_5133636803947696398_n.jpg?resize=540%2C340&ssl=1",540,340,true]},"author_info":{"display_name":"Administrador","author_link":"https:\/\/www.tabloideinformativo.com\/?author=2"},"category_info":"<a href=\"https:\/\/www.tabloideinformativo.com\/?cat=11\" rel=\"category\">ESTATAL<\/a> <a href=\"https:\/\/www.tabloideinformativo.com\/?cat=25\" rel=\"category\">POLITICA<\/a> <a href=\"https:\/\/www.tabloideinformativo.com\/?cat=26\" rel=\"category\">PRINCIPAL<\/a>","tag_info":"PRINCIPAL","comment_count":"0","jetpack_sharing_enabled":true,"jetpack_likes_enabled":true,"_links":{"self":[{"href":"https:\/\/www.tabloideinformativo.com\/index.php?rest_route=\/wp\/v2\/posts\/79981","targetHints":{"allow":["GET"]}}],"collection":[{"href":"https:\/\/www.tabloideinformativo.com\/index.php?rest_route=\/wp\/v2\/posts"}],"about":[{"href":"https:\/\/www.tabloideinformativo.com\/index.php?rest_route=\/wp\/v2\/types\/post"}],"author":[{"embeddable":true,"href":"https:\/\/www.tabloideinformativo.com\/index.php?rest_route=\/wp\/v2\/users\/2"}],"replies":[{"embeddable":true,"href":"https:\/\/www.tabloideinformativo.com\/index.php?rest_route=%2Fwp%2Fv2%2Fcomments&post=79981"}],"version-history":[{"count":1,"href":"https:\/\/www.tabloideinformativo.com\/index.php?rest_route=\/wp\/v2\/posts\/79981\/revisions"}],"predecessor-version":[{"id":80003,"href":"https:\/\/www.tabloideinformativo.com\/index.php?rest_route=\/wp\/v2\/posts\/79981\/revisions\/80003"}],"wp:featuredmedia":[{"embeddable":true,"href":"https:\/\/www.tabloideinformativo.com\/index.php?rest_route=\/wp\/v2\/media\/79988"}],"wp:attachment":[{"href":"https:\/\/www.tabloideinformativo.com\/index.php?rest_route=%2Fwp%2Fv2%2Fmedia&parent=79981"}],"wp:term":[{"taxonomy":"category","embeddable":true,"href":"https:\/\/www.tabloideinformativo.com\/index.php?rest_route=%2Fwp%2Fv2%2Fcategories&post=79981"},{"taxonomy":"post_tag","embeddable":true,"href":"https:\/\/www.tabloideinformativo.com\/index.php?rest_route=%2Fwp%2Fv2%2Ftags&post=79981"}],"curies":[{"name":"wp","href":"https:\/\/api.w.org\/{rel}","templated":true}]}}