{"id":79979,"date":"2026-04-25T18:12:00","date_gmt":"2026-04-26T01:12:00","guid":{"rendered":"https:\/\/www.tabloideinformativo.com\/?p=79979"},"modified":"2026-04-26T21:17:57","modified_gmt":"2026-04-27T04:17:57","slug":"presentan-conferencia-de-innovacion-modelo-educativo-sinaloa-2","status":"publish","type":"post","link":"https:\/\/www.tabloideinformativo.com\/?p=79979","title":{"rendered":"Presentan conferencia de innovaci\u00f3n \u201cModelo Educativo Sinaloa\u201d"},"content":{"rendered":"\n<figure class=\"wp-block-image size-full\"><img data-recalc-dims=\"1\" loading=\"lazy\" decoding=\"async\" width=\"590\" height=\"393\" src=\"https:\/\/i0.wp.com\/www.tabloideinformativo.com\/wp-content\/uploads\/2026\/04\/681197833_1415872943901276_5281814101128307393_n.jpg?resize=590%2C393&#038;ssl=1\" alt=\"\" class=\"wp-image-79986\" srcset=\"https:\/\/i0.wp.com\/www.tabloideinformativo.com\/wp-content\/uploads\/2026\/04\/681197833_1415872943901276_5281814101128307393_n.jpg?w=590&amp;ssl=1 590w, https:\/\/i0.wp.com\/www.tabloideinformativo.com\/wp-content\/uploads\/2026\/04\/681197833_1415872943901276_5281814101128307393_n.jpg?resize=300%2C200&amp;ssl=1 300w\" sizes=\"auto, (max-width: 590px) 100vw, 590px\" \/><\/figure>\n\n\n\n<p><a href=\"https:\/\/www.facebook.com\/hashtag\/surdesonora?__cft__[0]=AZYQlnLk5K-ZSXmJovn7VIwYAK1kSAKlj1IH8QhJcC75CJmPYvVHMXbbKPURJqYZHfByu9usEm0m_3-P7Gh_XQPvD0yvOewXhqINgJnSQ_q2ZZr4GYoNSw5qXRoLLlPIMq5ooJoBLr0l55JeHXnyhSCnZX571GGqWa9nmmmKhP0M9g&amp;__tn__=*NK-R\">#SurDeSonora<\/a> | Con el objetivo de fortalecer las pr\u00e1cticas docentes y promover nuevas estrategias de aprendizaje, se llev\u00f3 a cabo la conferencia \u201cModelo Educativo Sinaloa, una Propuesta Innovadora de Intervenci\u00f3n Pedag\u00f3gica\u201d, impartida por el maestro Asdruval Mend\u00edvil Leyva.<\/p>\n\n\n\n<p>El evento fue coordinado por la Universidad Pedag\u00f3gica Nacional (UPN) unidad Huatabampo, bajo la direcci\u00f3n del maestro Jo\u00e9l Mario Gonz\u00e1lez Ibarra.<\/p>\n\n\n\n<p>Durante el evento, se cont\u00f3 con la presencia del alcalde de Etchojoa, Ing. Luis Arturo Robles Higuera, quien dirigi\u00f3 un mensaje alentador a la comunidad educativa, destacando la importancia de la actualizaci\u00f3n constante en los procesos de ense\u00f1anza, aprendizaje y reconociendo el compromiso de quienes forman parte del sector educativo en la regi\u00f3n.<\/p>\n\n\n\n<p>El rector de CRESON, Luis Ernesto Flores Fontes, indic\u00f3 que este tipo de iniciativas fortalecen la formaci\u00f3n docente y abren nuevas rutas para transformar la educaci\u00f3n en Sonora.<\/p>\n\n\n\n<p>Expres\u00f3 que el impulso a modelos pedag\u00f3gicos innovadores permite consolidar una educaci\u00f3n m\u00e1s pertinente, inclusiva y orientada al desarrollo integral de los estudiantes.<\/p>\n\n\n\n<p>Jo\u00e9l Mario Gonz\u00e1lez Ibarra, el Coordinador General la UPN Huatabampo, destac\u00f3 la relevancia de generar espacios acad\u00e9micos que promuevan el intercambio de ideas y experiencias entre profesionales de la educaci\u00f3n.<\/p>\n\n\n\n<p>Reafirm\u00f3 el compromiso de la instituci\u00f3n de seguir impulsando actividades que contribuyan al crecimiento acad\u00e9mico y profesional de la comunidad educativa, alineadas a las necesidades actuales del entorno.<\/p>\n\n\n\n<p>En representaci\u00f3n del alcalde de Huatabampo, Alberto V\u00e1zquez Valencia, la s\u00edndica municipal Mar\u00eda Antonieta Guti\u00e9rrez Verdugo, destac\u00f3 la importancia de impulsar la innovaci\u00f3n educativa, reconociendo este tipo de espacios como clave para fortalecer la formaci\u00f3n docente y el desarrollo de la comunidad.<\/p>\n\n\n\n<p>La conferencia reuni\u00f3 a directivos, docentes y estudiantes de distintas instituciones educativas, quienes participaron activamente en este espacio de an\u00e1lisis y reflexi\u00f3n sobre los retos actuales en la educaci\u00f3n y la importancia de implementar modelos innovadores que respondan a las necesidades del contexto social.<\/p>\n","protected":false},"excerpt":{"rendered":"<p>#SurDeSonora | Con el objetivo de fortalecer las pr\u00e1cticas docentes y promover nuevas estrategias de&#8230;<\/p>\n","protected":false},"author":2,"featured_media":79986,"comment_status":"open","ping_status":"open","sticky":false,"template":"","format":"standard","meta":{"_jetpack_memberships_contains_paid_content":false,"footnotes":""},"categories":[12,25,26],"tags":[],"class_list":["post-79979","post","type-post","status-publish","format-standard","has-post-thumbnail","hentry","category-etchojoa","category-politica","category-principal"],"jetpack_featured_media_url":"https:\/\/i0.wp.com\/www.tabloideinformativo.com\/wp-content\/uploads\/2026\/04\/681197833_1415872943901276_5281814101128307393_n.jpg?fit=590%2C393&ssl=1","featured_image_urls":{"full":["https:\/\/i0.wp.com\/www.tabloideinformativo.com\/wp-content\/uploads\/2026\/04\/681197833_1415872943901276_5281814101128307393_n.jpg?fit=590%2C393&ssl=1",590,393,false],"thumbnail":["https:\/\/i0.wp.com\/www.tabloideinformativo.com\/wp-content\/uploads\/2026\/04\/681197833_1415872943901276_5281814101128307393_n.jpg?resize=150%2C150&ssl=1",150,150,true],"medium":["https:\/\/i0.wp.com\/www.tabloideinformativo.com\/wp-content\/uploads\/2026\/04\/681197833_1415872943901276_5281814101128307393_n.jpg?fit=300%2C200&ssl=1",300,200,true],"medium_large":["https:\/\/i0.wp.com\/www.tabloideinformativo.com\/wp-content\/uploads\/2026\/04\/681197833_1415872943901276_5281814101128307393_n.jpg?fit=590%2C393&ssl=1",590,393,true],"large":["https:\/\/i0.wp.com\/www.tabloideinformativo.com\/wp-content\/uploads\/2026\/04\/681197833_1415872943901276_5281814101128307393_n.jpg?fit=590%2C393&ssl=1",590,393,true],"1536x1536":["https:\/\/i0.wp.com\/www.tabloideinformativo.com\/wp-content\/uploads\/2026\/04\/681197833_1415872943901276_5281814101128307393_n.jpg?fit=590%2C393&ssl=1",590,393,true],"2048x2048":["https:\/\/i0.wp.com\/www.tabloideinformativo.com\/wp-content\/uploads\/2026\/04\/681197833_1415872943901276_5281814101128307393_n.jpg?fit=590%2C393&ssl=1",590,393,true],"covernews-featured":["https:\/\/i0.wp.com\/www.tabloideinformativo.com\/wp-content\/uploads\/2026\/04\/681197833_1415872943901276_5281814101128307393_n.jpg?fit=590%2C393&ssl=1",590,393,true],"covernews-medium":["https:\/\/i0.wp.com\/www.tabloideinformativo.com\/wp-content\/uploads\/2026\/04\/681197833_1415872943901276_5281814101128307393_n.jpg?resize=540%2C340&ssl=1",540,340,true]},"author_info":{"display_name":"Administrador","author_link":"https:\/\/www.tabloideinformativo.com\/?author=2"},"category_info":"<a href=\"https:\/\/www.tabloideinformativo.com\/?cat=12\" rel=\"category\">ETCHOJOA<\/a> <a href=\"https:\/\/www.tabloideinformativo.com\/?cat=25\" rel=\"category\">POLITICA<\/a> <a href=\"https:\/\/www.tabloideinformativo.com\/?cat=26\" rel=\"category\">PRINCIPAL<\/a>","tag_info":"PRINCIPAL","comment_count":"0","jetpack_sharing_enabled":true,"jetpack_likes_enabled":true,"_links":{"self":[{"href":"https:\/\/www.tabloideinformativo.com\/index.php?rest_route=\/wp\/v2\/posts\/79979","targetHints":{"allow":["GET"]}}],"collection":[{"href":"https:\/\/www.tabloideinformativo.com\/index.php?rest_route=\/wp\/v2\/posts"}],"about":[{"href":"https:\/\/www.tabloideinformativo.com\/index.php?rest_route=\/wp\/v2\/types\/post"}],"author":[{"embeddable":true,"href":"https:\/\/www.tabloideinformativo.com\/index.php?rest_route=\/wp\/v2\/users\/2"}],"replies":[{"embeddable":true,"href":"https:\/\/www.tabloideinformativo.com\/index.php?rest_route=%2Fwp%2Fv2%2Fcomments&post=79979"}],"version-history":[{"count":1,"href":"https:\/\/www.tabloideinformativo.com\/index.php?rest_route=\/wp\/v2\/posts\/79979\/revisions"}],"predecessor-version":[{"id":80001,"href":"https:\/\/www.tabloideinformativo.com\/index.php?rest_route=\/wp\/v2\/posts\/79979\/revisions\/80001"}],"wp:featuredmedia":[{"embeddable":true,"href":"https:\/\/www.tabloideinformativo.com\/index.php?rest_route=\/wp\/v2\/media\/79986"}],"wp:attachment":[{"href":"https:\/\/www.tabloideinformativo.com\/index.php?rest_route=%2Fwp%2Fv2%2Fmedia&parent=79979"}],"wp:term":[{"taxonomy":"category","embeddable":true,"href":"https:\/\/www.tabloideinformativo.com\/index.php?rest_route=%2Fwp%2Fv2%2Fcategories&post=79979"},{"taxonomy":"post_tag","embeddable":true,"href":"https:\/\/www.tabloideinformativo.com\/index.php?rest_route=%2Fwp%2Fv2%2Ftags&post=79979"}],"curies":[{"name":"wp","href":"https:\/\/api.w.org\/{rel}","templated":true}]}}