{"id":79977,"date":"2026-04-25T17:21:00","date_gmt":"2026-04-26T00:21:00","guid":{"rendered":"https:\/\/www.tabloideinformativo.com\/?p=79977"},"modified":"2026-04-26T21:17:09","modified_gmt":"2026-04-27T04:17:09","slug":"gobernador-alfonso-durazo-impulsa-reconversion-agricola-ante-crisis-hidrica-cartamo-emerge-como-alternativa-estrategica-en-el-sur-de-la-entidad","status":"publish","type":"post","link":"https:\/\/www.tabloideinformativo.com\/?p=79977","title":{"rendered":"Gobernador Alfonso Durazo impulsa reconversi\u00f3n agr\u00edcola ante crisis h\u00eddrica; c\u00e1rtamo emerge como alternativa estrat\u00e9gica en el sur de la entidad."},"content":{"rendered":"\n<figure class=\"wp-block-image size-full is-resized\"><img data-recalc-dims=\"1\" loading=\"lazy\" decoding=\"async\" width=\"296\" height=\"590\" src=\"https:\/\/i0.wp.com\/www.tabloideinformativo.com\/wp-content\/uploads\/2026\/04\/680866022_1416592277162676_3291727644268214099_n.jpg?resize=296%2C590&#038;ssl=1\" alt=\"\" class=\"wp-image-79984\" style=\"aspect-ratio:0.5017082925020526;width:107px;height:auto\" srcset=\"https:\/\/i0.wp.com\/www.tabloideinformativo.com\/wp-content\/uploads\/2026\/04\/680866022_1416592277162676_3291727644268214099_n.jpg?w=296&amp;ssl=1 296w, https:\/\/i0.wp.com\/www.tabloideinformativo.com\/wp-content\/uploads\/2026\/04\/680866022_1416592277162676_3291727644268214099_n.jpg?resize=151%2C300&amp;ssl=1 151w\" sizes=\"auto, (max-width: 296px) 100vw, 296px\" \/><\/figure>\n\n\n\n<p>Abril 25, 2026, Ciudad Obreg\u00f3n.- Ante el panorama cr\u00edtico de sequ\u00eda que enfrenta el Estado, el gobernador Alfonso Durazo Monta\u00f1o encabeza una estrategia de reconversi\u00f3n productiva en el campo sonorense, apostando por cultivos de menor consumo de agua como el c\u00e1rtamo, en sustituci\u00f3n de esquemas tradicionales de alta demanda h\u00eddrica.<\/p>\n\n\n\n<p>A trav\u00e9s del Gobierno de Sonora y la Secretar\u00eda de Agricultura, Ganader\u00eda, Recursos Hidr\u00e1ulicos, Pesca y Acuacultura, se impulsa una transformaci\u00f3n sin precedentes para el ciclo agr\u00edcola oto\u00f1o-invierno 2025-2026, con el objetivo de garantizar la viabilidad del sector ante la escasez de agua.<\/p>\n\n\n\n<p>La titular de Sagarhpa, C\u00e9lida L\u00f3pez C\u00e1rdenas, explic\u00f3 que los permisos de siembra fueron condicionados a cultivos que requieren un m\u00e1ximo de dos a tres riegos de auxilio, lo que permiti\u00f3 consolidar una expansi\u00f3n significativa del c\u00e1rtamo.<\/p>\n\n\n\n<p>En cifras, destac\u00f3 que en el Valle Yaqui se establecieron 26 mil 879 hect\u00e1reas, mientras que en el del Mayo se sembraron 4 mil 384 hect\u00e1reas, sumando un total de 31 mil 463 hect\u00e1reas en el sur de la entidad.<\/p>\n\n\n\n<p>Esta superficie proyecta una producci\u00f3n cercana a las 65 mil toneladas, lo que no solo fortalece la rentabilidad de los productores, sino que tambi\u00e9n marca un paso firme hacia una agricultura m\u00e1s sustentable y adaptada a las condiciones clim\u00e1ticas actuales.<\/p>\n\n\n\n<p>La estrategia estatal contempla una reducci\u00f3n de entre 30 y 40 por ciento en el uso de agua, al sustituir cultivos como el trigo cristalino por alternativas m\u00e1s eficientes, alineando as\u00ed la actividad agr\u00edcola con la disponibilidad real del recurso h\u00eddrico.<\/p>\n\n\n\n<p>Con esta pol\u00edtica, el gobierno estatal busca equilibrar productividad y sostenibilidad, en un contexto donde la crisis del agua obliga a replantear el modelo agr\u00edcola en Sonora.<\/p>\n\n\n\n<p>Nota y fotograf\u00edas de <a href=\"https:\/\/www.facebook.com\/JacocEstrell?__cft__[0]=AZbiHkoDO11wdRWK6waLcCCxPzAVowSjeyWAdIl7IqoxNVGz2TtoDIMzyGsvIz8qbMpx1-_6DfYYMs6-_L-jEUlvuK6NhZCY_RlKAkdQ1A5X5OD13bnk1MZxaiQ6NoH_lw2t2ULvXAYjmsdrGLh_F08jFQJ9I5_rzBkmySoHO3efGA&amp;__tn__=-]K-R\">Periodicasos con Jacoc Estrella<\/a> multiplicado por<\/p>\n","protected":false},"excerpt":{"rendered":"<p>Abril 25, 2026, Ciudad Obreg\u00f3n.- Ante el panorama cr\u00edtico de sequ\u00eda que enfrenta el Estado,&#8230;<\/p>\n","protected":false},"author":2,"featured_media":79984,"comment_status":"open","ping_status":"open","sticky":false,"template":"","format":"standard","meta":{"_jetpack_memberships_contains_paid_content":false,"footnotes":""},"categories":[11,25,26],"tags":[],"class_list":["post-79977","post","type-post","status-publish","format-standard","has-post-thumbnail","hentry","category-estatal","category-politica","category-principal"],"jetpack_featured_media_url":"https:\/\/i0.wp.com\/www.tabloideinformativo.com\/wp-content\/uploads\/2026\/04\/680866022_1416592277162676_3291727644268214099_n.jpg?fit=296%2C590&ssl=1","featured_image_urls":{"full":["https:\/\/i0.wp.com\/www.tabloideinformativo.com\/wp-content\/uploads\/2026\/04\/680866022_1416592277162676_3291727644268214099_n.jpg?fit=296%2C590&ssl=1",296,590,false],"thumbnail":["https:\/\/i0.wp.com\/www.tabloideinformativo.com\/wp-content\/uploads\/2026\/04\/680866022_1416592277162676_3291727644268214099_n.jpg?resize=150%2C150&ssl=1",150,150,true],"medium":["https:\/\/i0.wp.com\/www.tabloideinformativo.com\/wp-content\/uploads\/2026\/04\/680866022_1416592277162676_3291727644268214099_n.jpg?fit=151%2C300&ssl=1",151,300,true],"medium_large":["https:\/\/i0.wp.com\/www.tabloideinformativo.com\/wp-content\/uploads\/2026\/04\/680866022_1416592277162676_3291727644268214099_n.jpg?fit=296%2C590&ssl=1",296,590,true],"large":["https:\/\/i0.wp.com\/www.tabloideinformativo.com\/wp-content\/uploads\/2026\/04\/680866022_1416592277162676_3291727644268214099_n.jpg?fit=296%2C590&ssl=1",296,590,true],"1536x1536":["https:\/\/i0.wp.com\/www.tabloideinformativo.com\/wp-content\/uploads\/2026\/04\/680866022_1416592277162676_3291727644268214099_n.jpg?fit=296%2C590&ssl=1",296,590,true],"2048x2048":["https:\/\/i0.wp.com\/www.tabloideinformativo.com\/wp-content\/uploads\/2026\/04\/680866022_1416592277162676_3291727644268214099_n.jpg?fit=296%2C590&ssl=1",296,590,true],"covernews-featured":["https:\/\/i0.wp.com\/www.tabloideinformativo.com\/wp-content\/uploads\/2026\/04\/680866022_1416592277162676_3291727644268214099_n.jpg?fit=296%2C590&ssl=1",296,590,true],"covernews-medium":["https:\/\/i0.wp.com\/www.tabloideinformativo.com\/wp-content\/uploads\/2026\/04\/680866022_1416592277162676_3291727644268214099_n.jpg?resize=296%2C340&ssl=1",296,340,true]},"author_info":{"display_name":"Administrador","author_link":"https:\/\/www.tabloideinformativo.com\/?author=2"},"category_info":"<a href=\"https:\/\/www.tabloideinformativo.com\/?cat=11\" rel=\"category\">ESTATAL<\/a> <a href=\"https:\/\/www.tabloideinformativo.com\/?cat=25\" rel=\"category\">POLITICA<\/a> <a href=\"https:\/\/www.tabloideinformativo.com\/?cat=26\" rel=\"category\">PRINCIPAL<\/a>","tag_info":"PRINCIPAL","comment_count":"0","jetpack_sharing_enabled":true,"jetpack_likes_enabled":true,"_links":{"self":[{"href":"https:\/\/www.tabloideinformativo.com\/index.php?rest_route=\/wp\/v2\/posts\/79977","targetHints":{"allow":["GET"]}}],"collection":[{"href":"https:\/\/www.tabloideinformativo.com\/index.php?rest_route=\/wp\/v2\/posts"}],"about":[{"href":"https:\/\/www.tabloideinformativo.com\/index.php?rest_route=\/wp\/v2\/types\/post"}],"author":[{"embeddable":true,"href":"https:\/\/www.tabloideinformativo.com\/index.php?rest_route=\/wp\/v2\/users\/2"}],"replies":[{"embeddable":true,"href":"https:\/\/www.tabloideinformativo.com\/index.php?rest_route=%2Fwp%2Fv2%2Fcomments&post=79977"}],"version-history":[{"count":1,"href":"https:\/\/www.tabloideinformativo.com\/index.php?rest_route=\/wp\/v2\/posts\/79977\/revisions"}],"predecessor-version":[{"id":79999,"href":"https:\/\/www.tabloideinformativo.com\/index.php?rest_route=\/wp\/v2\/posts\/79977\/revisions\/79999"}],"wp:featuredmedia":[{"embeddable":true,"href":"https:\/\/www.tabloideinformativo.com\/index.php?rest_route=\/wp\/v2\/media\/79984"}],"wp:attachment":[{"href":"https:\/\/www.tabloideinformativo.com\/index.php?rest_route=%2Fwp%2Fv2%2Fmedia&parent=79977"}],"wp:term":[{"taxonomy":"category","embeddable":true,"href":"https:\/\/www.tabloideinformativo.com\/index.php?rest_route=%2Fwp%2Fv2%2Fcategories&post=79977"},{"taxonomy":"post_tag","embeddable":true,"href":"https:\/\/www.tabloideinformativo.com\/index.php?rest_route=%2Fwp%2Fv2%2Ftags&post=79977"}],"curies":[{"name":"wp","href":"https:\/\/api.w.org\/{rel}","templated":true}]}}