{"id":79927,"date":"2026-04-25T16:02:00","date_gmt":"2026-04-25T23:02:00","guid":{"rendered":"https:\/\/www.agenciaice.mx\/?p=67860"},"modified":"2026-04-26T20:58:26","modified_gmt":"2026-04-27T03:58:26","slug":"sonora-esta-listo-para-participar-en-tianguis-turistico-2026-en-acapulco","status":"publish","type":"post","link":"https:\/\/www.tabloideinformativo.com\/?p=79927","title":{"rendered":"SONORA EST\u00c1 LISTO PARA PARTICIPAR EN TIANGUIS TUR\u00cdSTICO 2026 EN ACAPULCO"},"content":{"rendered":"\n<figure class=\"wp-block-image size-large\"><img data-recalc-dims=\"1\" height=\"428\" width=\"640\" decoding=\"async\" src=\"https:\/\/i0.wp.com\/www.tabloideinformativo.com\/wp-content\/uploads\/2026\/04\/1000506097.jpg?resize=640%2C428&#038;ssl=1\" alt=\"\" class=\"wp-image-67861\"\/><\/figure>\n\n\n\n<p><\/p>\n\n\n\n<p><strong><em>Hermosillo, Sonora.-<\/em><\/strong> Con el objetivo de proyectar nuevamente a Sonora en el mapa tur\u00edstico internacional, el Gobierno de Sonora, a trav\u00e9s de la Secretar\u00eda de Econom\u00eda y Turismo (SETUR), se prepara para participar en la 50 edici\u00f3n del Tianguis Tur\u00edstico que se llevar\u00e1 a cabo en Acapulco, Guerrero, del 27 al 30 de abril.<\/p>\n\n\n\n<p>En el evento participar\u00e1n representantes de agencias de viajes, hoteles, organizadores de eventos, oficinas de convenciones y visitantes, y dem\u00e1s integrantes de la cadena de valor tur\u00edstica en Sonora, para promover y generar oportunidades de negocio nacionales e internacionales.<\/p>\n\n\n\n<p>Durante este encuentro, que reunir\u00e1 a las 32 entidades del Pa\u00eds, se prev\u00e9 la participaci\u00f3n de m\u00e1s de tres mil expositores, con la presencia especial de Colombia como Pa\u00eds invitado.<\/p>\n\n\n\n<p>El secretario de Econom\u00eda y Turismo, Roberto Gradillas Pineda, destac\u00f3 la importancia de que Sonora contin\u00fae presente en escenarios internacionales, donde se impartir\u00e1n actividades como conferencias, foros y paneles que contribuir\u00e1n a fortalecer el crecimiento y desarrollo del sector tur\u00edstico sonorense y del Pa\u00eds.<\/p>\n\n\n\n<p>\u201cBajo el liderazgo de nuestro Gobernador Alfonso Durazo, nuestra participaci\u00f3n en el Tianguis Tur\u00edstico 2026 busca fortalecer la promoci\u00f3n de nuestros destinos, consolidar alianzas comerciales y atraer m\u00e1s inversi\u00f3n y visitantes, mostrando la extraordinaria riqueza natural, cultural y gastron\u00f3mica que distingue a Sonora\u201d, expres\u00f3.<\/p>\n\n\n\n<p>El Gobierno de Sonora, a trav\u00e9s de la SETUR, reafirma su compromiso por continuar trabajando para impulsar al sector tur\u00edstico como motor clave de desarrollo econ\u00f3mico y social, buscando crear beneficios directos para las miles de familias sonorenses que dependen de este importante sector.<\/p>\n","protected":false},"excerpt":{"rendered":"<p>Hermosillo, Sonora.- Con el objetivo de proyectar nuevamente a Sonora en el mapa tur\u00edstico internacional,&#8230;<\/p>\n","protected":false},"author":2,"featured_media":79967,"comment_status":"closed","ping_status":"closed","sticky":false,"template":"","format":"standard","meta":{"_jetpack_memberships_contains_paid_content":false,"footnotes":""},"categories":[11,26],"tags":[],"class_list":["post-79927","post","type-post","status-publish","format-standard","has-post-thumbnail","hentry","category-estatal","category-principal"],"jetpack_featured_media_url":"https:\/\/i0.wp.com\/www.tabloideinformativo.com\/wp-content\/uploads\/2026\/04\/1000506106.jpg?fit=1200%2C801&ssl=1","featured_image_urls":{"full":["https:\/\/i0.wp.com\/www.tabloideinformativo.com\/wp-content\/uploads\/2026\/04\/1000506106.jpg?fit=1200%2C801&ssl=1",1200,801,false],"thumbnail":["https:\/\/i0.wp.com\/www.tabloideinformativo.com\/wp-content\/uploads\/2026\/04\/1000506106.jpg?resize=150%2C150&ssl=1",150,150,true],"medium":["https:\/\/i0.wp.com\/www.tabloideinformativo.com\/wp-content\/uploads\/2026\/04\/1000506106.jpg?fit=300%2C200&ssl=1",300,200,true],"medium_large":["https:\/\/i0.wp.com\/www.tabloideinformativo.com\/wp-content\/uploads\/2026\/04\/1000506106.jpg?fit=640%2C428&ssl=1",640,428,true],"large":["https:\/\/i0.wp.com\/www.tabloideinformativo.com\/wp-content\/uploads\/2026\/04\/1000506106.jpg?fit=640%2C428&ssl=1",640,428,true],"1536x1536":["https:\/\/i0.wp.com\/www.tabloideinformativo.com\/wp-content\/uploads\/2026\/04\/1000506106.jpg?fit=1200%2C801&ssl=1",1200,801,true],"2048x2048":["https:\/\/i0.wp.com\/www.tabloideinformativo.com\/wp-content\/uploads\/2026\/04\/1000506106.jpg?fit=1200%2C801&ssl=1",1200,801,true],"covernews-featured":["https:\/\/i0.wp.com\/www.tabloideinformativo.com\/wp-content\/uploads\/2026\/04\/1000506106.jpg?fit=1024%2C684&ssl=1",1024,684,true],"covernews-medium":["https:\/\/i0.wp.com\/www.tabloideinformativo.com\/wp-content\/uploads\/2026\/04\/1000506106.jpg?resize=540%2C340&ssl=1",540,340,true]},"author_info":{"display_name":"Administrador","author_link":"https:\/\/www.tabloideinformativo.com\/?author=2"},"category_info":"<a href=\"https:\/\/www.tabloideinformativo.com\/?cat=11\" rel=\"category\">ESTATAL<\/a> <a href=\"https:\/\/www.tabloideinformativo.com\/?cat=26\" rel=\"category\">PRINCIPAL<\/a>","tag_info":"PRINCIPAL","comment_count":"0","jetpack_sharing_enabled":true,"jetpack_likes_enabled":true,"_links":{"self":[{"href":"https:\/\/www.tabloideinformativo.com\/index.php?rest_route=\/wp\/v2\/posts\/79927","targetHints":{"allow":["GET"]}}],"collection":[{"href":"https:\/\/www.tabloideinformativo.com\/index.php?rest_route=\/wp\/v2\/posts"}],"about":[{"href":"https:\/\/www.tabloideinformativo.com\/index.php?rest_route=\/wp\/v2\/types\/post"}],"author":[{"embeddable":true,"href":"https:\/\/www.tabloideinformativo.com\/index.php?rest_route=\/wp\/v2\/users\/2"}],"replies":[{"embeddable":true,"href":"https:\/\/www.tabloideinformativo.com\/index.php?rest_route=%2Fwp%2Fv2%2Fcomments&post=79927"}],"version-history":[{"count":1,"href":"https:\/\/www.tabloideinformativo.com\/index.php?rest_route=\/wp\/v2\/posts\/79927\/revisions"}],"predecessor-version":[{"id":79971,"href":"https:\/\/www.tabloideinformativo.com\/index.php?rest_route=\/wp\/v2\/posts\/79927\/revisions\/79971"}],"wp:featuredmedia":[{"embeddable":true,"href":"https:\/\/www.tabloideinformativo.com\/index.php?rest_route=\/wp\/v2\/media\/79967"}],"wp:attachment":[{"href":"https:\/\/www.tabloideinformativo.com\/index.php?rest_route=%2Fwp%2Fv2%2Fmedia&parent=79927"}],"wp:term":[{"taxonomy":"category","embeddable":true,"href":"https:\/\/www.tabloideinformativo.com\/index.php?rest_route=%2Fwp%2Fv2%2Fcategories&post=79927"},{"taxonomy":"post_tag","embeddable":true,"href":"https:\/\/www.tabloideinformativo.com\/index.php?rest_route=%2Fwp%2Fv2%2Ftags&post=79927"}],"curies":[{"name":"wp","href":"https:\/\/api.w.org\/{rel}","templated":true}]}}