{"id":79925,"date":"2026-04-24T16:59:09","date_gmt":"2026-04-24T23:59:09","guid":{"rendered":"https:\/\/www.agenciaice.mx\/?p=67848"},"modified":"2026-04-24T16:59:09","modified_gmt":"2026-04-24T23:59:09","slug":"pronostica-cepc-fin-de-semana-caluroso","status":"publish","type":"post","link":"https:\/\/www.tabloideinformativo.com\/?p=79925","title":{"rendered":"PRONOSTICA CEPC FIN DE SEMANA CALUROSO"},"content":{"rendered":"\n<figure class=\"wp-block-image size-large\"><img data-recalc-dims=\"1\" height=\"301\" width=\"640\" decoding=\"async\" src=\"https:\/\/i0.wp.com\/www.tabloideinformativo.com\/wp-content\/uploads\/2026\/04\/1001040950.jpg?resize=640%2C301&#038;ssl=1\" alt=\"\" class=\"wp-image-67849\"\/><\/figure>\n\n\n\n<p><\/p>\n\n\n\n<ul class=\"wp-block-list\">\n<li><strong><em>No hay probabilidades de lluvia en Sonora<\/em><\/strong><\/li>\n<\/ul>\n\n\n\n<p><strong><em>Hermosillo, Sonora.-<\/em><\/strong> El Gobierno de Sonora, a trav\u00e9s de la Coordinaci\u00f3n Estatal de Protecci\u00f3n Civil (CEPC), informa que se anticipa un fin de semana con condiciones mayormente estables, ambiente caluroso y muy baja probabilidad de lluvias.<\/p>\n\n\n\n<p>Para este viernes, se prev\u00e9 un ambiente caluroso con cielo despejado en la mayor parte del Estado. Las temperaturas m\u00e1ximas alcanzar\u00e1n alrededor de 34 a 35 grados Celsius, con vientos moderados y sin probabilidad de lluvia, bajo condiciones t\u00edpicas de abril en la regi\u00f3n.<\/p>\n\n\n\n<p>El s\u00e1bado continuar\u00e1 el dominio de una masa de aire seco, manteniendo cielos parcialmente nublados y temperaturas similares, con m\u00e1ximas cercanas a los 35 grados. Los modelos coinciden en que no se esperan precipitaciones, aunque podr\u00edan presentarse algunas rachas de viento en las zonas costeras, el centro y oriente de la Entidad.<\/p>\n\n\n\n<p>Para el domingo, las condiciones seguir\u00e1n siendo mayormente estables, con ambiente c\u00e1lido a ligeramente menos intenso, m\u00e1ximas entre 33 y 34 grados y cielo mayormente despejado a parcialmente nublado.<\/p>\n\n\n\n<p>La probabilidad de lluvia se mantiene pr\u00e1cticamente nula en gran parte del territorio sonorense.<\/p>\n\n\n\n<p>En t\u00e9rminos generales, los modelos coinciden en que Sonora experimentar\u00e1 un fin de semana seco, con calor moderado a intenso y sin eventos meteorol\u00f3gicos relevantes, lo que favorece actividades al aire libre; no obstante, se recomienda extremar precauciones por radiaci\u00f3n solar elevada y mantenerse hidratado.<\/p>\n\n\n\n<p>Y ante cualquier emergencia, utilizar la l\u00ednea telef\u00f3nica 9-1-1.<\/p>\n","protected":false},"excerpt":{"rendered":"<p>Hermosillo, Sonora.- El Gobierno de Sonora, a trav\u00e9s de la Coordinaci\u00f3n Estatal de Protecci\u00f3n Civil&#8230;<\/p>\n","protected":false},"author":2,"featured_media":79963,"comment_status":"closed","ping_status":"closed","sticky":false,"template":"","format":"standard","meta":{"_jetpack_memberships_contains_paid_content":false,"footnotes":""},"categories":[11],"tags":[],"class_list":["post-79925","post","type-post","status-publish","format-standard","has-post-thumbnail","hentry","category-estatal"],"jetpack_featured_media_url":"https:\/\/i0.wp.com\/www.tabloideinformativo.com\/wp-content\/uploads\/2026\/04\/1001040952.jpg?fit=1200%2C711&ssl=1","featured_image_urls":{"full":["https:\/\/i0.wp.com\/www.tabloideinformativo.com\/wp-content\/uploads\/2026\/04\/1001040952.jpg?fit=1200%2C711&ssl=1",1200,711,false],"thumbnail":["https:\/\/i0.wp.com\/www.tabloideinformativo.com\/wp-content\/uploads\/2026\/04\/1001040952.jpg?resize=150%2C150&ssl=1",150,150,true],"medium":["https:\/\/i0.wp.com\/www.tabloideinformativo.com\/wp-content\/uploads\/2026\/04\/1001040952.jpg?fit=300%2C178&ssl=1",300,178,true],"medium_large":["https:\/\/i0.wp.com\/www.tabloideinformativo.com\/wp-content\/uploads\/2026\/04\/1001040952.jpg?fit=640%2C379&ssl=1",640,379,true],"large":["https:\/\/i0.wp.com\/www.tabloideinformativo.com\/wp-content\/uploads\/2026\/04\/1001040952.jpg?fit=640%2C379&ssl=1",640,379,true],"1536x1536":["https:\/\/i0.wp.com\/www.tabloideinformativo.com\/wp-content\/uploads\/2026\/04\/1001040952.jpg?fit=1200%2C711&ssl=1",1200,711,true],"2048x2048":["https:\/\/i0.wp.com\/www.tabloideinformativo.com\/wp-content\/uploads\/2026\/04\/1001040952.jpg?fit=1200%2C711&ssl=1",1200,711,true],"covernews-featured":["https:\/\/i0.wp.com\/www.tabloideinformativo.com\/wp-content\/uploads\/2026\/04\/1001040952.jpg?fit=1024%2C607&ssl=1",1024,607,true],"covernews-medium":["https:\/\/i0.wp.com\/www.tabloideinformativo.com\/wp-content\/uploads\/2026\/04\/1001040952.jpg?resize=540%2C340&ssl=1",540,340,true]},"author_info":{"display_name":"Administrador","author_link":"https:\/\/www.tabloideinformativo.com\/?author=2"},"category_info":"<a href=\"https:\/\/www.tabloideinformativo.com\/?cat=11\" rel=\"category\">ESTATAL<\/a>","tag_info":"ESTATAL","comment_count":"0","jetpack_sharing_enabled":true,"jetpack_likes_enabled":true,"_links":{"self":[{"href":"https:\/\/www.tabloideinformativo.com\/index.php?rest_route=\/wp\/v2\/posts\/79925","targetHints":{"allow":["GET"]}}],"collection":[{"href":"https:\/\/www.tabloideinformativo.com\/index.php?rest_route=\/wp\/v2\/posts"}],"about":[{"href":"https:\/\/www.tabloideinformativo.com\/index.php?rest_route=\/wp\/v2\/types\/post"}],"author":[{"embeddable":true,"href":"https:\/\/www.tabloideinformativo.com\/index.php?rest_route=\/wp\/v2\/users\/2"}],"replies":[{"embeddable":true,"href":"https:\/\/www.tabloideinformativo.com\/index.php?rest_route=%2Fwp%2Fv2%2Fcomments&post=79925"}],"version-history":[{"count":0,"href":"https:\/\/www.tabloideinformativo.com\/index.php?rest_route=\/wp\/v2\/posts\/79925\/revisions"}],"wp:featuredmedia":[{"embeddable":true,"href":"https:\/\/www.tabloideinformativo.com\/index.php?rest_route=\/wp\/v2\/media\/79963"}],"wp:attachment":[{"href":"https:\/\/www.tabloideinformativo.com\/index.php?rest_route=%2Fwp%2Fv2%2Fmedia&parent=79925"}],"wp:term":[{"taxonomy":"category","embeddable":true,"href":"https:\/\/www.tabloideinformativo.com\/index.php?rest_route=%2Fwp%2Fv2%2Fcategories&post=79925"},{"taxonomy":"post_tag","embeddable":true,"href":"https:\/\/www.tabloideinformativo.com\/index.php?rest_route=%2Fwp%2Fv2%2Ftags&post=79925"}],"curies":[{"name":"wp","href":"https:\/\/api.w.org\/{rel}","templated":true}]}}