{"id":79924,"date":"2026-04-24T16:45:46","date_gmt":"2026-04-24T23:45:46","guid":{"rendered":"https:\/\/www.agenciaice.mx\/?p=67838"},"modified":"2026-04-24T16:45:46","modified_gmt":"2026-04-24T23:45:46","slug":"participa-proteccion-civil-sonora-en-curso-de-gas-propano-en-arizona","status":"publish","type":"post","link":"https:\/\/www.tabloideinformativo.com\/?p=79924","title":{"rendered":"PARTICIPA PROTECCI\u00d3N CIVIL SONORA EN CURSO DE GAS PROPANO EN ARIZONA"},"content":{"rendered":"\n<figure class=\"wp-block-image size-large\"><img data-recalc-dims=\"1\" height=\"480\" width=\"640\" decoding=\"async\" src=\"https:\/\/i0.wp.com\/www.tabloideinformativo.com\/wp-content\/uploads\/2026\/04\/Participa-Proteccion-Civil-Sonora1.jpg?resize=640%2C480&#038;ssl=1\" alt=\"\" class=\"wp-image-67839\"\/><\/figure>\n\n\n\n<p><\/p>\n\n\n\n<p><strong><em>Hermosillo, Sonora.-<\/em><\/strong> Con el objetivo de fortalecer sus capacidades de respuesta ante emergencias, personal de las direcciones de Inspecciones, Atenci\u00f3n a Emergencias, Programas Internos, Direcci\u00f3n General y Diagn\u00f3stico de Riesgo de la Coordinaci\u00f3n Estatal de Protecci\u00f3n Civil (CEPC) Sonora, particip\u00f3 en un curso especializado en combate de incendios por gas propano.<\/p>\n\n\n\n<p>La capacitaci\u00f3n, denominada \u201cPropane Fire Training\u201d, se llev\u00f3 a cabo en la localidad de Rio Rico, Arizona, donde los asistentes recibieron formaci\u00f3n te\u00f3rica y pr\u00e1ctica enfocada en el manejo seguro y efectivo de este tipo de siniestros, considerados de alto riesgo por sus caracter\u00edsticas.<\/p>\n\n\n\n<p>De acuerdo con la informaci\u00f3n del curso, las actividades incluyeron sesiones matutinas y vespertinas, as\u00ed como pr\u00e1cticas de \u201cquema controlada\u201d durante la noche, lo que permiti\u00f3 a los participantes adquirir experiencia directa en escenarios reales de incendio.<\/p>\n\n\n\n<p>Este entrenamiento en el que tambi\u00e9n particip\u00f3 Protecci\u00f3n Civil de Guaymas, estuvo dirigido a personal de primera respuesta, incluyendo cuerpos de emergencia, despachadores y personal de servicios que podr\u00edan intervenir antes de la llegada de equipos especializados en materiales peligrosos.<\/p>\n\n\n\n<p>La CEPC Sonora destac\u00f3 que este tipo de capacitaciones son fundamentales para mejorar la coordinaci\u00f3n operativa, reducir riesgos y garantizar una atenci\u00f3n m\u00e1s eficiente en incidentes relacionados con sustancias inflamables.<\/p>\n\n\n\n<p>Con estas acciones, la dependencia reafirma su compromiso de mantener a su personal actualizado y preparado ante situaciones de emergencia que puedan poner en riesgo a la poblaci\u00f3n.<\/p>\n","protected":false},"excerpt":{"rendered":"<p>Hermosillo, Sonora.- Con el objetivo de fortalecer sus capacidades de respuesta ante emergencias, personal de&#8230;<\/p>\n","protected":false},"author":2,"featured_media":79961,"comment_status":"closed","ping_status":"closed","sticky":false,"template":"","format":"standard","meta":{"_jetpack_memberships_contains_paid_content":false,"footnotes":""},"categories":[11],"tags":[],"class_list":["post-79924","post","type-post","status-publish","format-standard","has-post-thumbnail","hentry","category-estatal"],"jetpack_featured_media_url":"https:\/\/i0.wp.com\/www.tabloideinformativo.com\/wp-content\/uploads\/2026\/04\/Participa-Proteccion-Civil-Sonora5.jpg?fit=1280%2C960&ssl=1","featured_image_urls":{"full":["https:\/\/i0.wp.com\/www.tabloideinformativo.com\/wp-content\/uploads\/2026\/04\/Participa-Proteccion-Civil-Sonora5.jpg?fit=1280%2C960&ssl=1",1280,960,false],"thumbnail":["https:\/\/i0.wp.com\/www.tabloideinformativo.com\/wp-content\/uploads\/2026\/04\/Participa-Proteccion-Civil-Sonora5.jpg?resize=150%2C150&ssl=1",150,150,true],"medium":["https:\/\/i0.wp.com\/www.tabloideinformativo.com\/wp-content\/uploads\/2026\/04\/Participa-Proteccion-Civil-Sonora5.jpg?fit=300%2C225&ssl=1",300,225,true],"medium_large":["https:\/\/i0.wp.com\/www.tabloideinformativo.com\/wp-content\/uploads\/2026\/04\/Participa-Proteccion-Civil-Sonora5.jpg?fit=640%2C480&ssl=1",640,480,true],"large":["https:\/\/i0.wp.com\/www.tabloideinformativo.com\/wp-content\/uploads\/2026\/04\/Participa-Proteccion-Civil-Sonora5.jpg?fit=640%2C480&ssl=1",640,480,true],"1536x1536":["https:\/\/i0.wp.com\/www.tabloideinformativo.com\/wp-content\/uploads\/2026\/04\/Participa-Proteccion-Civil-Sonora5.jpg?fit=1280%2C960&ssl=1",1280,960,true],"2048x2048":["https:\/\/i0.wp.com\/www.tabloideinformativo.com\/wp-content\/uploads\/2026\/04\/Participa-Proteccion-Civil-Sonora5.jpg?fit=1280%2C960&ssl=1",1280,960,true],"covernews-featured":["https:\/\/i0.wp.com\/www.tabloideinformativo.com\/wp-content\/uploads\/2026\/04\/Participa-Proteccion-Civil-Sonora5.jpg?fit=1024%2C768&ssl=1",1024,768,true],"covernews-medium":["https:\/\/i0.wp.com\/www.tabloideinformativo.com\/wp-content\/uploads\/2026\/04\/Participa-Proteccion-Civil-Sonora5.jpg?resize=540%2C340&ssl=1",540,340,true]},"author_info":{"display_name":"Administrador","author_link":"https:\/\/www.tabloideinformativo.com\/?author=2"},"category_info":"<a href=\"https:\/\/www.tabloideinformativo.com\/?cat=11\" rel=\"category\">ESTATAL<\/a>","tag_info":"ESTATAL","comment_count":"0","jetpack_sharing_enabled":true,"jetpack_likes_enabled":true,"_links":{"self":[{"href":"https:\/\/www.tabloideinformativo.com\/index.php?rest_route=\/wp\/v2\/posts\/79924","targetHints":{"allow":["GET"]}}],"collection":[{"href":"https:\/\/www.tabloideinformativo.com\/index.php?rest_route=\/wp\/v2\/posts"}],"about":[{"href":"https:\/\/www.tabloideinformativo.com\/index.php?rest_route=\/wp\/v2\/types\/post"}],"author":[{"embeddable":true,"href":"https:\/\/www.tabloideinformativo.com\/index.php?rest_route=\/wp\/v2\/users\/2"}],"replies":[{"embeddable":true,"href":"https:\/\/www.tabloideinformativo.com\/index.php?rest_route=%2Fwp%2Fv2%2Fcomments&post=79924"}],"version-history":[{"count":0,"href":"https:\/\/www.tabloideinformativo.com\/index.php?rest_route=\/wp\/v2\/posts\/79924\/revisions"}],"wp:featuredmedia":[{"embeddable":true,"href":"https:\/\/www.tabloideinformativo.com\/index.php?rest_route=\/wp\/v2\/media\/79961"}],"wp:attachment":[{"href":"https:\/\/www.tabloideinformativo.com\/index.php?rest_route=%2Fwp%2Fv2%2Fmedia&parent=79924"}],"wp:term":[{"taxonomy":"category","embeddable":true,"href":"https:\/\/www.tabloideinformativo.com\/index.php?rest_route=%2Fwp%2Fv2%2Fcategories&post=79924"},{"taxonomy":"post_tag","embeddable":true,"href":"https:\/\/www.tabloideinformativo.com\/index.php?rest_route=%2Fwp%2Fv2%2Ftags&post=79924"}],"curies":[{"name":"wp","href":"https:\/\/api.w.org\/{rel}","templated":true}]}}