{"id":79921,"date":"2026-04-24T16:35:45","date_gmt":"2026-04-24T23:35:45","guid":{"rendered":"https:\/\/www.agenciaice.mx\/?p=67827"},"modified":"2026-04-24T16:35:45","modified_gmt":"2026-04-24T23:35:45","slug":"acuerdan-en-comision-no-iniciar-procedimiento-de-juicio-politico-contra-servidores-publicos","status":"publish","type":"post","link":"https:\/\/www.tabloideinformativo.com\/?p=79921","title":{"rendered":"ACUERDAN EN COMISI\u00d3N NO INICIAR PROCEDIMIENTO DE JUICIO POL\u00cdTICO CONTRA SERVIDORES P\u00daBLICOS"},"content":{"rendered":"\n<figure class=\"wp-block-image size-large\"><img data-recalc-dims=\"1\" height=\"360\" width=\"640\" decoding=\"async\" src=\"https:\/\/i0.wp.com\/www.tabloideinformativo.com\/wp-content\/uploads\/2026\/04\/acuerdan-en-comision-1.jpg?resize=640%2C360&#038;ssl=1\" alt=\"\" class=\"wp-image-67828\"\/><\/figure>\n\n\n\n<p><\/p>\n\n\n\n<p><strong><em>Hermosillo, Sonora.-<\/em><\/strong> El Congreso del Estado de Sonora, a trav\u00e9s de la Comisi\u00f3n de Gobernaci\u00f3n y Puntos Constitucionales, aprob\u00f3 no iniciar el procedimiento de juicio pol\u00edtico en contra de diversos funcionarios p\u00fablicos.<\/p>\n\n\n\n<p>El diputado Julio C\u00e9sar Navarro Contreras (Morena), presidente del \u00f3rgano colegiado, puso a consideraci\u00f3n la denuncia presentada por el ciudadano Joel Alonso Montes L\u00f3pez, para iniciar juicio pol\u00edtico contra diversos servidores p\u00fablicos por presuntas vi0lac\u00a1ones a sus derechos humanos.<\/p>\n\n\n\n<p>Durante el an\u00e1lisis, las legisladoras y legisladores determinaron que la denuncia y las pruebas ofrecidas no ameritan el inicio del procedimiento de juicio pol\u00edtico en contra de los servidores p\u00fablicos se\u00f1alados en la referida denuncia.<\/p>\n\n\n\n<p>A la reuni\u00f3n asistieron las diputadas Ernestina Castro Valenzuela (Morena) y Mar\u00eda Karina Olivares R\u00e1bago (PES), y el diputado David Figueroa Ortega (PVEM).<\/p>\n","protected":false},"excerpt":{"rendered":"<p>Hermosillo, Sonora.- El Congreso del Estado de Sonora, a trav\u00e9s de la Comisi\u00f3n de Gobernaci\u00f3n&#8230;<\/p>\n","protected":false},"author":2,"featured_media":79956,"comment_status":"closed","ping_status":"closed","sticky":false,"template":"","format":"standard","meta":{"_jetpack_memberships_contains_paid_content":false,"footnotes":""},"categories":[11],"tags":[],"class_list":["post-79921","post","type-post","status-publish","format-standard","has-post-thumbnail","hentry","category-estatal"],"jetpack_featured_media_url":"https:\/\/i0.wp.com\/www.tabloideinformativo.com\/wp-content\/uploads\/2026\/04\/acuerdan-en-comision-2.jpg?fit=2048%2C1152&ssl=1","featured_image_urls":{"full":["https:\/\/i0.wp.com\/www.tabloideinformativo.com\/wp-content\/uploads\/2026\/04\/acuerdan-en-comision-2.jpg?fit=2048%2C1152&ssl=1",2048,1152,false],"thumbnail":["https:\/\/i0.wp.com\/www.tabloideinformativo.com\/wp-content\/uploads\/2026\/04\/acuerdan-en-comision-2.jpg?resize=150%2C150&ssl=1",150,150,true],"medium":["https:\/\/i0.wp.com\/www.tabloideinformativo.com\/wp-content\/uploads\/2026\/04\/acuerdan-en-comision-2.jpg?fit=300%2C169&ssl=1",300,169,true],"medium_large":["https:\/\/i0.wp.com\/www.tabloideinformativo.com\/wp-content\/uploads\/2026\/04\/acuerdan-en-comision-2.jpg?fit=640%2C360&ssl=1",640,360,true],"large":["https:\/\/i0.wp.com\/www.tabloideinformativo.com\/wp-content\/uploads\/2026\/04\/acuerdan-en-comision-2.jpg?fit=640%2C360&ssl=1",640,360,true],"1536x1536":["https:\/\/i0.wp.com\/www.tabloideinformativo.com\/wp-content\/uploads\/2026\/04\/acuerdan-en-comision-2.jpg?fit=1536%2C864&ssl=1",1536,864,true],"2048x2048":["https:\/\/i0.wp.com\/www.tabloideinformativo.com\/wp-content\/uploads\/2026\/04\/acuerdan-en-comision-2.jpg?fit=2048%2C1152&ssl=1",2048,1152,true],"covernews-featured":["https:\/\/i0.wp.com\/www.tabloideinformativo.com\/wp-content\/uploads\/2026\/04\/acuerdan-en-comision-2.jpg?fit=1024%2C576&ssl=1",1024,576,true],"covernews-medium":["https:\/\/i0.wp.com\/www.tabloideinformativo.com\/wp-content\/uploads\/2026\/04\/acuerdan-en-comision-2.jpg?resize=540%2C340&ssl=1",540,340,true]},"author_info":{"display_name":"Administrador","author_link":"https:\/\/www.tabloideinformativo.com\/?author=2"},"category_info":"<a href=\"https:\/\/www.tabloideinformativo.com\/?cat=11\" rel=\"category\">ESTATAL<\/a>","tag_info":"ESTATAL","comment_count":"0","jetpack_sharing_enabled":true,"jetpack_likes_enabled":true,"_links":{"self":[{"href":"https:\/\/www.tabloideinformativo.com\/index.php?rest_route=\/wp\/v2\/posts\/79921","targetHints":{"allow":["GET"]}}],"collection":[{"href":"https:\/\/www.tabloideinformativo.com\/index.php?rest_route=\/wp\/v2\/posts"}],"about":[{"href":"https:\/\/www.tabloideinformativo.com\/index.php?rest_route=\/wp\/v2\/types\/post"}],"author":[{"embeddable":true,"href":"https:\/\/www.tabloideinformativo.com\/index.php?rest_route=\/wp\/v2\/users\/2"}],"replies":[{"embeddable":true,"href":"https:\/\/www.tabloideinformativo.com\/index.php?rest_route=%2Fwp%2Fv2%2Fcomments&post=79921"}],"version-history":[{"count":0,"href":"https:\/\/www.tabloideinformativo.com\/index.php?rest_route=\/wp\/v2\/posts\/79921\/revisions"}],"wp:featuredmedia":[{"embeddable":true,"href":"https:\/\/www.tabloideinformativo.com\/index.php?rest_route=\/wp\/v2\/media\/79956"}],"wp:attachment":[{"href":"https:\/\/www.tabloideinformativo.com\/index.php?rest_route=%2Fwp%2Fv2%2Fmedia&parent=79921"}],"wp:term":[{"taxonomy":"category","embeddable":true,"href":"https:\/\/www.tabloideinformativo.com\/index.php?rest_route=%2Fwp%2Fv2%2Fcategories&post=79921"},{"taxonomy":"post_tag","embeddable":true,"href":"https:\/\/www.tabloideinformativo.com\/index.php?rest_route=%2Fwp%2Fv2%2Ftags&post=79921"}],"curies":[{"name":"wp","href":"https:\/\/api.w.org\/{rel}","templated":true}]}}