{"id":79917,"date":"2026-04-22T20:46:00","date_gmt":"2026-04-23T03:46:00","guid":{"rendered":"https:\/\/www.agenciaice.mx\/?p=67785"},"modified":"2026-04-22T20:46:00","modified_gmt":"2026-04-23T03:46:00","slug":"gobernador-durazo-inaugura-expogan-2026-celebracion-que-proyecta-a-sonora-como-potencia-nacional-ganadera","status":"publish","type":"post","link":"https:\/\/www.tabloideinformativo.com\/?p=79917","title":{"rendered":"GOBERNADOR DURAZO INAUGURA EXPOGAN 2026; CELEBRACI\u00d3N QUE PROYECTA A SONORA COMO POTENCIA NACIONAL GANADERA"},"content":{"rendered":"\n<figure class=\"wp-block-image size-large\"><img data-recalc-dims=\"1\" loading=\"lazy\" decoding=\"async\" width=\"640\" height=\"427\" src=\"https:\/\/i0.wp.com\/www.tabloideinformativo.com\/wp-content\/uploads\/2026\/04\/1000503767.jpg?resize=640%2C427&#038;ssl=1\" alt=\"\" class=\"wp-image-67787\" srcset=\"https:\/\/i0.wp.com\/www.tabloideinformativo.com\/wp-content\/uploads\/2026\/04\/1000503767.jpg?resize=1024%2C683&amp;ssl=1 1024w, https:\/\/i0.wp.com\/www.tabloideinformativo.com\/wp-content\/uploads\/2026\/04\/1000503767.jpg?resize=300%2C200&amp;ssl=1 300w, https:\/\/i0.wp.com\/www.tabloideinformativo.com\/wp-content\/uploads\/2026\/04\/1000503767.jpg?resize=768%2C512&amp;ssl=1 768w, https:\/\/i0.wp.com\/www.tabloideinformativo.com\/wp-content\/uploads\/2026\/04\/1000503767.jpg?w=1200&amp;ssl=1 1200w\" sizes=\"auto, (max-width: 640px) 100vw, 640px\" \/><\/figure>\n\n\n\n<p><\/p>\n\n\n\n<ul class=\"wp-block-list\">\n<li><strong><em>El mandatario dio inicio a las actividades de la ExpoGan Sonora 2026 que se realizar\u00e1 del 22 de abril al 17 de mayo, con conciertos, palenque, teatro del pueblo, atracciones mec\u00e1nicas, gastronom\u00eda y actividades ganaderas para toda la familia<\/em><\/strong><\/li>\n<\/ul>\n\n\n\n<ul class=\"wp-block-list\">\n<li><strong><em>El Gobierno de Sonora coordina acciones de seguridad con la Uni\u00f3n Ganadera Regional de Sonora (UGRS), con el apoyo de elementos de la Polic\u00eda Estatal de Seguridad P\u00fablica para garantizar un ambiente seguro para miles de asistentes<\/em><\/strong><\/li>\n<\/ul>\n\n\n\n<p><strong><em>Hermosillo, Sonora.-<\/em><\/strong> Con el tradicional corte de reata y un mensaje de respaldo al sector productivo, el Gobernador Alfonso Durazo Monta\u00f1o, acompa\u00f1ado de la presidenta honoraria del Sistema DIF Estatal, Mar\u00eda del Roci\u00f3 Ch\u00e1vez Murillo, encabez\u00f3 la inauguraci\u00f3n oficial de la ExpoGan Sonora 2026, dando inicio a la m\u00e1xima celebraci\u00f3n ganadera del estado, un evento que fortalece la econom\u00eda regional, impulsa el turismo y preserva las tradiciones que distinguen a Sonora a nivel nacional.<\/p>\n\n\n\n<p>Durante la ceremonia inaugural se present\u00f3 la emblem\u00e1tica Danza del Venado, s\u00edmbolo del orgullo ind\u00edgena y de las ra\u00edces hist\u00f3ricas del estado, reforzando el car\u00e1cter cultural de esta fiesta que en cada edici\u00f3n re\u00fane tradici\u00f3n, identidad y convivencia comunitaria.<\/p>\n\n\n\n<p>&#8220;Todos con su sombrero, botas, ropa vaquera, m\u00fasica norte\u00f1a y en eso se ha convertido este extraordinario espacio que no solo sirve como espacio de esparcimiento social sino que ha venido a dinamizar la interacci\u00f3n econ\u00f3mica. El a\u00f1o pasado 500 mil personas participaron en la ExpoGan y este a\u00f1o se esperan m\u00e1s&#8221;, expres\u00f3 el Gobernador Durazo.<\/p>\n\n\n\n<p>Como parte de la jornada, el mandatario estatal realiz\u00f3 un recorrido por el stand institucional del Gobierno de Sonora y el \u00e1rea ganadera, donde constat\u00f3 la participaci\u00f3n de productores, expositores y representantes del sector, subrayando que la ExpoGan es tambi\u00e9n un escaparate clave para la promoci\u00f3n econ\u00f3mica, la actividad agropecuaria y la proyecci\u00f3n nacional de Sonora como potencia ganadera, misma que en 2025 dej\u00f3 una derrama de alrededor de 500 millones de pesos.<\/p>\n\n\n\n<p>La ExpoGan Sonora celebra este 2026 su 41\u00aa edici\u00f3n y es considerada la fiesta ganadera m\u00e1s grande del noroeste del Pa\u00eds. Se desarrollar\u00e1 del 22 de abril al 17 de mayo, por poco m\u00e1s de tres semanas, con una amplia oferta de atracciones familiares, conciertos, juegos mec\u00e1nicos, exposiciones, eventos culturales, bailes y shows para todas las edades, adem\u00e1s de su tradicional cartelera art\u00edstica en el palenque y el teatro del pueblo.<\/p>\n\n\n\n<p>En esta edici\u00f3n, la ExpoGan reafirma su esencia como un punto de encuentro donde convergen la cultura, las tradiciones y la gastronom\u00eda regional, generando una importante derrama econ\u00f3mica para comerciantes, prestadores de servicios y productores locales, al tiempo que fortalece el sentido de pertenencia y orgullo de las y los sonorenses.<\/p>\n\n\n\n<p>El Gobernador Alfonso Durazo Monta\u00f1o destac\u00f3 que se trabaja de manera coordinada con la Uni\u00f3n Ganadera Regional de Sonora (UGRS) para garantizar la seguridad de los asistentes, mediante el despliegue de elementos de la Polic\u00eda Estatal de Seguridad P\u00fablica (PESP), quienes estar\u00e1n atentos para brindar vigilancia y atenci\u00f3n ante cualquier situaci\u00f3n que pudiera presentarse.<\/p>\n\n\n\n<p>En el evento estuvieron presentes Juan Carlos Ochoa, presidente de la Uni\u00f3n Ganadera Regional de Sonora (UGRS), as\u00ed como representantes del sector ganadero, organizadores y familias que acudieron a ser parte del arranque oficial de esta gran fiesta sonorense.<\/p>\n","protected":false},"excerpt":{"rendered":"<p>Hermosillo, Sonora.- Con el tradicional corte de reata y un mensaje de respaldo al sector&#8230;<\/p>\n","protected":false},"author":2,"featured_media":79950,"comment_status":"closed","ping_status":"closed","sticky":false,"template":"","format":"standard","meta":{"_jetpack_memberships_contains_paid_content":false,"footnotes":""},"categories":[11],"tags":[],"class_list":["post-79917","post","type-post","status-publish","format-standard","has-post-thumbnail","hentry","category-estatal"],"jetpack_featured_media_url":"https:\/\/i0.wp.com\/www.tabloideinformativo.com\/wp-content\/uploads\/2026\/04\/1000503761.jpg?fit=1200%2C900&ssl=1","featured_image_urls":{"full":["https:\/\/i0.wp.com\/www.tabloideinformativo.com\/wp-content\/uploads\/2026\/04\/1000503761.jpg?fit=1200%2C900&ssl=1",1200,900,false],"thumbnail":["https:\/\/i0.wp.com\/www.tabloideinformativo.com\/wp-content\/uploads\/2026\/04\/1000503761.jpg?resize=150%2C150&ssl=1",150,150,true],"medium":["https:\/\/i0.wp.com\/www.tabloideinformativo.com\/wp-content\/uploads\/2026\/04\/1000503761.jpg?fit=300%2C225&ssl=1",300,225,true],"medium_large":["https:\/\/i0.wp.com\/www.tabloideinformativo.com\/wp-content\/uploads\/2026\/04\/1000503761.jpg?fit=640%2C480&ssl=1",640,480,true],"large":["https:\/\/i0.wp.com\/www.tabloideinformativo.com\/wp-content\/uploads\/2026\/04\/1000503761.jpg?fit=640%2C480&ssl=1",640,480,true],"1536x1536":["https:\/\/i0.wp.com\/www.tabloideinformativo.com\/wp-content\/uploads\/2026\/04\/1000503761.jpg?fit=1200%2C900&ssl=1",1200,900,true],"2048x2048":["https:\/\/i0.wp.com\/www.tabloideinformativo.com\/wp-content\/uploads\/2026\/04\/1000503761.jpg?fit=1200%2C900&ssl=1",1200,900,true],"covernews-featured":["https:\/\/i0.wp.com\/www.tabloideinformativo.com\/wp-content\/uploads\/2026\/04\/1000503761.jpg?fit=1024%2C768&ssl=1",1024,768,true],"covernews-medium":["https:\/\/i0.wp.com\/www.tabloideinformativo.com\/wp-content\/uploads\/2026\/04\/1000503761.jpg?resize=540%2C340&ssl=1",540,340,true]},"author_info":{"display_name":"Administrador","author_link":"https:\/\/www.tabloideinformativo.com\/?author=2"},"category_info":"<a href=\"https:\/\/www.tabloideinformativo.com\/?cat=11\" rel=\"category\">ESTATAL<\/a>","tag_info":"ESTATAL","comment_count":"0","jetpack_sharing_enabled":true,"jetpack_likes_enabled":true,"_links":{"self":[{"href":"https:\/\/www.tabloideinformativo.com\/index.php?rest_route=\/wp\/v2\/posts\/79917","targetHints":{"allow":["GET"]}}],"collection":[{"href":"https:\/\/www.tabloideinformativo.com\/index.php?rest_route=\/wp\/v2\/posts"}],"about":[{"href":"https:\/\/www.tabloideinformativo.com\/index.php?rest_route=\/wp\/v2\/types\/post"}],"author":[{"embeddable":true,"href":"https:\/\/www.tabloideinformativo.com\/index.php?rest_route=\/wp\/v2\/users\/2"}],"replies":[{"embeddable":true,"href":"https:\/\/www.tabloideinformativo.com\/index.php?rest_route=%2Fwp%2Fv2%2Fcomments&post=79917"}],"version-history":[{"count":0,"href":"https:\/\/www.tabloideinformativo.com\/index.php?rest_route=\/wp\/v2\/posts\/79917\/revisions"}],"wp:featuredmedia":[{"embeddable":true,"href":"https:\/\/www.tabloideinformativo.com\/index.php?rest_route=\/wp\/v2\/media\/79950"}],"wp:attachment":[{"href":"https:\/\/www.tabloideinformativo.com\/index.php?rest_route=%2Fwp%2Fv2%2Fmedia&parent=79917"}],"wp:term":[{"taxonomy":"category","embeddable":true,"href":"https:\/\/www.tabloideinformativo.com\/index.php?rest_route=%2Fwp%2Fv2%2Fcategories&post=79917"},{"taxonomy":"post_tag","embeddable":true,"href":"https:\/\/www.tabloideinformativo.com\/index.php?rest_route=%2Fwp%2Fv2%2Ftags&post=79917"}],"curies":[{"name":"wp","href":"https:\/\/api.w.org\/{rel}","templated":true}]}}