{"id":79913,"date":"2026-04-18T20:48:38","date_gmt":"2026-04-19T03:48:38","guid":{"rendered":"https:\/\/www.agenciaice.mx\/?p=67713"},"modified":"2026-04-18T20:48:38","modified_gmt":"2026-04-19T03:48:38","slug":"procesa-fgjes-restos-oseos-tras-jornada-de-busqueda-en-guaymas","status":"publish","type":"post","link":"https:\/\/www.tabloideinformativo.com\/?p=79913","title":{"rendered":"PROCESA FGJES RESTOS \u00d3SEOS TRAS JORNADA DE B\u00daSQUEDA EN GUAYMAS"},"content":{"rendered":"\n<figure class=\"wp-block-image size-full\"><img data-recalc-dims=\"1\" decoding=\"async\" src=\"https:\/\/i0.wp.com\/www.tabloideinformativo.com\/wp-content\/uploads\/2026\/04\/fgjes.jpeg?w=640&#038;ssl=1\" alt=\"\" class=\"wp-image-67714\"\/><\/figure>\n\n\n\n<p><\/p>\n\n\n\n<p><strong><em>Guaymas, Sonora.-<\/em><\/strong> La Fiscal\u00eda General de Justicia del Estado de Sonora (FGJES), en acompa\u00f1amiento a colectivos de b\u00fasqueda, particip\u00f3 en jornadas que deriv\u00f3 en la localizaci\u00f3n de restos \u00f3seos en una zona despoblada del Municipio de Guaymas.<\/p>\n\n\n\n<p>El hallazgo se registr\u00f3 aproximadamente a 2.5 kil\u00f3metros al oriente del ejido Felipe \u00c1ngeles, en un \u00e1rea abierta con vegetaci\u00f3n caracter\u00edstica del lugar, donde se observaron restos \u00f3seos en superficie, as\u00ed como prendas de vestir y diversos indicios asociados.<\/p>\n\n\n\n<p>La b\u00fasqueda fue realizada por integrantes de los colectivos Guerreras Buscadoras de Guaymas y Empalme, y Guerreras de Cajeme, quienes, en coordinaci\u00f3n con elementos de la Agencia Ministerial de Investigaci\u00f3n Criminal (AMIC) y de la Polic\u00eda Estatal de Seguridad P\u00fablica (PESP), lograron ubicar los primeros indicios.<\/p>\n\n\n\n<p>Tras la confirmaci\u00f3n del hallazgo, se activaron los protocolos correspondientes y se inici\u00f3 el procesamiento del lugar con la intervenci\u00f3n de personal de Servicios Periciales, incluyendo especialistas en Criminal\u00edstica, Medicina y Qu\u00edmica Forense, quienes llevar\u00e1n a cabo la recolecci\u00f3n, an\u00e1lisis y resguardo de los indicios.<\/p>\n\n\n\n<p>Los restos \u00f3seos localizados ser\u00e1n sometidos a estudios t\u00e9cnicos y cient\u00edficos en el Laboratorio de Inteligencia Cient\u00edfica Forense (CIF) de la FGJES, para determinar el n\u00famero de personas a las que corresponden, as\u00ed como su posterior identificaci\u00f3n mediante los procesos periciales y gen\u00e9ticos establecidos.<\/p>\n\n\n\n<p>La Fiscal\u00eda General de Justicia del Estado de Sonora reitera su compromiso de trabajar de manera cercana y respetuosa con los colectivos de b\u00fasqueda, fortaleciendo las acciones conjuntas orientadas a la localizaci\u00f3n de personas y al esclarecimiento de los hechos, con apego a protocolos y enfoque humanitario.<\/p>\n","protected":false},"excerpt":{"rendered":"<p>Guaymas, Sonora.- La Fiscal\u00eda General de Justicia del Estado de Sonora (FGJES), en acompa\u00f1amiento a&#8230;<\/p>\n","protected":false},"author":2,"featured_media":79943,"comment_status":"closed","ping_status":"closed","sticky":false,"template":"","format":"standard","meta":{"_jetpack_memberships_contains_paid_content":false,"footnotes":""},"categories":[11],"tags":[],"class_list":["post-79913","post","type-post","status-publish","format-standard","has-post-thumbnail","hentry","category-estatal"],"jetpack_featured_media_url":"https:\/\/i0.wp.com\/www.tabloideinformativo.com\/wp-content\/uploads\/2026\/04\/localizan-restos-oseos-en-guaymas.jpg?fit=800%2C600&ssl=1","featured_image_urls":{"full":["https:\/\/i0.wp.com\/www.tabloideinformativo.com\/wp-content\/uploads\/2026\/04\/localizan-restos-oseos-en-guaymas.jpg?fit=800%2C600&ssl=1",800,600,false],"thumbnail":["https:\/\/i0.wp.com\/www.tabloideinformativo.com\/wp-content\/uploads\/2026\/04\/localizan-restos-oseos-en-guaymas.jpg?resize=150%2C150&ssl=1",150,150,true],"medium":["https:\/\/i0.wp.com\/www.tabloideinformativo.com\/wp-content\/uploads\/2026\/04\/localizan-restos-oseos-en-guaymas.jpg?fit=300%2C225&ssl=1",300,225,true],"medium_large":["https:\/\/i0.wp.com\/www.tabloideinformativo.com\/wp-content\/uploads\/2026\/04\/localizan-restos-oseos-en-guaymas.jpg?fit=640%2C480&ssl=1",640,480,true],"large":["https:\/\/i0.wp.com\/www.tabloideinformativo.com\/wp-content\/uploads\/2026\/04\/localizan-restos-oseos-en-guaymas.jpg?fit=640%2C480&ssl=1",640,480,true],"1536x1536":["https:\/\/i0.wp.com\/www.tabloideinformativo.com\/wp-content\/uploads\/2026\/04\/localizan-restos-oseos-en-guaymas.jpg?fit=800%2C600&ssl=1",800,600,true],"2048x2048":["https:\/\/i0.wp.com\/www.tabloideinformativo.com\/wp-content\/uploads\/2026\/04\/localizan-restos-oseos-en-guaymas.jpg?fit=800%2C600&ssl=1",800,600,true],"covernews-featured":["https:\/\/i0.wp.com\/www.tabloideinformativo.com\/wp-content\/uploads\/2026\/04\/localizan-restos-oseos-en-guaymas.jpg?fit=800%2C600&ssl=1",800,600,true],"covernews-medium":["https:\/\/i0.wp.com\/www.tabloideinformativo.com\/wp-content\/uploads\/2026\/04\/localizan-restos-oseos-en-guaymas.jpg?resize=540%2C340&ssl=1",540,340,true]},"author_info":{"display_name":"Administrador","author_link":"https:\/\/www.tabloideinformativo.com\/?author=2"},"category_info":"<a href=\"https:\/\/www.tabloideinformativo.com\/?cat=11\" rel=\"category\">ESTATAL<\/a>","tag_info":"ESTATAL","comment_count":"0","jetpack_sharing_enabled":true,"jetpack_likes_enabled":true,"_links":{"self":[{"href":"https:\/\/www.tabloideinformativo.com\/index.php?rest_route=\/wp\/v2\/posts\/79913","targetHints":{"allow":["GET"]}}],"collection":[{"href":"https:\/\/www.tabloideinformativo.com\/index.php?rest_route=\/wp\/v2\/posts"}],"about":[{"href":"https:\/\/www.tabloideinformativo.com\/index.php?rest_route=\/wp\/v2\/types\/post"}],"author":[{"embeddable":true,"href":"https:\/\/www.tabloideinformativo.com\/index.php?rest_route=\/wp\/v2\/users\/2"}],"replies":[{"embeddable":true,"href":"https:\/\/www.tabloideinformativo.com\/index.php?rest_route=%2Fwp%2Fv2%2Fcomments&post=79913"}],"version-history":[{"count":0,"href":"https:\/\/www.tabloideinformativo.com\/index.php?rest_route=\/wp\/v2\/posts\/79913\/revisions"}],"wp:featuredmedia":[{"embeddable":true,"href":"https:\/\/www.tabloideinformativo.com\/index.php?rest_route=\/wp\/v2\/media\/79943"}],"wp:attachment":[{"href":"https:\/\/www.tabloideinformativo.com\/index.php?rest_route=%2Fwp%2Fv2%2Fmedia&parent=79913"}],"wp:term":[{"taxonomy":"category","embeddable":true,"href":"https:\/\/www.tabloideinformativo.com\/index.php?rest_route=%2Fwp%2Fv2%2Fcategories&post=79913"},{"taxonomy":"post_tag","embeddable":true,"href":"https:\/\/www.tabloideinformativo.com\/index.php?rest_route=%2Fwp%2Fv2%2Ftags&post=79913"}],"curies":[{"name":"wp","href":"https:\/\/api.w.org\/{rel}","templated":true}]}}