{"id":79911,"date":"2026-04-17T22:26:59","date_gmt":"2026-04-18T05:26:59","guid":{"rendered":"https:\/\/www.agenciaice.mx\/?p=67694"},"modified":"2026-04-17T22:26:59","modified_gmt":"2026-04-18T05:26:59","slug":"discute-congreso-de-sonora-reforma-para-reducir-mendicidad-y-explotacion-infantil","status":"publish","type":"post","link":"https:\/\/www.tabloideinformativo.com\/?p=79911","title":{"rendered":"DISCUTE CONGRESO DE SONORA REFORMA PARA REDUCIR MENDICIDAD Y EXPLOTACI\u00d3N INFANTIL"},"content":{"rendered":"\n<figure class=\"wp-block-image size-large\"><img data-recalc-dims=\"1\" height=\"426\" width=\"640\" decoding=\"async\" src=\"https:\/\/i0.wp.com\/www.tabloideinformativo.com\/wp-content\/uploads\/2026\/04\/congreso2.jpeg?resize=640%2C426&#038;ssl=1\" alt=\"\" class=\"wp-image-67695\"\/><\/figure>\n\n\n\n<p><\/p>\n\n\n\n<p><strong><em>Cajeme, Sonora.-<\/em><\/strong> La iniciativa de reforma a la Ley de los Derechos de las Ni\u00f1as, Ni\u00f1os y Adolescentes, en materia de mendicidad y explotaci\u00f3n infantil, contin\u00fao su proceso de socializaci\u00f3n por parte de legisladores del Congreso del Estado, en esta ocasi\u00f3n en Ciudad Obreg\u00f3n.<\/p>\n\n\n\n<p>La diputada Gabriela Danitza F\u00e9lix Boj\u00f3rquez y el diputado Jes\u00fas Manuel Scott S\u00e1nchez (MC), proponentes de la reforma, acompa\u00f1ados de la diputada Deni Gast\u00e9lum Barreras (Morena), presidenta de la Comisi\u00f3n de los Derechos de la Ni\u00f1ez y Adolescencia, expusieron que la iniciativa tiene como finalidad obligar al Estado a atender las causas estructurales que originan estas problem\u00e1ticas, como la pobreza y la vulnerabilidad en los hogares.<\/p>\n\n\n\n<p>Durante el desarrollo del ejercicio se present\u00f3 un an\u00e1lisis de la situaci\u00f3n de ni\u00f1as, ni\u00f1os y adolescentes en mendicidad y se expuso el contenido de la propuesta, la cual reforma los art\u00edculos 3 y 32 de la Ley de los Derechos de las Ni\u00f1as, Ni\u00f1os y Adolescentes del Estado de Sonora.<\/p>\n\n\n\n<p>El documento establece que las autoridades, tanto a nivel estatal como municipal, deber\u00e1n implementar acciones para prevenir, atender y erradicar la discriminaci\u00f3n de la que son objeto la ni\u00f1ez y adolescencia en situaciones de exclusi\u00f3n social, orfandad por feminicidio, condici\u00f3n de discapacidad, cualquier forma de trabajo infantil y mendicidad.<\/p>\n\n\n\n<p>Con ello se busca garantizar como derecho su integraci\u00f3n a programas compensatorios y sociales, mediante acciones de protecci\u00f3n para evitar la explotaci\u00f3n y el trabajo infantil.<\/p>\n\n\n\n<p>Las personas asistentes se\u00f1alaron la importancia de visibilizar a la ni\u00f1ez y adolescencia que se encuentran en contextos de vulnerabilidad, as\u00ed como de generar pol\u00edticas p\u00fablicas eficaces que atiendan de manera directa sus necesidades.<\/p>\n\n\n\n<p>Ambos legisladores recordaron que las opiniones y aportaciones ser\u00e1n tomadas en cuenta para ser integradas al dictamen que se encuentra en an\u00e1lisis.<\/p>\n","protected":false},"excerpt":{"rendered":"<p>Cajeme, Sonora.- La iniciativa de reforma a la Ley de los Derechos de las Ni\u00f1as,&#8230;<\/p>\n","protected":false},"author":2,"featured_media":79939,"comment_status":"closed","ping_status":"closed","sticky":false,"template":"","format":"standard","meta":{"_jetpack_memberships_contains_paid_content":false,"footnotes":""},"categories":[11],"tags":[],"class_list":["post-79911","post","type-post","status-publish","format-standard","has-post-thumbnail","hentry","category-estatal"],"jetpack_featured_media_url":"https:\/\/i0.wp.com\/www.tabloideinformativo.com\/wp-content\/uploads\/2026\/04\/congreso3.jpeg?fit=1600%2C880&ssl=1","featured_image_urls":{"full":["https:\/\/i0.wp.com\/www.tabloideinformativo.com\/wp-content\/uploads\/2026\/04\/congreso3.jpeg?fit=1600%2C880&ssl=1",1600,880,false],"thumbnail":["https:\/\/i0.wp.com\/www.tabloideinformativo.com\/wp-content\/uploads\/2026\/04\/congreso3.jpeg?resize=150%2C150&ssl=1",150,150,true],"medium":["https:\/\/i0.wp.com\/www.tabloideinformativo.com\/wp-content\/uploads\/2026\/04\/congreso3.jpeg?fit=300%2C165&ssl=1",300,165,true],"medium_large":["https:\/\/i0.wp.com\/www.tabloideinformativo.com\/wp-content\/uploads\/2026\/04\/congreso3.jpeg?fit=640%2C352&ssl=1",640,352,true],"large":["https:\/\/i0.wp.com\/www.tabloideinformativo.com\/wp-content\/uploads\/2026\/04\/congreso3.jpeg?fit=640%2C352&ssl=1",640,352,true],"1536x1536":["https:\/\/i0.wp.com\/www.tabloideinformativo.com\/wp-content\/uploads\/2026\/04\/congreso3.jpeg?fit=1536%2C845&ssl=1",1536,845,true],"2048x2048":["https:\/\/i0.wp.com\/www.tabloideinformativo.com\/wp-content\/uploads\/2026\/04\/congreso3.jpeg?fit=1600%2C880&ssl=1",1600,880,true],"covernews-featured":["https:\/\/i0.wp.com\/www.tabloideinformativo.com\/wp-content\/uploads\/2026\/04\/congreso3.jpeg?fit=1024%2C563&ssl=1",1024,563,true],"covernews-medium":["https:\/\/i0.wp.com\/www.tabloideinformativo.com\/wp-content\/uploads\/2026\/04\/congreso3.jpeg?resize=540%2C340&ssl=1",540,340,true]},"author_info":{"display_name":"Administrador","author_link":"https:\/\/www.tabloideinformativo.com\/?author=2"},"category_info":"<a href=\"https:\/\/www.tabloideinformativo.com\/?cat=11\" rel=\"category\">ESTATAL<\/a>","tag_info":"ESTATAL","comment_count":"0","jetpack_sharing_enabled":true,"jetpack_likes_enabled":true,"_links":{"self":[{"href":"https:\/\/www.tabloideinformativo.com\/index.php?rest_route=\/wp\/v2\/posts\/79911","targetHints":{"allow":["GET"]}}],"collection":[{"href":"https:\/\/www.tabloideinformativo.com\/index.php?rest_route=\/wp\/v2\/posts"}],"about":[{"href":"https:\/\/www.tabloideinformativo.com\/index.php?rest_route=\/wp\/v2\/types\/post"}],"author":[{"embeddable":true,"href":"https:\/\/www.tabloideinformativo.com\/index.php?rest_route=\/wp\/v2\/users\/2"}],"replies":[{"embeddable":true,"href":"https:\/\/www.tabloideinformativo.com\/index.php?rest_route=%2Fwp%2Fv2%2Fcomments&post=79911"}],"version-history":[{"count":0,"href":"https:\/\/www.tabloideinformativo.com\/index.php?rest_route=\/wp\/v2\/posts\/79911\/revisions"}],"wp:featuredmedia":[{"embeddable":true,"href":"https:\/\/www.tabloideinformativo.com\/index.php?rest_route=\/wp\/v2\/media\/79939"}],"wp:attachment":[{"href":"https:\/\/www.tabloideinformativo.com\/index.php?rest_route=%2Fwp%2Fv2%2Fmedia&parent=79911"}],"wp:term":[{"taxonomy":"category","embeddable":true,"href":"https:\/\/www.tabloideinformativo.com\/index.php?rest_route=%2Fwp%2Fv2%2Fcategories&post=79911"},{"taxonomy":"post_tag","embeddable":true,"href":"https:\/\/www.tabloideinformativo.com\/index.php?rest_route=%2Fwp%2Fv2%2Ftags&post=79911"}],"curies":[{"name":"wp","href":"https:\/\/api.w.org\/{rel}","templated":true}]}}