{"id":79909,"date":"2026-04-17T21:17:10","date_gmt":"2026-04-18T04:17:10","guid":{"rendered":"https:\/\/www.agenciaice.mx\/?p=67682"},"modified":"2026-04-17T21:17:10","modified_gmt":"2026-04-18T04:17:10","slug":"cepc-imparte-taller-para-la-elaboracion-de-programas-internos-de-proteccion-civil","status":"publish","type":"post","link":"https:\/\/www.tabloideinformativo.com\/?p=79909","title":{"rendered":"CEPC IMPARTE TALLER PARA LA ELABORACI\u00d3N DE PROGRAMAS INTERNOS DE PROTECCI\u00d3N CIVIL"},"content":{"rendered":"\n<figure class=\"wp-block-image size-large\"><img data-recalc-dims=\"1\" height=\"349\" width=\"640\" decoding=\"async\" src=\"https:\/\/i0.wp.com\/www.tabloideinformativo.com\/wp-content\/uploads\/2026\/04\/CEPC-IMPARTE-TALLER-1.jpg?resize=640%2C349&#038;ssl=1\" alt=\"\" class=\"wp-image-67683\"\/><\/figure>\n\n\n\n<p><\/p>\n\n\n\n<p><strong><em>Hermosillo, Sonora.-<\/em><\/strong> La Coordinaci\u00f3n Estatal de Protecci\u00f3n Civil (CEPC) en Sonora llev\u00f3 a cabo con \u00e9xito el \u201cTaller de Programas Internos\u201d en materia de protecci\u00f3n civil, dirigido a dependencias gubernamentales, instituciones educativas y empresas privadas.<\/p>\n\n\n\n<p>Durante la jornada, personal de la Direcci\u00f3n General, encabezado por la directora Damary Camacho, as\u00ed como de la Direcci\u00f3n de Programas Internos, representada por Orlando Valenzuela Avil\u00e9s, expuso a las y los participantes la importancia de contar con un programa interno de protecci\u00f3n civil, as\u00ed como el procedimiento para su correcta elaboraci\u00f3n.<\/p>\n\n\n\n<p>Por su parte, el titular de Protecci\u00f3n Civil Estatal, Daniel Abraham G\u00e1mez Mart\u00ednez, agradeci\u00f3 la asistencia de las y los participantes, reconociendo su compromiso e inter\u00e9s en fortalecer la prevenci\u00f3n.<\/p>\n\n\n\n<p>Destac\u00f3 que este tipo de pl\u00e1ticas contribuye a salvaguardar la seguridad e integridad tanto de las instituciones y empresas como de la poblaci\u00f3n en general.<\/p>\n","protected":false},"excerpt":{"rendered":"<p>Hermosillo, Sonora.- La Coordinaci\u00f3n Estatal de Protecci\u00f3n Civil (CEPC) en Sonora llev\u00f3 a cabo con&#8230;<\/p>\n","protected":false},"author":2,"featured_media":79935,"comment_status":"closed","ping_status":"closed","sticky":false,"template":"","format":"standard","meta":{"_jetpack_memberships_contains_paid_content":false,"footnotes":""},"categories":[11],"tags":[],"class_list":["post-79909","post","type-post","status-publish","format-standard","has-post-thumbnail","hentry","category-estatal"],"jetpack_featured_media_url":"https:\/\/i0.wp.com\/www.tabloideinformativo.com\/wp-content\/uploads\/2026\/04\/CEPC-IMPARTE-TALLER-3.jpg?fit=2048%2C1365&ssl=1","featured_image_urls":{"full":["https:\/\/i0.wp.com\/www.tabloideinformativo.com\/wp-content\/uploads\/2026\/04\/CEPC-IMPARTE-TALLER-3.jpg?fit=2048%2C1365&ssl=1",2048,1365,false],"thumbnail":["https:\/\/i0.wp.com\/www.tabloideinformativo.com\/wp-content\/uploads\/2026\/04\/CEPC-IMPARTE-TALLER-3.jpg?resize=150%2C150&ssl=1",150,150,true],"medium":["https:\/\/i0.wp.com\/www.tabloideinformativo.com\/wp-content\/uploads\/2026\/04\/CEPC-IMPARTE-TALLER-3.jpg?fit=300%2C200&ssl=1",300,200,true],"medium_large":["https:\/\/i0.wp.com\/www.tabloideinformativo.com\/wp-content\/uploads\/2026\/04\/CEPC-IMPARTE-TALLER-3.jpg?fit=640%2C427&ssl=1",640,427,true],"large":["https:\/\/i0.wp.com\/www.tabloideinformativo.com\/wp-content\/uploads\/2026\/04\/CEPC-IMPARTE-TALLER-3.jpg?fit=640%2C427&ssl=1",640,427,true],"1536x1536":["https:\/\/i0.wp.com\/www.tabloideinformativo.com\/wp-content\/uploads\/2026\/04\/CEPC-IMPARTE-TALLER-3.jpg?fit=1536%2C1024&ssl=1",1536,1024,true],"2048x2048":["https:\/\/i0.wp.com\/www.tabloideinformativo.com\/wp-content\/uploads\/2026\/04\/CEPC-IMPARTE-TALLER-3.jpg?fit=2048%2C1365&ssl=1",2048,1365,true],"covernews-featured":["https:\/\/i0.wp.com\/www.tabloideinformativo.com\/wp-content\/uploads\/2026\/04\/CEPC-IMPARTE-TALLER-3.jpg?fit=1024%2C683&ssl=1",1024,683,true],"covernews-medium":["https:\/\/i0.wp.com\/www.tabloideinformativo.com\/wp-content\/uploads\/2026\/04\/CEPC-IMPARTE-TALLER-3.jpg?resize=540%2C340&ssl=1",540,340,true]},"author_info":{"display_name":"Administrador","author_link":"https:\/\/www.tabloideinformativo.com\/?author=2"},"category_info":"<a href=\"https:\/\/www.tabloideinformativo.com\/?cat=11\" rel=\"category\">ESTATAL<\/a>","tag_info":"ESTATAL","comment_count":"0","jetpack_sharing_enabled":true,"jetpack_likes_enabled":true,"_links":{"self":[{"href":"https:\/\/www.tabloideinformativo.com\/index.php?rest_route=\/wp\/v2\/posts\/79909","targetHints":{"allow":["GET"]}}],"collection":[{"href":"https:\/\/www.tabloideinformativo.com\/index.php?rest_route=\/wp\/v2\/posts"}],"about":[{"href":"https:\/\/www.tabloideinformativo.com\/index.php?rest_route=\/wp\/v2\/types\/post"}],"author":[{"embeddable":true,"href":"https:\/\/www.tabloideinformativo.com\/index.php?rest_route=\/wp\/v2\/users\/2"}],"replies":[{"embeddable":true,"href":"https:\/\/www.tabloideinformativo.com\/index.php?rest_route=%2Fwp%2Fv2%2Fcomments&post=79909"}],"version-history":[{"count":0,"href":"https:\/\/www.tabloideinformativo.com\/index.php?rest_route=\/wp\/v2\/posts\/79909\/revisions"}],"wp:featuredmedia":[{"embeddable":true,"href":"https:\/\/www.tabloideinformativo.com\/index.php?rest_route=\/wp\/v2\/media\/79935"}],"wp:attachment":[{"href":"https:\/\/www.tabloideinformativo.com\/index.php?rest_route=%2Fwp%2Fv2%2Fmedia&parent=79909"}],"wp:term":[{"taxonomy":"category","embeddable":true,"href":"https:\/\/www.tabloideinformativo.com\/index.php?rest_route=%2Fwp%2Fv2%2Fcategories&post=79909"},{"taxonomy":"post_tag","embeddable":true,"href":"https:\/\/www.tabloideinformativo.com\/index.php?rest_route=%2Fwp%2Fv2%2Ftags&post=79909"}],"curies":[{"name":"wp","href":"https:\/\/api.w.org\/{rel}","templated":true}]}}