{"id":79894,"date":"2026-04-25T18:07:00","date_gmt":"2026-04-26T01:07:00","guid":{"rendered":"https:\/\/www.agenciaice.mx\/?p=67864"},"modified":"2026-04-26T20:58:26","modified_gmt":"2026-04-27T03:58:26","slug":"crece-la-confianza-ciudadana-en-el-ejercito-marina-fuerza-aerea-y-guardia-nacional-omar-garcia-harfuch","status":"publish","type":"post","link":"https:\/\/www.tabloideinformativo.com\/?p=79894","title":{"rendered":"CRECE LA CONFIANZA CIUDADANA EN EL EJ\u00c9RCITO, MARINA, FUERZA A\u00c9REA Y GUARDIA NACIONAL: OMAR GARC\u00cdA HARFUCH"},"content":{"rendered":"\n<figure class=\"wp-block-image size-full\"><img data-recalc-dims=\"1\" decoding=\"async\" src=\"https:\/\/i0.wp.com\/www.tabloideinformativo.com\/wp-content\/uploads\/2026\/04\/Omar-Gracia-Harfuch.jpg?w=640&#038;ssl=1\" alt=\"\" class=\"wp-image-67865\"\/><\/figure>\n\n\n\n<p><\/p>\n\n\n\n<ul class=\"wp-block-list\">\n<li><strong><em>Afirm\u00f3 que &#8220;los resultados son producto de una estrategia sostenida, con coordinaci\u00f3n, inteligencia y presencia territorial. Seguimos trabajando&#8221;<\/em><\/strong><\/li>\n<\/ul>\n\n\n\n<p><strong><em>Cd. de M\u00e9xico (agencias).-<\/em><\/strong> Omar Garc\u00eda Harfuch, titular de la Secretar\u00eda de Seguridad y Protecci\u00f3n Ciudadana, inform\u00f3 que durante la administraci\u00f3n de la Presidenta Claudia Sheinbaum baj\u00f3 la percepci\u00f3n de inseguridad en el Pa\u00eds.<\/p>\n\n\n\n<p>Adem\u00e1s, asever\u00f3 que creci\u00f3 la confianza ciudadana en el Ej\u00e9rcito, Marina, Fuerza A\u00e9rea y Guardia Nacional.<\/p>\n\n\n\n<p>\u201cLa #ENSU del @INEGI_INFORMA confirma avances claros: la percepci\u00f3n de inseguridad baj\u00f3 al nivel m\u00e1s bajo desde el inicio de la administraci\u00f3n de la presidenta @Claudiashein\u201d, escribi\u00f3 en su cuenta de X @OHarfuch.<\/p>\n\n\n\n<p>Y agreg\u00f3: \u201cTambi\u00e9n crece la confianza ciudadana en el Ej\u00e9rcito Mexicano y Fuerza A\u00e9rea. @Defensamx alcanz\u00f3 su mayor nivel desde septiembre de 2021 y tambi\u00e9n @GN_MEXICO_, desde marzo de 2021; la Secretar\u00eda de Marina @SEMAR_mx aument\u00f3 4 puntos en percepci\u00f3n de desempe\u00f1o\u201d.<\/p>\n\n\n\n<p>Omar Garc\u00eda Harfuch sostuvo que los resultados son producto de una estrategia sostenida, con coordinaci\u00f3n, inteligencia y presencia territorial y finaliz\u00f3 con &#8220;seguimos trabajando\u201d.<\/p>\n\n\n\n<p>Con informaci\u00f3n de El Heraldo de M\u00e9xico | MD | Foto Cuartoscuro<\/p>\n","protected":false},"excerpt":{"rendered":"<p>Cd. de M\u00e9xico (agencias).- Omar Garc\u00eda Harfuch, titular de la Secretar\u00eda de Seguridad y Protecci\u00f3n&#8230;<\/p>\n","protected":false},"author":2,"featured_media":79903,"comment_status":"closed","ping_status":"closed","sticky":false,"template":"","format":"standard","meta":{"_jetpack_memberships_contains_paid_content":false,"footnotes":""},"categories":[21,26],"tags":[],"class_list":["post-79894","post","type-post","status-publish","format-standard","has-post-thumbnail","hentry","category-nacional","category-principal"],"jetpack_featured_media_url":"https:\/\/i0.wp.com\/www.tabloideinformativo.com\/wp-content\/uploads\/2026\/04\/seguridad.jpg?fit=680%2C383&ssl=1","featured_image_urls":{"full":["https:\/\/i0.wp.com\/www.tabloideinformativo.com\/wp-content\/uploads\/2026\/04\/seguridad.jpg?fit=680%2C383&ssl=1",680,383,false],"thumbnail":["https:\/\/i0.wp.com\/www.tabloideinformativo.com\/wp-content\/uploads\/2026\/04\/seguridad.jpg?resize=150%2C150&ssl=1",150,150,true],"medium":["https:\/\/i0.wp.com\/www.tabloideinformativo.com\/wp-content\/uploads\/2026\/04\/seguridad.jpg?fit=300%2C169&ssl=1",300,169,true],"medium_large":["https:\/\/i0.wp.com\/www.tabloideinformativo.com\/wp-content\/uploads\/2026\/04\/seguridad.jpg?fit=640%2C360&ssl=1",640,360,true],"large":["https:\/\/i0.wp.com\/www.tabloideinformativo.com\/wp-content\/uploads\/2026\/04\/seguridad.jpg?fit=640%2C360&ssl=1",640,360,true],"1536x1536":["https:\/\/i0.wp.com\/www.tabloideinformativo.com\/wp-content\/uploads\/2026\/04\/seguridad.jpg?fit=680%2C383&ssl=1",680,383,true],"2048x2048":["https:\/\/i0.wp.com\/www.tabloideinformativo.com\/wp-content\/uploads\/2026\/04\/seguridad.jpg?fit=680%2C383&ssl=1",680,383,true],"covernews-featured":["https:\/\/i0.wp.com\/www.tabloideinformativo.com\/wp-content\/uploads\/2026\/04\/seguridad.jpg?fit=680%2C383&ssl=1",680,383,true],"covernews-medium":["https:\/\/i0.wp.com\/www.tabloideinformativo.com\/wp-content\/uploads\/2026\/04\/seguridad.jpg?resize=540%2C340&ssl=1",540,340,true]},"author_info":{"display_name":"Administrador","author_link":"https:\/\/www.tabloideinformativo.com\/?author=2"},"category_info":"<a href=\"https:\/\/www.tabloideinformativo.com\/?cat=21\" rel=\"category\">NACIONAL<\/a> <a href=\"https:\/\/www.tabloideinformativo.com\/?cat=26\" rel=\"category\">PRINCIPAL<\/a>","tag_info":"PRINCIPAL","comment_count":"0","jetpack_sharing_enabled":true,"jetpack_likes_enabled":true,"_links":{"self":[{"href":"https:\/\/www.tabloideinformativo.com\/index.php?rest_route=\/wp\/v2\/posts\/79894","targetHints":{"allow":["GET"]}}],"collection":[{"href":"https:\/\/www.tabloideinformativo.com\/index.php?rest_route=\/wp\/v2\/posts"}],"about":[{"href":"https:\/\/www.tabloideinformativo.com\/index.php?rest_route=\/wp\/v2\/types\/post"}],"author":[{"embeddable":true,"href":"https:\/\/www.tabloideinformativo.com\/index.php?rest_route=\/wp\/v2\/users\/2"}],"replies":[{"embeddable":true,"href":"https:\/\/www.tabloideinformativo.com\/index.php?rest_route=%2Fwp%2Fv2%2Fcomments&post=79894"}],"version-history":[{"count":1,"href":"https:\/\/www.tabloideinformativo.com\/index.php?rest_route=\/wp\/v2\/posts\/79894\/revisions"}],"predecessor-version":[{"id":79970,"href":"https:\/\/www.tabloideinformativo.com\/index.php?rest_route=\/wp\/v2\/posts\/79894\/revisions\/79970"}],"wp:featuredmedia":[{"embeddable":true,"href":"https:\/\/www.tabloideinformativo.com\/index.php?rest_route=\/wp\/v2\/media\/79903"}],"wp:attachment":[{"href":"https:\/\/www.tabloideinformativo.com\/index.php?rest_route=%2Fwp%2Fv2%2Fmedia&parent=79894"}],"wp:term":[{"taxonomy":"category","embeddable":true,"href":"https:\/\/www.tabloideinformativo.com\/index.php?rest_route=%2Fwp%2Fv2%2Fcategories&post=79894"},{"taxonomy":"post_tag","embeddable":true,"href":"https:\/\/www.tabloideinformativo.com\/index.php?rest_route=%2Fwp%2Fv2%2Ftags&post=79894"}],"curies":[{"name":"wp","href":"https:\/\/api.w.org\/{rel}","templated":true}]}}