{"id":79893,"date":"2026-04-25T17:26:00","date_gmt":"2026-04-26T00:26:00","guid":{"rendered":"https:\/\/www.agenciaice.mx\/?p=67852"},"modified":"2026-04-25T17:26:00","modified_gmt":"2026-04-26T00:26:00","slug":"conquista-itson-sus-primeras-medallas-en-los-nacionales-anuies","status":"publish","type":"post","link":"https:\/\/www.tabloideinformativo.com\/?p=79893","title":{"rendered":"CONQUISTA ITSON SUS PRIMERAS MEDALLAS EN LOS NACIONALES ANUIES"},"content":{"rendered":"\n<figure class=\"wp-block-image size-large is-resized\"><img data-recalc-dims=\"1\" height=\"960\" width=\"640\" decoding=\"async\" src=\"https:\/\/i0.wp.com\/www.tabloideinformativo.com\/wp-content\/uploads\/2026\/04\/SOFT01.jpg?resize=640%2C960&#038;ssl=1\" alt=\"\" class=\"wp-image-67854\" style=\"aspect-ratio:0.6670012695226004;width:720px;height:auto\"\/><\/figure>\n\n\n\n<p><\/p>\n\n\n\n<p><strong><em>Puebla, Puebla.-<\/em><\/strong> El Instituto Tecnol\u00f3gico de Sonora (ITSON) inaugur\u00f3 su medallero en los Juegos Nacionales ANUIES 2026 con una destacada actuaci\u00f3n en taekwondo, disciplina que aport\u00f3 las primeras preseas para la delegaci\u00f3n con un oro y una plata.<\/p>\n\n\n\n<p>La medalla dorada fue para Denisse Apodaca, quien se proclam\u00f3 campeona en la categor\u00eda de -67 kg tras una sobresaliente participaci\u00f3n en el tatami. Por su parte, Patricia Danae Casta\u00f1eda se adjudic\u00f3 la medalla de plata en la divisi\u00f3n de -49 kg, consolidando un arranque positivo para el equipo.<\/p>\n\n\n\n<p>El logro de Apodaca adquiere un significado hist\u00f3rico, al romper una sequ\u00eda de 16 a\u00f1os sin medalla de oro en la rama femenil de taekwondo para ITSON en este tipo de competencias. La \u00faltima ocasi\u00f3n en que se hab\u00eda alcanzado este resultado fue en la Universiada Nacional de 2010, celebrada en la Universidad Aut\u00f3noma de Chihuahua, cuando Diana Gracia obtuvo el primer lugar.<\/p>\n\n\n\n<p>En la disciplina de softbol, con sede en la Ciudad de M\u00e9xico, el conjunto equino contin\u00faa con paso perfecto tras ligar su tercera victoria del certamen al imponerse por marcador de 16-0 a la Universidad Aut\u00f3noma de Zacatecas (UAZ), en un encuentro que finaliz\u00f3 por la v\u00eda del nocaut en tres entradas, para luego despachar a la Universidad Aut\u00f3noma de Guanajuato 13-0 en la doble jornada.<\/p>\n\n\n\n<p>La ofensiva sonorense volvi\u00f3 a destacar al conectar 12 imparables, incluyendo un rally de 12 carreras en la primera entrada que defini\u00f3 el rumbo del encuentro, adem\u00e1s de sumar cuatro anotaciones m\u00e1s en el segundo episodio.<\/p>\n\n\n\n<p>En el c\u00edrculo de pitcheo, Ana Rosas se llev\u00f3 el triunfo con labor de dos entradas y dos tercios, en las que permiti\u00f3 \u00fanicamente dos pasaportes y recet\u00f3 cuatro ponches. Guadalupe Y\u00e9piz relev\u00f3 para retirar el \u00faltimo tercio del juego.<\/p>\n\n\n\n<p>Por su parte, en el tenis, ITSON tambi\u00e9n tuvo una jornada positiva. En singles varonil, Javier Victoria avanz\u00f3 a los octavos de final tras vencer con autoridad por 6-2 y 6-0 a su rival de la Universidad de Sonora (UNISON).<\/p>\n\n\n\n<p>Asimismo, en dobles varonil, la dupla conformada por Victoria y Emiliano Contreras accedi\u00f3 a los cuartos de final luego de superar al Instituto Polit\u00e9cnico Nacional (IPN) por parciales de 6-3 y 6-3.<\/p>\n\n\n\n<p>Con estos resultados, ITSON mantiene un arranque s\u00f3lido en distintas disciplinas, destacando tanto en deportes individuales como de conjunto dentro de esta justa nacional.<\/p>\n","protected":false},"excerpt":{"rendered":"<p>Puebla, Puebla.- El Instituto Tecnol\u00f3gico de Sonora (ITSON) inaugur\u00f3 su medallero en los Juegos Nacionales&#8230;<\/p>\n","protected":false},"author":2,"featured_media":79900,"comment_status":"closed","ping_status":"closed","sticky":false,"template":"","format":"standard","meta":{"_jetpack_memberships_contains_paid_content":false,"footnotes":""},"categories":[21],"tags":[],"class_list":["post-79893","post","type-post","status-publish","format-standard","has-post-thumbnail","hentry","category-nacional"],"jetpack_featured_media_url":"https:\/\/i0.wp.com\/www.tabloideinformativo.com\/wp-content\/uploads\/2026\/04\/DENISSE-APODACA-ORO-Y-PATRICIA-DANAE-CASTANEDA-PLATA-LE-DIERON-A-ITSON-SUS-PRIMERAS-MEDALLAS-EN-LOS-JUEGOS-NACIONALES-ANUIES-2026.jpg?fit=1345%2C899&ssl=1","featured_image_urls":{"full":["https:\/\/i0.wp.com\/www.tabloideinformativo.com\/wp-content\/uploads\/2026\/04\/DENISSE-APODACA-ORO-Y-PATRICIA-DANAE-CASTANEDA-PLATA-LE-DIERON-A-ITSON-SUS-PRIMERAS-MEDALLAS-EN-LOS-JUEGOS-NACIONALES-ANUIES-2026.jpg?fit=1345%2C899&ssl=1",1345,899,false],"thumbnail":["https:\/\/i0.wp.com\/www.tabloideinformativo.com\/wp-content\/uploads\/2026\/04\/DENISSE-APODACA-ORO-Y-PATRICIA-DANAE-CASTANEDA-PLATA-LE-DIERON-A-ITSON-SUS-PRIMERAS-MEDALLAS-EN-LOS-JUEGOS-NACIONALES-ANUIES-2026.jpg?resize=150%2C150&ssl=1",150,150,true],"medium":["https:\/\/i0.wp.com\/www.tabloideinformativo.com\/wp-content\/uploads\/2026\/04\/DENISSE-APODACA-ORO-Y-PATRICIA-DANAE-CASTANEDA-PLATA-LE-DIERON-A-ITSON-SUS-PRIMERAS-MEDALLAS-EN-LOS-JUEGOS-NACIONALES-ANUIES-2026.jpg?fit=300%2C201&ssl=1",300,201,true],"medium_large":["https:\/\/i0.wp.com\/www.tabloideinformativo.com\/wp-content\/uploads\/2026\/04\/DENISSE-APODACA-ORO-Y-PATRICIA-DANAE-CASTANEDA-PLATA-LE-DIERON-A-ITSON-SUS-PRIMERAS-MEDALLAS-EN-LOS-JUEGOS-NACIONALES-ANUIES-2026.jpg?fit=640%2C428&ssl=1",640,428,true],"large":["https:\/\/i0.wp.com\/www.tabloideinformativo.com\/wp-content\/uploads\/2026\/04\/DENISSE-APODACA-ORO-Y-PATRICIA-DANAE-CASTANEDA-PLATA-LE-DIERON-A-ITSON-SUS-PRIMERAS-MEDALLAS-EN-LOS-JUEGOS-NACIONALES-ANUIES-2026.jpg?fit=640%2C428&ssl=1",640,428,true],"1536x1536":["https:\/\/i0.wp.com\/www.tabloideinformativo.com\/wp-content\/uploads\/2026\/04\/DENISSE-APODACA-ORO-Y-PATRICIA-DANAE-CASTANEDA-PLATA-LE-DIERON-A-ITSON-SUS-PRIMERAS-MEDALLAS-EN-LOS-JUEGOS-NACIONALES-ANUIES-2026.jpg?fit=1345%2C899&ssl=1",1345,899,true],"2048x2048":["https:\/\/i0.wp.com\/www.tabloideinformativo.com\/wp-content\/uploads\/2026\/04\/DENISSE-APODACA-ORO-Y-PATRICIA-DANAE-CASTANEDA-PLATA-LE-DIERON-A-ITSON-SUS-PRIMERAS-MEDALLAS-EN-LOS-JUEGOS-NACIONALES-ANUIES-2026.jpg?fit=1345%2C899&ssl=1",1345,899,true],"covernews-featured":["https:\/\/i0.wp.com\/www.tabloideinformativo.com\/wp-content\/uploads\/2026\/04\/DENISSE-APODACA-ORO-Y-PATRICIA-DANAE-CASTANEDA-PLATA-LE-DIERON-A-ITSON-SUS-PRIMERAS-MEDALLAS-EN-LOS-JUEGOS-NACIONALES-ANUIES-2026.jpg?fit=1024%2C684&ssl=1",1024,684,true],"covernews-medium":["https:\/\/i0.wp.com\/www.tabloideinformativo.com\/wp-content\/uploads\/2026\/04\/DENISSE-APODACA-ORO-Y-PATRICIA-DANAE-CASTANEDA-PLATA-LE-DIERON-A-ITSON-SUS-PRIMERAS-MEDALLAS-EN-LOS-JUEGOS-NACIONALES-ANUIES-2026.jpg?resize=540%2C340&ssl=1",540,340,true]},"author_info":{"display_name":"Administrador","author_link":"https:\/\/www.tabloideinformativo.com\/?author=2"},"category_info":"<a href=\"https:\/\/www.tabloideinformativo.com\/?cat=21\" rel=\"category\">NACIONAL<\/a>","tag_info":"NACIONAL","comment_count":"0","jetpack_sharing_enabled":true,"jetpack_likes_enabled":true,"_links":{"self":[{"href":"https:\/\/www.tabloideinformativo.com\/index.php?rest_route=\/wp\/v2\/posts\/79893","targetHints":{"allow":["GET"]}}],"collection":[{"href":"https:\/\/www.tabloideinformativo.com\/index.php?rest_route=\/wp\/v2\/posts"}],"about":[{"href":"https:\/\/www.tabloideinformativo.com\/index.php?rest_route=\/wp\/v2\/types\/post"}],"author":[{"embeddable":true,"href":"https:\/\/www.tabloideinformativo.com\/index.php?rest_route=\/wp\/v2\/users\/2"}],"replies":[{"embeddable":true,"href":"https:\/\/www.tabloideinformativo.com\/index.php?rest_route=%2Fwp%2Fv2%2Fcomments&post=79893"}],"version-history":[{"count":0,"href":"https:\/\/www.tabloideinformativo.com\/index.php?rest_route=\/wp\/v2\/posts\/79893\/revisions"}],"wp:featuredmedia":[{"embeddable":true,"href":"https:\/\/www.tabloideinformativo.com\/index.php?rest_route=\/wp\/v2\/media\/79900"}],"wp:attachment":[{"href":"https:\/\/www.tabloideinformativo.com\/index.php?rest_route=%2Fwp%2Fv2%2Fmedia&parent=79893"}],"wp:term":[{"taxonomy":"category","embeddable":true,"href":"https:\/\/www.tabloideinformativo.com\/index.php?rest_route=%2Fwp%2Fv2%2Fcategories&post=79893"},{"taxonomy":"post_tag","embeddable":true,"href":"https:\/\/www.tabloideinformativo.com\/index.php?rest_route=%2Fwp%2Fv2%2Ftags&post=79893"}],"curies":[{"name":"wp","href":"https:\/\/api.w.org\/{rel}","templated":true}]}}