{"id":79892,"date":"2026-04-24T16:47:23","date_gmt":"2026-04-24T23:47:23","guid":{"rendered":"https:\/\/www.agenciaice.mx\/?p=67842"},"modified":"2026-04-26T20:58:27","modified_gmt":"2026-04-27T03:58:27","slug":"sat-amplia-horario-de-atencion-presencial-para-la-declaracion-anual","status":"publish","type":"post","link":"https:\/\/www.tabloideinformativo.com\/?p=79892","title":{"rendered":"SAT AMPL\u00cdA HORARIO DE ATENCI\u00d3N PRESENCIAL PARA LA DECLARACI\u00d3N ANUAL"},"content":{"rendered":"\n<figure class=\"wp-block-image size-large\"><img data-recalc-dims=\"1\" height=\"394\" width=\"640\" decoding=\"async\" src=\"https:\/\/i0.wp.com\/www.tabloideinformativo.com\/wp-content\/uploads\/2026\/04\/oficinas-del-sat.jpg?resize=640%2C394&#038;ssl=1\" alt=\"\" class=\"wp-image-67843\"\/><\/figure>\n\n\n\n<p><\/p>\n\n\n\n<p><strong><em>Cd. de M\u00e9xico (agencias).-<\/em><\/strong> El Servicio de Administraci\u00f3n Tributaria (SAT) ampliar\u00e1 su horario de atenci\u00f3n presencial para apoyar a los contribuyentes en la presentaci\u00f3n de la declaraci\u00f3n anual 2025.<\/p>\n\n\n\n<p>Del 22 al 30 de abril, las 169 oficinas del SAT atender\u00e1n de 9:00 a 18:00 h. Para solicitar una cita se puede ingresar a <a href=\"https:\/\/citas.sat.gob.mx\/\">https:\/\/citas.sat.gob.mx\/<\/a><\/p>\n\n\n\n<p>Cada a\u00f1o, las personas f\u00edsicas y morales deben presentar la declaraci\u00f3n anual, un reporte que da cuenta de todas las operaciones contables y fiscales realizadas el a\u00f1o anterior.<\/p>\n\n\n\n<p>De este modo, en este 2026 se presenta la declaraci\u00f3n anual de 2025.<\/p>\n\n\n\n<p><strong>\u2014\u00bfCu\u00e1ndo vence el plazo para presentar la declaraci\u00f3n anual ante el SAT?<\/strong><\/p>\n\n\n\n<p>Hasta el momento, el SAT mantiene el 30 de abril como \u00faltimo d\u00eda para que las personas f\u00edsicas presenten la declaraci\u00f3n anual 2025.<\/p>\n\n\n\n<p>Estos son los requisitos para presentar el tr\u00e1mite, que puede efectuarse v\u00eda internet las 24 horas del d\u00eda:<\/p>\n\n\n\n<ul class=\"wp-block-list\">\n<li>RFC<\/li>\n\n\n\n<li>Contrase\u00f1a (de la p\u00e1gina del SAT)<\/li>\n\n\n\n<li>e.firma vigente<\/li>\n\n\n\n<li>Datos bancarios<\/li>\n<\/ul>\n\n\n\n<p>Las personas f\u00edsicas obligadas a presentar la declaraci\u00f3n anual son aquellas que obtuvieron ingresos por sueldos y salarios, aquellas que prestan servicios profesionales, quienes tienen actividades empresariales, que cobran rentas por alg\u00fan bien inmueble, que enajenaron bienes y tributan en el R\u00e9gimen Simplificado de Confianza.<\/p>\n\n\n\n<p>Para mayor detalle sobre qu\u00e9 personas f\u00edsicas deben declarar, se puede consultar la p\u00e1gina web del SAT.<\/p>\n\n\n\n<p><strong>\u2014Multas por no presentar la declaraci\u00f3n anual<\/strong><\/p>\n\n\n\n<p>El C\u00f3digo Fiscal de la Federaci\u00f3n contempla sanciones econ\u00f3micas por omitir la presentaci\u00f3n de la declaraci\u00f3n anual ante el SAT.<\/p>\n\n\n\n<p>Los art\u00edculos 81, fracci\u00f3n I y 82, fracci\u00f3n I advierten multas de 2 mil 50 a 25 mil 360 pesos por cada una de las obligaciones no declaradas.<\/p>\n\n\n\n<p>Las autoridades podr\u00e1n imponer multas hasta en tres ocasiones, en caso de que no se atiendan los requerimientos para declarar.<\/p>\n\n\n\n<p>Con informaci\u00f3n de L\u00f3pez-D\u00f3riga Digital | Foto de Google Maps \/ Phyl Gc<\/p>\n","protected":false},"excerpt":{"rendered":"<p>Cd. de M\u00e9xico (agencias).- El Servicio de Administraci\u00f3n Tributaria (SAT) ampliar\u00e1 su horario de atenci\u00f3n&#8230;<\/p>\n","protected":false},"author":2,"featured_media":79899,"comment_status":"closed","ping_status":"closed","sticky":false,"template":"","format":"standard","meta":{"_jetpack_memberships_contains_paid_content":false,"footnotes":""},"categories":[21,26],"tags":[],"class_list":["post-79892","post","type-post","status-publish","format-standard","has-post-thumbnail","hentry","category-nacional","category-principal"],"jetpack_featured_media_url":"https:\/\/i0.wp.com\/www.tabloideinformativo.com\/wp-content\/uploads\/2026\/04\/oficinas-del-sat.jpg?fit=1200%2C740&ssl=1","featured_image_urls":{"full":["https:\/\/i0.wp.com\/www.tabloideinformativo.com\/wp-content\/uploads\/2026\/04\/oficinas-del-sat.jpg?fit=1200%2C740&ssl=1",1200,740,false],"thumbnail":["https:\/\/i0.wp.com\/www.tabloideinformativo.com\/wp-content\/uploads\/2026\/04\/oficinas-del-sat.jpg?resize=150%2C150&ssl=1",150,150,true],"medium":["https:\/\/i0.wp.com\/www.tabloideinformativo.com\/wp-content\/uploads\/2026\/04\/oficinas-del-sat.jpg?fit=300%2C185&ssl=1",300,185,true],"medium_large":["https:\/\/i0.wp.com\/www.tabloideinformativo.com\/wp-content\/uploads\/2026\/04\/oficinas-del-sat.jpg?fit=640%2C395&ssl=1",640,395,true],"large":["https:\/\/i0.wp.com\/www.tabloideinformativo.com\/wp-content\/uploads\/2026\/04\/oficinas-del-sat.jpg?fit=640%2C394&ssl=1",640,394,true],"1536x1536":["https:\/\/i0.wp.com\/www.tabloideinformativo.com\/wp-content\/uploads\/2026\/04\/oficinas-del-sat.jpg?fit=1200%2C740&ssl=1",1200,740,true],"2048x2048":["https:\/\/i0.wp.com\/www.tabloideinformativo.com\/wp-content\/uploads\/2026\/04\/oficinas-del-sat.jpg?fit=1200%2C740&ssl=1",1200,740,true],"covernews-featured":["https:\/\/i0.wp.com\/www.tabloideinformativo.com\/wp-content\/uploads\/2026\/04\/oficinas-del-sat.jpg?fit=1024%2C631&ssl=1",1024,631,true],"covernews-medium":["https:\/\/i0.wp.com\/www.tabloideinformativo.com\/wp-content\/uploads\/2026\/04\/oficinas-del-sat.jpg?resize=540%2C340&ssl=1",540,340,true]},"author_info":{"display_name":"Administrador","author_link":"https:\/\/www.tabloideinformativo.com\/?author=2"},"category_info":"<a href=\"https:\/\/www.tabloideinformativo.com\/?cat=21\" rel=\"category\">NACIONAL<\/a> <a href=\"https:\/\/www.tabloideinformativo.com\/?cat=26\" rel=\"category\">PRINCIPAL<\/a>","tag_info":"PRINCIPAL","comment_count":"0","jetpack_sharing_enabled":true,"jetpack_likes_enabled":true,"_links":{"self":[{"href":"https:\/\/www.tabloideinformativo.com\/index.php?rest_route=\/wp\/v2\/posts\/79892","targetHints":{"allow":["GET"]}}],"collection":[{"href":"https:\/\/www.tabloideinformativo.com\/index.php?rest_route=\/wp\/v2\/posts"}],"about":[{"href":"https:\/\/www.tabloideinformativo.com\/index.php?rest_route=\/wp\/v2\/types\/post"}],"author":[{"embeddable":true,"href":"https:\/\/www.tabloideinformativo.com\/index.php?rest_route=\/wp\/v2\/users\/2"}],"replies":[{"embeddable":true,"href":"https:\/\/www.tabloideinformativo.com\/index.php?rest_route=%2Fwp%2Fv2%2Fcomments&post=79892"}],"version-history":[{"count":1,"href":"https:\/\/www.tabloideinformativo.com\/index.php?rest_route=\/wp\/v2\/posts\/79892\/revisions"}],"predecessor-version":[{"id":79972,"href":"https:\/\/www.tabloideinformativo.com\/index.php?rest_route=\/wp\/v2\/posts\/79892\/revisions\/79972"}],"wp:featuredmedia":[{"embeddable":true,"href":"https:\/\/www.tabloideinformativo.com\/index.php?rest_route=\/wp\/v2\/media\/79899"}],"wp:attachment":[{"href":"https:\/\/www.tabloideinformativo.com\/index.php?rest_route=%2Fwp%2Fv2%2Fmedia&parent=79892"}],"wp:term":[{"taxonomy":"category","embeddable":true,"href":"https:\/\/www.tabloideinformativo.com\/index.php?rest_route=%2Fwp%2Fv2%2Fcategories&post=79892"},{"taxonomy":"post_tag","embeddable":true,"href":"https:\/\/www.tabloideinformativo.com\/index.php?rest_route=%2Fwp%2Fv2%2Ftags&post=79892"}],"curies":[{"name":"wp","href":"https:\/\/api.w.org\/{rel}","templated":true}]}}