{"id":79889,"date":"2026-04-17T20:53:47","date_gmt":"2026-04-18T03:53:47","guid":{"rendered":"https:\/\/www.agenciaice.mx\/?p=67659"},"modified":"2026-04-17T20:53:47","modified_gmt":"2026-04-18T03:53:47","slug":"claudia-sheinbaum-causa-furor-en-madrid-previo-a-su-participacion-en-cumbre-internacional-en-barcelona","status":"publish","type":"post","link":"https:\/\/www.tabloideinformativo.com\/?p=79889","title":{"rendered":"CLAUDIA SHEINBAUM CAUSA FUROR EN MADRID PREVIO A SU PARTICIPACI\u00d3N EN CUMBRE INTERNACIONAL EN BARCELONA"},"content":{"rendered":"\n<figure class=\"wp-block-image size-full\"><img data-recalc-dims=\"1\" decoding=\"async\" src=\"https:\/\/i0.wp.com\/www.tabloideinformativo.com\/wp-content\/uploads\/2026\/04\/presidenta1.jpeg?w=640&#038;ssl=1\" alt=\"\" class=\"wp-image-67660\"\/><\/figure>\n\n\n\n<p><\/p>\n\n\n\n<ul class=\"wp-block-list\">\n<li><strong><em>La titular del Poder Ejecutivo aprovechar\u00e1 su viaje a Espa\u00f1a para sostener distintas reuniones bilaterales con distintos l\u00edderes internacionales<\/em><\/strong><\/li>\n<\/ul>\n\n\n\n<p><strong><em>Cd. de M\u00e9xico (agencias).-<\/em><\/strong> La Presidenta de la Rep\u00fablica Mexicana, Claudia Sheinbaum Pardo, realiz\u00f3 una escala en el Aeropuerto Adolfo Su\u00e1rez Madrid-Barajas antes de continuar su viaje a Barcelona, Espa\u00f1a, donde participar\u00e1 en la IV Cumbre en Defensa de la Democracia, encuentro que reunir\u00e1 a l\u00edderes pol\u00edticos de Am\u00e9rica Latina y Europa.<\/p>\n\n\n\n<p>Tal y como se esperaba, la presencia de la Presidenta Sheinbaum Pardo en la terminal a\u00e9rea de Madrid llam\u00f3 la atenci\u00f3n de viajeros y personas que se encontraban en el aeropuerto, quienes hicieron largas filas para poder saludar a la mandataria, intercambiar algunas palabras y poder tomarse una foto junto a ella, cabe mencionar que, la mandataria se mostr\u00f3 sonriente y amable con cada persona que se le acerc\u00f3.<\/p>\n\n\n\n<p><strong>\u2014Sheinbaum se apega a la Austeridad Republicana, viaj\u00f3 a Espa\u00f1a en un vuelo comercial<\/strong><\/p>\n\n\n\n<p>Uno de los principales aspectos que llam\u00f3 la atenci\u00f3n de este viaje internacional de Claudia Sheinbaum fue que la titular del Ejecutivo realiz\u00f3 el largo viaje en un vuelo comercial, lo cual, reflej\u00f3 su apego y respeto a la llamada Austeridad Republicana.<\/p>\n\n\n\n<p>Por otra parte, la Secretar\u00eda de Relaciones Exteriores (SRE) inform\u00f3 que, la Presidenta Claudia Sheinbaum tiene programadas reuniones con diversos l\u00edderes internacionales, entre ellos el Presidente del gobierno de Espa\u00f1a, Pedro S\u00e1nchez P\u00e9rez-Castej\u00f3n; el Presidente de Colombia, Gustavo Petro Urrego; el Presidente de Brasil, Luiz In\u00e1cio Lula da Silva; el Presidente de Uruguay, Yamand\u00fa Orsi; y la primera ministra de Barbados, Mia Mottley.<\/p>\n\n\n\n<p>La cumbre reunir\u00e1 a dirigentes progresistas para discutir temas relacionados con la defensa de las instituciones democr\u00e1ticas, el fortalecimiento del multilateralismo, el combate a la desinformaci\u00f3n y la reducci\u00f3n de distintas formas de desigualdad. Durante su estancia en Espa\u00f1a, Sheinbaum tambi\u00e9n sostendr\u00e1 encuentros con integrantes de la comunidad mexicana residente en ese Pa\u00eds.<\/p>\n\n\n\n<p><strong>\u2014Mexicanos en Espa\u00f1a reciben c\u00e1lidamente a Claudia Sheinbaum<\/strong><\/p>\n\n\n\n<p>Previo a su llegada a Barcelona, mexicanos que viven en la Ciudad colocaron pancartas de bienvenida en diversos puntos, entre ellos en las inmediaciones de la Bas\u00edlica de la Sagrada Familia, con mensajes dirigidos a la Presidenta mexicana. La agenda de la mandataria tambi\u00e9n incluye una visita al Centro Nacional de Supercomputaci\u00f3n en Barcelona, programada para el domingo, donde sostendr\u00e1 reuniones con acad\u00e9micos y funcionarios y realizar\u00e1 un recorrido por sus instalaciones.<\/p>\n\n\n\n<p>En la gira acompa\u00f1an a la Presidenta el secretario de Relaciones Exteriores, Roberto Velasco \u00c1lvarez; la secretaria de Medio Ambiente y Recursos Naturales, Alicia B\u00e1rcena Ibarra; el jefe de la Oficina de la Presidencia, L\u00e1zaro C\u00e1rdenas Batel; y el embajador de M\u00e9xico en Espa\u00f1a, Quirino Ordaz Coppel. La visita representa el primer viaje de Claudia Sheinbaum a Europa desde que asumi\u00f3 la Presidencia de M\u00e9xico.<\/p>\n\n\n\n<p>Con informaci\u00f3n de El Heraldo de M\u00e9xico | MD | Foto: Gobierno de M\u00e9xico<\/p>\n","protected":false},"excerpt":{"rendered":"<p>Cd. de M\u00e9xico (agencias).- La Presidenta de la Rep\u00fablica Mexicana, Claudia Sheinbaum Pardo, realiz\u00f3 una&#8230;<\/p>\n","protected":false},"author":2,"featured_media":79896,"comment_status":"closed","ping_status":"closed","sticky":false,"template":"","format":"standard","meta":{"_jetpack_memberships_contains_paid_content":false,"footnotes":""},"categories":[21],"tags":[],"class_list":["post-79889","post","type-post","status-publish","format-standard","has-post-thumbnail","hentry","category-nacional"],"jetpack_featured_media_url":"https:\/\/i0.wp.com\/www.tabloideinformativo.com\/wp-content\/uploads\/2026\/04\/presidenta1.jpeg?fit=848%2C477&ssl=1","featured_image_urls":{"full":["https:\/\/i0.wp.com\/www.tabloideinformativo.com\/wp-content\/uploads\/2026\/04\/presidenta1.jpeg?fit=848%2C477&ssl=1",848,477,false],"thumbnail":["https:\/\/i0.wp.com\/www.tabloideinformativo.com\/wp-content\/uploads\/2026\/04\/presidenta1.jpeg?resize=150%2C150&ssl=1",150,150,true],"medium":["https:\/\/i0.wp.com\/www.tabloideinformativo.com\/wp-content\/uploads\/2026\/04\/presidenta1.jpeg?fit=300%2C169&ssl=1",300,169,true],"medium_large":["https:\/\/i0.wp.com\/www.tabloideinformativo.com\/wp-content\/uploads\/2026\/04\/presidenta1.jpeg?fit=640%2C360&ssl=1",640,360,true],"large":["https:\/\/i0.wp.com\/www.tabloideinformativo.com\/wp-content\/uploads\/2026\/04\/presidenta1.jpeg?fit=640%2C360&ssl=1",640,360,true],"1536x1536":["https:\/\/i0.wp.com\/www.tabloideinformativo.com\/wp-content\/uploads\/2026\/04\/presidenta1.jpeg?fit=848%2C477&ssl=1",848,477,true],"2048x2048":["https:\/\/i0.wp.com\/www.tabloideinformativo.com\/wp-content\/uploads\/2026\/04\/presidenta1.jpeg?fit=848%2C477&ssl=1",848,477,true],"covernews-featured":["https:\/\/i0.wp.com\/www.tabloideinformativo.com\/wp-content\/uploads\/2026\/04\/presidenta1.jpeg?fit=848%2C477&ssl=1",848,477,true],"covernews-medium":["https:\/\/i0.wp.com\/www.tabloideinformativo.com\/wp-content\/uploads\/2026\/04\/presidenta1.jpeg?resize=540%2C340&ssl=1",540,340,true]},"author_info":{"display_name":"Administrador","author_link":"https:\/\/www.tabloideinformativo.com\/?author=2"},"category_info":"<a href=\"https:\/\/www.tabloideinformativo.com\/?cat=21\" rel=\"category\">NACIONAL<\/a>","tag_info":"NACIONAL","comment_count":"0","jetpack_sharing_enabled":true,"jetpack_likes_enabled":true,"_links":{"self":[{"href":"https:\/\/www.tabloideinformativo.com\/index.php?rest_route=\/wp\/v2\/posts\/79889","targetHints":{"allow":["GET"]}}],"collection":[{"href":"https:\/\/www.tabloideinformativo.com\/index.php?rest_route=\/wp\/v2\/posts"}],"about":[{"href":"https:\/\/www.tabloideinformativo.com\/index.php?rest_route=\/wp\/v2\/types\/post"}],"author":[{"embeddable":true,"href":"https:\/\/www.tabloideinformativo.com\/index.php?rest_route=\/wp\/v2\/users\/2"}],"replies":[{"embeddable":true,"href":"https:\/\/www.tabloideinformativo.com\/index.php?rest_route=%2Fwp%2Fv2%2Fcomments&post=79889"}],"version-history":[{"count":0,"href":"https:\/\/www.tabloideinformativo.com\/index.php?rest_route=\/wp\/v2\/posts\/79889\/revisions"}],"wp:featuredmedia":[{"embeddable":true,"href":"https:\/\/www.tabloideinformativo.com\/index.php?rest_route=\/wp\/v2\/media\/79896"}],"wp:attachment":[{"href":"https:\/\/www.tabloideinformativo.com\/index.php?rest_route=%2Fwp%2Fv2%2Fmedia&parent=79889"}],"wp:term":[{"taxonomy":"category","embeddable":true,"href":"https:\/\/www.tabloideinformativo.com\/index.php?rest_route=%2Fwp%2Fv2%2Fcategories&post=79889"},{"taxonomy":"post_tag","embeddable":true,"href":"https:\/\/www.tabloideinformativo.com\/index.php?rest_route=%2Fwp%2Fv2%2Ftags&post=79889"}],"curies":[{"name":"wp","href":"https:\/\/api.w.org\/{rel}","templated":true}]}}