{"id":79883,"date":"2026-04-20T20:31:12","date_gmt":"2026-04-21T03:31:12","guid":{"rendered":"https:\/\/www.agenciaice.mx\/?p=67737"},"modified":"2026-04-20T20:31:12","modified_gmt":"2026-04-21T03:31:12","slug":"ee-uu-impone-restricciones-de-visa-a-75-personas-presuntamente-vinculadas-con-el-cartel-de-sinaloa","status":"publish","type":"post","link":"https:\/\/www.tabloideinformativo.com\/?p=79883","title":{"rendered":"EE.UU. IMPONE RESTRICCIONES DE VISA A 75 PERSONAS PRESUNTAMENTE VINCULADAS CON EL C\u00c1RTEL DE SINALOA"},"content":{"rendered":"\n<figure class=\"wp-block-image size-large\"><img data-recalc-dims=\"1\" height=\"360\" width=\"640\" decoding=\"async\" src=\"https:\/\/i0.wp.com\/www.tabloideinformativo.com\/wp-content\/uploads\/2026\/04\/EU-pone-restricciones.jpg?resize=640%2C360&#038;ssl=1\" alt=\"\" class=\"wp-image-67738\"\/><\/figure>\n\n\n\n<p><\/p>\n\n\n\n<p><strong><em>Estados unidos (agencias).-<\/em><\/strong> El Gobierno de Estados Unidos decidi\u00f3 imponer restricciones de visa a 75 personas presuntamente vinculadas con el C\u00e1rtel de Sinaloa, ya sea porque son familiares o porque tienen posibles v\u00ednculos personales o comerciales con sus integrantes, inform\u00f3 el secretario de Estado de EE.UU., Marco Rubio, en un comunicado publicado este lunes.<\/p>\n\n\n\n<p>Rubio dijo que esta medida va en l\u00ednea con el objetivo del Gobierno del presidente Donald Trump de combatir a las organizaciones criminales.<\/p>\n\n\n\n<p>El 20 de febrero de 2025, justo un mes despu\u00e9s de que inici\u00f3 su segundo mandato presidencial, Trump design\u00f3 al C\u00e1rtel de Sinaloa como una organizaci\u00f3n terrorista internacional. En esa fecha, Trump tambi\u00e9n design\u00f3 a los c\u00e1rteles Jalisco Nueva Generaci\u00f3n, del Noreste, del Golfo, Unidos y La Nueva Familia Michoacana, de M\u00e9xico, as\u00ed como al Tren de Aragua, de Venezuela, y a la Mara Salvatrucha, de El Salvador.<\/p>\n\n\n\n<p>Fundado por Joaqu\u00edn \u201cEl Chapo\u201d Guzm\u00e1n, sentenciado a cadena perpetua en Estados Unidos, y por Ismael \u201cEl Mayo\u201d Zambada, quien espera sentencia en ese pa\u00eds, el C\u00e1rtel de Sinaloa es considerado una de las agrupaciones del narcotr\u00e1fico m\u00e1s grandes del mundo.<\/p>\n\n\n\n<p>\u201cEl C\u00e1rtel de Sinaloa trafica fentanilo il\u00edcito, que el presidente design\u00f3 como un arma de destrucci\u00f3n masiva, y otras drogas mortales que da\u00f1an a las comunidades estadounidenses\u201d, dijo Rubio en su comunicado de este lunes.<\/p>\n\n\n\n<p>\u201cImponer restricciones de visa a los narcotraficantes, sus familiares y sus asociados personales y comerciales cercanos no solo impedir\u00e1 su entrada a nuestra naci\u00f3n, sino que tambi\u00e9n servir\u00e1 como un elemento disuasorio para la continuaci\u00f3n de actividades il\u00edcitas\u201d, agreg\u00f3 el secretario, sin identificar a las personas sancionadas.<\/p>\n\n\n\n<p>Desde que Trump inici\u00f3 su segundo mandato presidencial, adem\u00e1s de designar como terroristas a organizaciones criminales y restringir visas a personas presuntamente ligadas a ellas, Estados Unidos ha emitido sanciones econ\u00f3micas, a trav\u00e9s del Departamento del Tesoro, para bloquear bienes y operaciones de empresas con presuntos v\u00ednculos con grupos delictivos.<\/p>\n\n\n\n<p>Con informaci\u00f3n de CNN en espa\u00f1ol | MT | Foto EPA\/EFE<\/p>\n","protected":false},"excerpt":{"rendered":"<p>Estados unidos (agencias).- El Gobierno de Estados Unidos decidi\u00f3 imponer restricciones de visa a 75&#8230;<\/p>\n","protected":false},"author":2,"featured_media":79885,"comment_status":"closed","ping_status":"closed","sticky":false,"template":"","format":"standard","meta":{"_jetpack_memberships_contains_paid_content":false,"footnotes":""},"categories":[20],"tags":[],"class_list":["post-79883","post","type-post","status-publish","format-standard","has-post-thumbnail","hentry","category-mundo"],"jetpack_featured_media_url":"https:\/\/i0.wp.com\/www.tabloideinformativo.com\/wp-content\/uploads\/2026\/04\/EU-pone-restricciones.jpg?fit=1160%2C653&ssl=1","featured_image_urls":{"full":["https:\/\/i0.wp.com\/www.tabloideinformativo.com\/wp-content\/uploads\/2026\/04\/EU-pone-restricciones.jpg?fit=1160%2C653&ssl=1",1160,653,false],"thumbnail":["https:\/\/i0.wp.com\/www.tabloideinformativo.com\/wp-content\/uploads\/2026\/04\/EU-pone-restricciones.jpg?resize=150%2C150&ssl=1",150,150,true],"medium":["https:\/\/i0.wp.com\/www.tabloideinformativo.com\/wp-content\/uploads\/2026\/04\/EU-pone-restricciones.jpg?fit=300%2C169&ssl=1",300,169,true],"medium_large":["https:\/\/i0.wp.com\/www.tabloideinformativo.com\/wp-content\/uploads\/2026\/04\/EU-pone-restricciones.jpg?fit=640%2C360&ssl=1",640,360,true],"large":["https:\/\/i0.wp.com\/www.tabloideinformativo.com\/wp-content\/uploads\/2026\/04\/EU-pone-restricciones.jpg?fit=640%2C360&ssl=1",640,360,true],"1536x1536":["https:\/\/i0.wp.com\/www.tabloideinformativo.com\/wp-content\/uploads\/2026\/04\/EU-pone-restricciones.jpg?fit=1160%2C653&ssl=1",1160,653,true],"2048x2048":["https:\/\/i0.wp.com\/www.tabloideinformativo.com\/wp-content\/uploads\/2026\/04\/EU-pone-restricciones.jpg?fit=1160%2C653&ssl=1",1160,653,true],"covernews-featured":["https:\/\/i0.wp.com\/www.tabloideinformativo.com\/wp-content\/uploads\/2026\/04\/EU-pone-restricciones.jpg?fit=1024%2C576&ssl=1",1024,576,true],"covernews-medium":["https:\/\/i0.wp.com\/www.tabloideinformativo.com\/wp-content\/uploads\/2026\/04\/EU-pone-restricciones.jpg?resize=540%2C340&ssl=1",540,340,true]},"author_info":{"display_name":"Administrador","author_link":"https:\/\/www.tabloideinformativo.com\/?author=2"},"category_info":"<a href=\"https:\/\/www.tabloideinformativo.com\/?cat=20\" rel=\"category\">MUNDO<\/a>","tag_info":"MUNDO","comment_count":"0","jetpack_sharing_enabled":true,"jetpack_likes_enabled":true,"_links":{"self":[{"href":"https:\/\/www.tabloideinformativo.com\/index.php?rest_route=\/wp\/v2\/posts\/79883","targetHints":{"allow":["GET"]}}],"collection":[{"href":"https:\/\/www.tabloideinformativo.com\/index.php?rest_route=\/wp\/v2\/posts"}],"about":[{"href":"https:\/\/www.tabloideinformativo.com\/index.php?rest_route=\/wp\/v2\/types\/post"}],"author":[{"embeddable":true,"href":"https:\/\/www.tabloideinformativo.com\/index.php?rest_route=\/wp\/v2\/users\/2"}],"replies":[{"embeddable":true,"href":"https:\/\/www.tabloideinformativo.com\/index.php?rest_route=%2Fwp%2Fv2%2Fcomments&post=79883"}],"version-history":[{"count":0,"href":"https:\/\/www.tabloideinformativo.com\/index.php?rest_route=\/wp\/v2\/posts\/79883\/revisions"}],"wp:featuredmedia":[{"embeddable":true,"href":"https:\/\/www.tabloideinformativo.com\/index.php?rest_route=\/wp\/v2\/media\/79885"}],"wp:attachment":[{"href":"https:\/\/www.tabloideinformativo.com\/index.php?rest_route=%2Fwp%2Fv2%2Fmedia&parent=79883"}],"wp:term":[{"taxonomy":"category","embeddable":true,"href":"https:\/\/www.tabloideinformativo.com\/index.php?rest_route=%2Fwp%2Fv2%2Fcategories&post=79883"},{"taxonomy":"post_tag","embeddable":true,"href":"https:\/\/www.tabloideinformativo.com\/index.php?rest_route=%2Fwp%2Fv2%2Ftags&post=79883"}],"curies":[{"name":"wp","href":"https:\/\/api.w.org\/{rel}","templated":true}]}}