{"id":79881,"date":"2026-04-17T23:09:14","date_gmt":"2026-04-18T06:09:14","guid":{"rendered":"https:\/\/www.agenciaice.mx\/?p=67698"},"modified":"2026-04-17T23:09:14","modified_gmt":"2026-04-18T06:09:14","slug":"el-chapo-guzman-pide-trato-justo-en-ee-uu-mediante-carta-a-corte-de-ny","status":"publish","type":"post","link":"https:\/\/www.tabloideinformativo.com\/?p=79881","title":{"rendered":"\u201cEl CHAPO\u201d GUZM\u00c1N PIDE TRATO JUSTO EN EE. UU. MEDIANTE CARTA A CORTE DE NY"},"content":{"rendered":"\n<figure class=\"wp-block-image size-full is-resized\"><img data-recalc-dims=\"1\" loading=\"lazy\" decoding=\"async\" width=\"640\" height=\"817\" src=\"https:\/\/i0.wp.com\/www.tabloideinformativo.com\/wp-content\/uploads\/2026\/04\/carta-chapo.jpg?resize=640%2C817&#038;ssl=1\" alt=\"\" class=\"wp-image-67699\" style=\"aspect-ratio:0.7831587680182516;width:719px;height:auto\" srcset=\"https:\/\/i0.wp.com\/www.tabloideinformativo.com\/wp-content\/uploads\/2026\/04\/carta-chapo.jpg?w=697&amp;ssl=1 697w, https:\/\/i0.wp.com\/www.tabloideinformativo.com\/wp-content\/uploads\/2026\/04\/carta-chapo.jpg?resize=235%2C300&amp;ssl=1 235w\" sizes=\"auto, (max-width: 640px) 100vw, 640px\" \/><\/figure>\n\n\n\n<p><\/p>\n\n\n\n<p><strong><em>Estados Unidos (agencias).-<\/em><\/strong> Joaqu\u00edn \u201cChapo\u201d Guzm\u00e1n, exl\u00edder del C\u00e1rtel de Sinaloa, envi\u00f3 una carta a una corte federal en Estados Unidos en la que solicita un trato justo durante su reclusi\u00f3n, documento que fue difundido a trav\u00e9s del sistema judicial electr\u00f3nico.<\/p>\n\n\n\n<p>De acuerdo con los registros del sistema PACER (Public Access to Court Electronic Records), por sus siglas en ingl\u00e9s (Acceso p\u00fablico a los registros electr\u00f3nicos del tribunal) el escrito fue recibido el 17 de abril de 2026 y est\u00e1 dirigido al juez de distrito en Brooklyn, Nueva York, donde el narc0traf\u00a1cante fue procesado.<\/p>\n\n\n\n<p><strong>\u2014\u00bfQu\u00e9 dice la carta del \u2018Chapo\u2019 Guzm\u00e1n?<\/strong><\/p>\n\n\n\n<p>En el documento, escrito en su totalidad en ingl\u00e9s, Guzm\u00e1n Loera hace referencia a la Constituci\u00f3n de M\u00e9xico y a las leyes estadounidenses, argumentando que tiene derecho a recibir un trato digno conforme a los marcos legales de ambos pa\u00edses.<\/p>\n\n\n\n<p>\u201cEsta es una carta cort\u00e9s de la Constituci\u00f3n Pol\u00edtica de M\u00e9xico sobre la autoridad y las leyes de los Estados Unidos respecto a mi extradici\u00f3n, para que se me brinde un trato justo en este pa\u00eds\u2026\u201d, se lee en el escrito hecho por \u201cEl Chapo\u201d Guzm\u00e1n.<\/p>\n\n\n\n<p>El exl\u00edder criminal tambi\u00e9n se\u00f1ala presuntas vi0lac\u00a1ones a sus derechos, incluyendo aspectos relacionados con la Primera Enmienda de Estados Unidos y el acceso a garant\u00edas legales durante su proceso y estancia en prisi\u00f3n.<\/p>\n\n\n\n<p><strong>\u2014Solicitudes al juez en Nueva York<\/strong><\/p>\n\n\n\n<p>En la carta, \u201cEl Chapo\u201d pide que el juez atienda sus peticiones previas y revise las condiciones en las que se encuentra, insistiendo en que sus derechos deben ser respetados bajo el principio de igualdad ante la ley.<\/p>\n\n\n\n<p>El documento presenta inconsistencias en redacci\u00f3n y estructura; sin embargo, deja claro el objetivo central del mensaje: solicitar atenci\u00f3n judicial y condiciones que considere justas dentro del sistema penitenciario estadounidense.<\/p>\n\n\n\n<p><strong>\u2014\u00bfD\u00f3nde est\u00e1 prisionero \u201cEl Chapo\u201d?<\/strong><\/p>\n\n\n\n<p>Actualmente, Joaqu\u00edn Guzm\u00e1n Loera se encuentra recluido en la prisi\u00f3n de m\u00e1xima seguridad ADX Florence, ubicada en Colorado, considerada una de las m\u00e1s estrictas en Estados Unidos.<\/p>\n\n\n\n<p>Desde ese centro penitenciario, el exl\u00edder del C\u00e1rtel de Sinaloa ha promovido diversos recursos legales y comunicaciones dirigidas a autoridades judiciales, buscando modificar aspectos de su situaci\u00f3n legal y condiciones de reclusi\u00f3n.<\/p>\n\n\n\n<p>Con informaci\u00f3n de UnoTv | VG | Foto Cuartoscuro\/PACER<\/p>\n","protected":false},"excerpt":{"rendered":"<p>Estados Unidos (agencias).- Joaqu\u00edn \u201cChapo\u201d Guzm\u00e1n, exl\u00edder del C\u00e1rtel de Sinaloa, envi\u00f3 una carta a&#8230;<\/p>\n","protected":false},"author":2,"featured_media":79882,"comment_status":"closed","ping_status":"closed","sticky":false,"template":"","format":"standard","meta":{"_jetpack_memberships_contains_paid_content":false,"footnotes":""},"categories":[20],"tags":[],"class_list":["post-79881","post","type-post","status-publish","format-standard","has-post-thumbnail","hentry","category-mundo"],"jetpack_featured_media_url":"https:\/\/i0.wp.com\/www.tabloideinformativo.com\/wp-content\/uploads\/2026\/04\/carta-chapo2.jpg?fit=1200%2C675&ssl=1","featured_image_urls":{"full":["https:\/\/i0.wp.com\/www.tabloideinformativo.com\/wp-content\/uploads\/2026\/04\/carta-chapo2.jpg?fit=1200%2C675&ssl=1",1200,675,false],"thumbnail":["https:\/\/i0.wp.com\/www.tabloideinformativo.com\/wp-content\/uploads\/2026\/04\/carta-chapo2.jpg?resize=150%2C150&ssl=1",150,150,true],"medium":["https:\/\/i0.wp.com\/www.tabloideinformativo.com\/wp-content\/uploads\/2026\/04\/carta-chapo2.jpg?fit=300%2C169&ssl=1",300,169,true],"medium_large":["https:\/\/i0.wp.com\/www.tabloideinformativo.com\/wp-content\/uploads\/2026\/04\/carta-chapo2.jpg?fit=640%2C360&ssl=1",640,360,true],"large":["https:\/\/i0.wp.com\/www.tabloideinformativo.com\/wp-content\/uploads\/2026\/04\/carta-chapo2.jpg?fit=640%2C360&ssl=1",640,360,true],"1536x1536":["https:\/\/i0.wp.com\/www.tabloideinformativo.com\/wp-content\/uploads\/2026\/04\/carta-chapo2.jpg?fit=1200%2C675&ssl=1",1200,675,true],"2048x2048":["https:\/\/i0.wp.com\/www.tabloideinformativo.com\/wp-content\/uploads\/2026\/04\/carta-chapo2.jpg?fit=1200%2C675&ssl=1",1200,675,true],"covernews-featured":["https:\/\/i0.wp.com\/www.tabloideinformativo.com\/wp-content\/uploads\/2026\/04\/carta-chapo2.jpg?fit=1024%2C576&ssl=1",1024,576,true],"covernews-medium":["https:\/\/i0.wp.com\/www.tabloideinformativo.com\/wp-content\/uploads\/2026\/04\/carta-chapo2.jpg?resize=540%2C340&ssl=1",540,340,true]},"author_info":{"display_name":"Administrador","author_link":"https:\/\/www.tabloideinformativo.com\/?author=2"},"category_info":"<a href=\"https:\/\/www.tabloideinformativo.com\/?cat=20\" rel=\"category\">MUNDO<\/a>","tag_info":"MUNDO","comment_count":"0","jetpack_sharing_enabled":true,"jetpack_likes_enabled":true,"_links":{"self":[{"href":"https:\/\/www.tabloideinformativo.com\/index.php?rest_route=\/wp\/v2\/posts\/79881","targetHints":{"allow":["GET"]}}],"collection":[{"href":"https:\/\/www.tabloideinformativo.com\/index.php?rest_route=\/wp\/v2\/posts"}],"about":[{"href":"https:\/\/www.tabloideinformativo.com\/index.php?rest_route=\/wp\/v2\/types\/post"}],"author":[{"embeddable":true,"href":"https:\/\/www.tabloideinformativo.com\/index.php?rest_route=\/wp\/v2\/users\/2"}],"replies":[{"embeddable":true,"href":"https:\/\/www.tabloideinformativo.com\/index.php?rest_route=%2Fwp%2Fv2%2Fcomments&post=79881"}],"version-history":[{"count":0,"href":"https:\/\/www.tabloideinformativo.com\/index.php?rest_route=\/wp\/v2\/posts\/79881\/revisions"}],"wp:featuredmedia":[{"embeddable":true,"href":"https:\/\/www.tabloideinformativo.com\/index.php?rest_route=\/wp\/v2\/media\/79882"}],"wp:attachment":[{"href":"https:\/\/www.tabloideinformativo.com\/index.php?rest_route=%2Fwp%2Fv2%2Fmedia&parent=79881"}],"wp:term":[{"taxonomy":"category","embeddable":true,"href":"https:\/\/www.tabloideinformativo.com\/index.php?rest_route=%2Fwp%2Fv2%2Fcategories&post=79881"},{"taxonomy":"post_tag","embeddable":true,"href":"https:\/\/www.tabloideinformativo.com\/index.php?rest_route=%2Fwp%2Fv2%2Ftags&post=79881"}],"curies":[{"name":"wp","href":"https:\/\/api.w.org\/{rel}","templated":true}]}}