{"id":79876,"date":"2026-04-17T22:25:26","date_gmt":"2026-04-18T05:25:26","guid":{"rendered":"https:\/\/www.agenciaice.mx\/?p=67691"},"modified":"2026-04-17T22:25:26","modified_gmt":"2026-04-18T05:25:26","slug":"mexico-insistira-en-t-mec-sin-aranceles-en-segunda-ronda-con-ee-uu","status":"publish","type":"post","link":"https:\/\/www.tabloideinformativo.com\/?p=79876","title":{"rendered":"M\u00c9XICO INSISTIR\u00c1 EN T-MEC SIN ARANCELES EN SEGUNDA RONDA CON EE. UU."},"content":{"rendered":"\n<figure class=\"wp-block-image size-large\"><img data-recalc-dims=\"1\" height=\"360\" width=\"640\" decoding=\"async\" src=\"https:\/\/i0.wp.com\/www.tabloideinformativo.com\/wp-content\/uploads\/2026\/04\/marcelo-ebrard-1024x576.jpg?resize=640%2C360&#038;ssl=1\" alt=\"\" class=\"wp-image-67692\"\/><\/figure>\n\n\n\n<p><\/p>\n\n\n\n<p><strong><em>Cd. de M\u00e9xico (agencias).-<\/em><\/strong> El Gobierno de M\u00e9xico insistir\u00e1 en mantener un T-MEC sin aranceles durante la segunda ronda de conversaciones con Estados Unidos, prevista para el lunes 20 de abril de 2026 en la Ciudad de M\u00e9xico, inform\u00f3 el secretario de Econom\u00eda, Marcelo Ebrard, tras reunirse con empresarios del Consejo Coordinador Empresarial.<\/p>\n\n\n\n<p>\u201cSiempre planteamos el problema que ha significado, el impacto que han significado los aranceles vigentes, hoy 232, y que M\u00e9xico ha insistido mucho en ese tema, eso lo vamos a volver a decir el d\u00eda lunes, igual para el sector agropecuario, los que pusieron cuotas en el sector de los tomates\u201d, expres\u00f3 Marcelo Ebrard, secretario de Econom\u00eda.<\/p>\n\n\n\n<p><strong>\u2014M\u00e9xico busca mantener T-MEC sin aranceles en di\u00e1logo con EE.UU.<\/strong><\/p>\n\n\n\n<p>El secretario se\u00f1al\u00f3 que el planteamiento mexicano ser\u00e1 claro: impulsar que el tratado comercial contin\u00fae sin nuevas tarifas y que se mantenga el flujo comercial entre ambos pa\u00edses sin obst\u00e1culos adicionales.<\/p>\n\n\n\n<p>Adem\u00e1s, destac\u00f3 que el Pa\u00eds volver\u00e1 a exponer las afectaciones que han tenido sectores espec\u00edficos, como el agropecuario, donde se han aplicado cuotas a productos como el tomate, lo que ha generado preocupaci\u00f3n entre productores mexicanos.<\/p>\n\n\n\n<p>Con informaci\u00f3n y foto de UnoTv | MO<\/p>\n","protected":false},"excerpt":{"rendered":"<p>Cd. de M\u00e9xico (agencias).- El Gobierno de M\u00e9xico insistir\u00e1 en mantener un T-MEC sin aranceles&#8230;<\/p>\n","protected":false},"author":2,"featured_media":79877,"comment_status":"closed","ping_status":"closed","sticky":false,"template":"","format":"standard","meta":{"_jetpack_memberships_contains_paid_content":false,"footnotes":""},"categories":[624],"tags":[],"class_list":["post-79876","post","type-post","status-publish","format-standard","has-post-thumbnail","hentry","category-economia"],"jetpack_featured_media_url":"https:\/\/i0.wp.com\/www.tabloideinformativo.com\/wp-content\/uploads\/2026\/04\/marcelo-ebrard.jpg?fit=1200%2C675&ssl=1","featured_image_urls":{"full":["https:\/\/i0.wp.com\/www.tabloideinformativo.com\/wp-content\/uploads\/2026\/04\/marcelo-ebrard.jpg?fit=1200%2C675&ssl=1",1200,675,false],"thumbnail":["https:\/\/i0.wp.com\/www.tabloideinformativo.com\/wp-content\/uploads\/2026\/04\/marcelo-ebrard.jpg?resize=150%2C150&ssl=1",150,150,true],"medium":["https:\/\/i0.wp.com\/www.tabloideinformativo.com\/wp-content\/uploads\/2026\/04\/marcelo-ebrard.jpg?fit=300%2C169&ssl=1",300,169,true],"medium_large":["https:\/\/i0.wp.com\/www.tabloideinformativo.com\/wp-content\/uploads\/2026\/04\/marcelo-ebrard.jpg?fit=640%2C360&ssl=1",640,360,true],"large":["https:\/\/i0.wp.com\/www.tabloideinformativo.com\/wp-content\/uploads\/2026\/04\/marcelo-ebrard.jpg?fit=640%2C360&ssl=1",640,360,true],"1536x1536":["https:\/\/i0.wp.com\/www.tabloideinformativo.com\/wp-content\/uploads\/2026\/04\/marcelo-ebrard.jpg?fit=1200%2C675&ssl=1",1200,675,true],"2048x2048":["https:\/\/i0.wp.com\/www.tabloideinformativo.com\/wp-content\/uploads\/2026\/04\/marcelo-ebrard.jpg?fit=1200%2C675&ssl=1",1200,675,true],"covernews-featured":["https:\/\/i0.wp.com\/www.tabloideinformativo.com\/wp-content\/uploads\/2026\/04\/marcelo-ebrard.jpg?fit=1024%2C576&ssl=1",1024,576,true],"covernews-medium":["https:\/\/i0.wp.com\/www.tabloideinformativo.com\/wp-content\/uploads\/2026\/04\/marcelo-ebrard.jpg?resize=540%2C340&ssl=1",540,340,true]},"author_info":{"display_name":"Administrador","author_link":"https:\/\/www.tabloideinformativo.com\/?author=2"},"category_info":"<a href=\"https:\/\/www.tabloideinformativo.com\/?cat=624\" rel=\"category\">ECONOM\u00cdA<\/a>","tag_info":"ECONOM\u00cdA","comment_count":"0","jetpack_sharing_enabled":true,"jetpack_likes_enabled":true,"_links":{"self":[{"href":"https:\/\/www.tabloideinformativo.com\/index.php?rest_route=\/wp\/v2\/posts\/79876","targetHints":{"allow":["GET"]}}],"collection":[{"href":"https:\/\/www.tabloideinformativo.com\/index.php?rest_route=\/wp\/v2\/posts"}],"about":[{"href":"https:\/\/www.tabloideinformativo.com\/index.php?rest_route=\/wp\/v2\/types\/post"}],"author":[{"embeddable":true,"href":"https:\/\/www.tabloideinformativo.com\/index.php?rest_route=\/wp\/v2\/users\/2"}],"replies":[{"embeddable":true,"href":"https:\/\/www.tabloideinformativo.com\/index.php?rest_route=%2Fwp%2Fv2%2Fcomments&post=79876"}],"version-history":[{"count":0,"href":"https:\/\/www.tabloideinformativo.com\/index.php?rest_route=\/wp\/v2\/posts\/79876\/revisions"}],"wp:featuredmedia":[{"embeddable":true,"href":"https:\/\/www.tabloideinformativo.com\/index.php?rest_route=\/wp\/v2\/media\/79877"}],"wp:attachment":[{"href":"https:\/\/www.tabloideinformativo.com\/index.php?rest_route=%2Fwp%2Fv2%2Fmedia&parent=79876"}],"wp:term":[{"taxonomy":"category","embeddable":true,"href":"https:\/\/www.tabloideinformativo.com\/index.php?rest_route=%2Fwp%2Fv2%2Fcategories&post=79876"},{"taxonomy":"post_tag","embeddable":true,"href":"https:\/\/www.tabloideinformativo.com\/index.php?rest_route=%2Fwp%2Fv2%2Ftags&post=79876"}],"curies":[{"name":"wp","href":"https:\/\/api.w.org\/{rel}","templated":true}]}}