{"id":79799,"date":"2026-04-18T12:59:00","date_gmt":"2026-04-18T19:59:00","guid":{"rendered":"https:\/\/www.llamita.mx\/?p=79559"},"modified":"2026-04-18T12:59:00","modified_gmt":"2026-04-18T19:59:00","slug":"realizan-en-navojoa-foro-estatal-de-consulta-laboral","status":"publish","type":"post","link":"https:\/\/www.tabloideinformativo.com\/?p=79799","title":{"rendered":"REALIZAN EN NAVOJOA FORO ESTATAL DE CONSULTA LABORAL."},"content":{"rendered":"\n<p>*La Secretar\u00eda del Trabajo orienta sobre aspectos legales y normativos a trabajadores.<\/p>\n\n\n\n<p>Navojoa, Sonora, 18 de abril 2026.- La Secretar\u00eda del Trabajo y Previsi\u00f3n Social (ST) del Gobierno del Estado, en coordinaci\u00f3n con el ayuntamiento que preside el alcalde Jorge Alberto El\u00edas Retes, llev\u00f3 a cabo el Foro Estatal de Consulta Laboral, donde autoridades especializadas orientaron a trabajadores sobre normatividad, procesos y legalidad vigente en dicha materia.<\/p>\n\n\n\n<p>Con sede en el Teatro Auditorio C\u00edvico Municipal, el evento fue presidido por Julio C\u00e9sar Valenzuela Murrieta, director general del Trabajo y Previsi\u00f3n Social, en representaci\u00f3n del secretario del Trabajo, David Fernando Soto, y el secretario Rafael Rodr\u00edguez como comisionado por El\u00edas Retes.<\/p>\n\n\n\n<p>Entre los expositores estuvo Jos\u00e9 Alberto Varela Ram\u00edrez, director de Inspecci\u00f3n del Trabajo, quien desglos\u00f3 tem\u00e1ticas de las condiciones generales del trabajo como salario, vacaciones, jornada laboral, aguinaldo, utilidades, aclarando dudas a los numerosos asistentes.<\/p>\n\n\n\n<p>Varela Ram\u00edrez explic\u00f3 que estos Foros Estatales de Consulta, organizado en Navojoa en enlace con la Secretaria de Desarrollo Econ\u00f3mico representan un espacio de di\u00e1logo y an\u00e1lisis que busca fortalecer las condiciones laborales en la entidad.<\/p>\n\n\n\n<p>Presentes estuvieron la s\u00edndica Martha Elena Armenta Tejeda; varios regidores del Cabildo; el subsecretario de Inspecci\u00f3n Laboral, Ervey Castelo Monta\u00f1o; Jes\u00fas Juan de Dios Gast\u00e9lum Celaya, director general para la Organizaci\u00f3n Educativa; por el municipio de Etchojoa, la regidora Ana Lilia C\u00f3rdova; el dirigente local de la CTM, Guillermo Pe\u00f1a; representantes de empresas, organizaciones y servidores p\u00fablicos.<\/p>\n\n\n\n<figure class=\"wp-block-gallery has-nested-images columns-default is-cropped wp-block-gallery-1 is-layout-flex wp-block-gallery-is-layout-flex\">\n<figure class=\"wp-block-image size-large\"><img data-recalc-dims=\"1\" height=\"457\" width=\"640\" decoding=\"async\" data-id=\"79560\" src=\"https:\/\/i0.wp.com\/www.tabloideinformativo.com\/wp-content\/uploads\/2026\/04\/1000221083.jpg?resize=640%2C457&#038;ssl=1\" alt=\"\" class=\"wp-image-79560\"\/><\/figure>\n\n\n\n<figure class=\"wp-block-image size-large\"><img data-recalc-dims=\"1\" height=\"457\" width=\"640\" decoding=\"async\" data-id=\"79562\" src=\"https:\/\/i0.wp.com\/www.tabloideinformativo.com\/wp-content\/uploads\/2026\/04\/1000221085.jpg?resize=640%2C457&#038;ssl=1\" alt=\"\" class=\"wp-image-79562\"\/><\/figure>\n\n\n\n<figure class=\"wp-block-image size-large\"><img data-recalc-dims=\"1\" height=\"897\" width=\"640\" decoding=\"async\" data-id=\"79563\" src=\"https:\/\/i0.wp.com\/www.tabloideinformativo.com\/wp-content\/uploads\/2026\/04\/1000221086.jpg?resize=640%2C897&#038;ssl=1\" alt=\"\" class=\"wp-image-79563\"\/><\/figure>\n\n\n\n<figure class=\"wp-block-image size-large\"><img data-recalc-dims=\"1\" height=\"961\" width=\"640\" decoding=\"async\" data-id=\"79561\" src=\"https:\/\/i0.wp.com\/www.tabloideinformativo.com\/wp-content\/uploads\/2026\/04\/1000221087.jpg?resize=640%2C961&#038;ssl=1\" alt=\"\" class=\"wp-image-79561\"\/><\/figure>\n\n\n\n<figure class=\"wp-block-image size-large\"><img data-recalc-dims=\"1\" height=\"512\" width=\"640\" decoding=\"async\" data-id=\"79564\" src=\"https:\/\/i0.wp.com\/www.tabloideinformativo.com\/wp-content\/uploads\/2026\/04\/1000221084.jpg?resize=640%2C512&#038;ssl=1\" alt=\"\" class=\"wp-image-79564\"\/><\/figure>\n<\/figure>\n","protected":false},"excerpt":{"rendered":"<p>*La Secretar\u00eda del Trabajo orienta sobre aspectos legales y normativos a trabajadores. Navojoa, Sonora, 18&#8230;<\/p>\n","protected":false},"author":2,"featured_media":79820,"comment_status":"open","ping_status":"open","sticky":false,"template":"","format":"standard","meta":{"_jetpack_memberships_contains_paid_content":false,"footnotes":""},"categories":[11,22,26],"tags":[],"class_list":["post-79799","post","type-post","status-publish","format-standard","has-post-thumbnail","hentry","category-estatal","category-navojoa","category-principal"],"jetpack_featured_media_url":"https:\/\/i0.wp.com\/www.tabloideinformativo.com\/wp-content\/uploads\/2026\/04\/IMG-20260418-WA0016.jpg?fit=1600%2C1142&ssl=1","featured_image_urls":{"full":["https:\/\/i0.wp.com\/www.tabloideinformativo.com\/wp-content\/uploads\/2026\/04\/IMG-20260418-WA0016.jpg?fit=1600%2C1142&ssl=1",1600,1142,false],"thumbnail":["https:\/\/i0.wp.com\/www.tabloideinformativo.com\/wp-content\/uploads\/2026\/04\/IMG-20260418-WA0016.jpg?resize=150%2C150&ssl=1",150,150,true],"medium":["https:\/\/i0.wp.com\/www.tabloideinformativo.com\/wp-content\/uploads\/2026\/04\/IMG-20260418-WA0016.jpg?fit=300%2C214&ssl=1",300,214,true],"medium_large":["https:\/\/i0.wp.com\/www.tabloideinformativo.com\/wp-content\/uploads\/2026\/04\/IMG-20260418-WA0016.jpg?fit=640%2C457&ssl=1",640,457,true],"large":["https:\/\/i0.wp.com\/www.tabloideinformativo.com\/wp-content\/uploads\/2026\/04\/IMG-20260418-WA0016.jpg?fit=640%2C457&ssl=1",640,457,true],"1536x1536":["https:\/\/i0.wp.com\/www.tabloideinformativo.com\/wp-content\/uploads\/2026\/04\/IMG-20260418-WA0016.jpg?fit=1536%2C1096&ssl=1",1536,1096,true],"2048x2048":["https:\/\/i0.wp.com\/www.tabloideinformativo.com\/wp-content\/uploads\/2026\/04\/IMG-20260418-WA0016.jpg?fit=1600%2C1142&ssl=1",1600,1142,true],"covernews-featured":["https:\/\/i0.wp.com\/www.tabloideinformativo.com\/wp-content\/uploads\/2026\/04\/IMG-20260418-WA0016.jpg?fit=1024%2C731&ssl=1",1024,731,true],"covernews-medium":["https:\/\/i0.wp.com\/www.tabloideinformativo.com\/wp-content\/uploads\/2026\/04\/IMG-20260418-WA0016.jpg?resize=540%2C340&ssl=1",540,340,true]},"author_info":{"display_name":"Administrador","author_link":"https:\/\/www.tabloideinformativo.com\/?author=2"},"category_info":"<a href=\"https:\/\/www.tabloideinformativo.com\/?cat=11\" rel=\"category\">ESTATAL<\/a> <a href=\"https:\/\/www.tabloideinformativo.com\/?cat=22\" rel=\"category\">NAVOJOA<\/a> <a href=\"https:\/\/www.tabloideinformativo.com\/?cat=26\" rel=\"category\">PRINCIPAL<\/a>","tag_info":"PRINCIPAL","comment_count":"0","jetpack_sharing_enabled":true,"jetpack_likes_enabled":true,"_links":{"self":[{"href":"https:\/\/www.tabloideinformativo.com\/index.php?rest_route=\/wp\/v2\/posts\/79799","targetHints":{"allow":["GET"]}}],"collection":[{"href":"https:\/\/www.tabloideinformativo.com\/index.php?rest_route=\/wp\/v2\/posts"}],"about":[{"href":"https:\/\/www.tabloideinformativo.com\/index.php?rest_route=\/wp\/v2\/types\/post"}],"author":[{"embeddable":true,"href":"https:\/\/www.tabloideinformativo.com\/index.php?rest_route=\/wp\/v2\/users\/2"}],"replies":[{"embeddable":true,"href":"https:\/\/www.tabloideinformativo.com\/index.php?rest_route=%2Fwp%2Fv2%2Fcomments&post=79799"}],"version-history":[{"count":0,"href":"https:\/\/www.tabloideinformativo.com\/index.php?rest_route=\/wp\/v2\/posts\/79799\/revisions"}],"wp:featuredmedia":[{"embeddable":true,"href":"https:\/\/www.tabloideinformativo.com\/index.php?rest_route=\/wp\/v2\/media\/79820"}],"wp:attachment":[{"href":"https:\/\/www.tabloideinformativo.com\/index.php?rest_route=%2Fwp%2Fv2%2Fmedia&parent=79799"}],"wp:term":[{"taxonomy":"category","embeddable":true,"href":"https:\/\/www.tabloideinformativo.com\/index.php?rest_route=%2Fwp%2Fv2%2Fcategories&post=79799"},{"taxonomy":"post_tag","embeddable":true,"href":"https:\/\/www.tabloideinformativo.com\/index.php?rest_route=%2Fwp%2Fv2%2Ftags&post=79799"}],"curies":[{"name":"wp","href":"https:\/\/api.w.org\/{rel}","templated":true}]}}