{"id":78335,"date":"2026-03-23T22:40:11","date_gmt":"2026-03-24T05:40:11","guid":{"rendered":"https:\/\/www.agenciaice.mx\/?p=66997"},"modified":"2026-03-26T03:04:06","modified_gmt":"2026-03-26T10:04:06","slug":"rescatan-a-mas-de-200-migrantes-hacinados-en-trailer-que-estaba-en-corralon-de-xalapa","status":"publish","type":"post","link":"https:\/\/www.tabloideinformativo.com\/?p=78335","title":{"rendered":"RESCATAN A M\u00c1S DE 200 MIGRANTES HACINADOS EN TR\u00c1ILER QUE ESTABA EN CORRAL\u00d3N DE XALAPA"},"content":{"rendered":"\n<figure class=\"wp-block-image size-large\"><img data-recalc-dims=\"1\" height=\"360\" width=\"640\" decoding=\"async\" src=\"https:\/\/i0.wp.com\/www.tabloideinformativo.com\/wp-content\/uploads\/2026\/03\/trailer-migrantes-veracruz.jpg?resize=640%2C360&#038;ssl=1\" alt=\"\" class=\"wp-image-66998\"\/><\/figure>\n\n\n\n<p class=\"wp-block-paragraph\"><\/p>\n\n\n\n<p class=\"wp-block-paragraph\"><strong><em>Veracruz (agencias).-<\/em><\/strong> Alrededor de 229 migrantes hacinados en un tr\u00e1iler fueron rescatados en Xalapa, Veracruz, luego de que la unidad fue asegurada y llevada a un corral\u00f3n, donde comenzaron a gritar para pedir ayuda. El hallazgo ocurri\u00f3 este lunes 23 de marzo.<\/p>\n\n\n\n<p class=\"wp-block-paragraph\">El operativo, seg\u00fan los primeros reportes, inici\u00f3 cuando trabajadores de un corral\u00f3n en la colonia Revoluci\u00f3n escucharon gritos provenientes del interior de la caja del tr\u00e1iler y dieron aviso a las autoridades.<\/p>\n\n\n\n<p class=\"wp-block-paragraph\"><strong>\u2014Rescatan a migrantes en tr\u00e1iler en Xalapa<\/strong><\/p>\n\n\n\n<p class=\"wp-block-paragraph\">De acuerdo con medios locales, el tr\u00e1iler fue asegurado previamente en la carretera federal Xalapa-Veracruz, a la altura del Municipio de Puente Nacional, debido a que contaba con reporte de robo.<\/p>\n\n\n\n<p class=\"wp-block-paragraph\">Tras su aseguramiento, la unidad fue trasladada a un corral\u00f3n, sin que inicialmente se detectara que en el interior viajaban personas.<\/p>\n\n\n\n<p class=\"wp-block-paragraph\">Cuando la unidad ya estaba en el dep\u00f3sito, los migrantes comenzaron a pedir auxilio, por lo que trabajadores del lugar alertaron a cuerpos de emergencia y polic\u00edas, quienes abrieron las cajas del tr\u00e1iler.<\/p>\n\n\n\n<p class=\"wp-block-paragraph\">En el interior encontraron a hombres, mujeres y menores de edad en condiciones de hacinamiento, deshidrataci\u00f3n y fatiga.<\/p>\n\n\n\n<p class=\"wp-block-paragraph\"><strong>\u2014Migrantes ser\u00edan de Centroam\u00e9rica<\/strong><\/p>\n\n\n\n<p class=\"wp-block-paragraph\">De acuerdo con los reportes, fueron rescatadas alrededor de 229 personas migrantes, entre ellas 17 menores de edad, originarios principalmente de Guatemala, El Salvador y Honduras.<\/p>\n\n\n\n<p class=\"wp-block-paragraph\">Los migrantes recibieron atenci\u00f3n m\u00e9dica, agua y alimentos, y posteriormente fueron trasladados al cuartel \u201cSan Jos\u00e9\u201d en Xalapa, para su registro, y posteriormente al Instituto Nacional de Migraci\u00f3n.<\/p>\n\n\n\n<p class=\"wp-block-paragraph\">El conductor del tr\u00e1iler fue detenido y puesto a disposici\u00f3n de la Fiscal\u00eda General de la Rep\u00fablica por los presuntos delitos de tr\u00e1fico de personas y robo de veh\u00edculo.<\/p>\n\n\n\n<p class=\"wp-block-paragraph\"><strong>\u2014Investigan tr\u00e1fico de personas<\/strong><\/p>\n\n\n\n<p class=\"wp-block-paragraph\">Autoridades estatales informaron que los migrantes presuntamente habr\u00edan sido inyectados con medicamentos para evitar que hicieran sus necesidades durante el traslado.<\/p>\n\n\n\n<p class=\"wp-block-paragraph\">Las autoridades ya estar\u00edan investigando el caso para determinar la ruta del tr\u00e1iler, la red de tr\u00e1fico de personas involucradas y c\u00f3mo fue posible que la unidad fuera trasladada sin detectar a las personas en su interior.<\/p>\n\n\n\n<p class=\"wp-block-paragraph\">El Instituto Nacional de Migraci\u00f3n revisar\u00e1 la situaci\u00f3n legal de cada persona rescatada para determinar su retorno asistido o protecci\u00f3n migratoria.<\/p>\n\n\n\n<p class=\"wp-block-paragraph\">Con informaci\u00f3n de UnoTv | JPE\/JMA | Foto: Jos\u00e9 Manuel Alor<\/p>\n","protected":false},"excerpt":{"rendered":"<p>Veracruz (agencias).- Alrededor de 229 migrantes hacinados en un tr\u00e1iler fueron rescatados en Xalapa, Veracruz,&#8230;<\/p>\n","protected":false},"author":2,"featured_media":78342,"comment_status":"closed","ping_status":"closed","sticky":false,"template":"","format":"standard","meta":{"_jetpack_newsletter_access":"","_jetpack_dont_email_post_to_subs":false,"_jetpack_newsletter_tier_id":0,"_jetpack_memberships_contains_paywalled_content":false,"_jetpack_feature_clip_id":0,"_jetpack_memberships_contains_paid_content":false,"footnotes":"","jetpack_post_was_ever_published":false},"categories":[21],"tags":[],"class_list":["post-78335","post","type-post","status-publish","format-standard","has-post-thumbnail","hentry","category-nacional"],"featured_image_urls":{"full":["https:\/\/i0.wp.com\/www.tabloideinformativo.com\/wp-content\/uploads\/2026\/03\/trailer-migrantes-veracruz.jpg?fit=1200%2C675&ssl=1",1200,675,false],"thumbnail":["https:\/\/i0.wp.com\/www.tabloideinformativo.com\/wp-content\/uploads\/2026\/03\/trailer-migrantes-veracruz.jpg?resize=150%2C150&ssl=1",150,150,true],"medium":["https:\/\/i0.wp.com\/www.tabloideinformativo.com\/wp-content\/uploads\/2026\/03\/trailer-migrantes-veracruz.jpg?fit=300%2C169&ssl=1",300,169,true],"medium_large":["https:\/\/i0.wp.com\/www.tabloideinformativo.com\/wp-content\/uploads\/2026\/03\/trailer-migrantes-veracruz.jpg?fit=640%2C360&ssl=1",640,360,true],"large":["https:\/\/i0.wp.com\/www.tabloideinformativo.com\/wp-content\/uploads\/2026\/03\/trailer-migrantes-veracruz.jpg?fit=640%2C360&ssl=1",640,360,true],"1536x1536":["https:\/\/i0.wp.com\/www.tabloideinformativo.com\/wp-content\/uploads\/2026\/03\/trailer-migrantes-veracruz.jpg?fit=1200%2C675&ssl=1",1200,675,true],"2048x2048":["https:\/\/i0.wp.com\/www.tabloideinformativo.com\/wp-content\/uploads\/2026\/03\/trailer-migrantes-veracruz.jpg?fit=1200%2C675&ssl=1",1200,675,true],"covernews-featured":["https:\/\/i0.wp.com\/www.tabloideinformativo.com\/wp-content\/uploads\/2026\/03\/trailer-migrantes-veracruz.jpg?fit=1024%2C576&ssl=1",1024,576,true],"covernews-medium":["https:\/\/i0.wp.com\/www.tabloideinformativo.com\/wp-content\/uploads\/2026\/03\/trailer-migrantes-veracruz.jpg?resize=540%2C340&ssl=1",540,340,true]},"author_info":{"display_name":"Administrador","author_link":"https:\/\/www.tabloideinformativo.com\/?author=2"},"category_info":"<a href=\"https:\/\/www.tabloideinformativo.com\/?cat=21\" rel=\"category\">NACIONAL<\/a>","tag_info":"NACIONAL","comment_count":"0","jetpack_sharing_enabled":true,"jetpack_likes_enabled":true,"jetpack_featured_media_url":"https:\/\/i0.wp.com\/www.tabloideinformativo.com\/wp-content\/uploads\/2026\/03\/trailer-migrantes-veracruz.jpg?fit=1200%2C675&ssl=1","_links":{"self":[{"href":"https:\/\/www.tabloideinformativo.com\/index.php?rest_route=\/wp\/v2\/posts\/78335","targetHints":{"allow":["GET"]}}],"collection":[{"href":"https:\/\/www.tabloideinformativo.com\/index.php?rest_route=\/wp\/v2\/posts"}],"about":[{"href":"https:\/\/www.tabloideinformativo.com\/index.php?rest_route=\/wp\/v2\/types\/post"}],"author":[{"embeddable":true,"href":"https:\/\/www.tabloideinformativo.com\/index.php?rest_route=\/wp\/v2\/users\/2"}],"replies":[{"embeddable":true,"href":"https:\/\/www.tabloideinformativo.com\/index.php?rest_route=%2Fwp%2Fv2%2Fcomments&post=78335"}],"version-history":[{"count":1,"href":"https:\/\/www.tabloideinformativo.com\/index.php?rest_route=\/wp\/v2\/posts\/78335\/revisions"}],"predecessor-version":[{"id":78371,"href":"https:\/\/www.tabloideinformativo.com\/index.php?rest_route=\/wp\/v2\/posts\/78335\/revisions\/78371"}],"wp:featuredmedia":[{"embeddable":true,"href":"https:\/\/www.tabloideinformativo.com\/index.php?rest_route=\/wp\/v2\/media\/78342"}],"wp:attachment":[{"href":"https:\/\/www.tabloideinformativo.com\/index.php?rest_route=%2Fwp%2Fv2%2Fmedia&parent=78335"}],"wp:term":[{"taxonomy":"category","embeddable":true,"href":"https:\/\/www.tabloideinformativo.com\/index.php?rest_route=%2Fwp%2Fv2%2Fcategories&post=78335"},{"taxonomy":"post_tag","embeddable":true,"href":"https:\/\/www.tabloideinformativo.com\/index.php?rest_route=%2Fwp%2Fv2%2Ftags&post=78335"}],"curies":[{"name":"wp","href":"https:\/\/api.w.org\/{rel}","templated":true}]}}