{"id":74968,"date":"2026-01-12T06:36:00","date_gmt":"2026-01-12T13:36:00","guid":{"rendered":"https:\/\/www.llamita.mx\/?p=74968"},"modified":"2026-01-12T06:36:00","modified_gmt":"2026-01-12T13:36:00","slug":"mas-de-500-mil-estudiantes-de-nivel-basico-regresan-a-clases-este-lunes-sec","status":"publish","type":"post","link":"https:\/\/www.tabloideinformativo.com\/?p=74968","title":{"rendered":"M\u00e1s de 500 mil estudiantes de nivel b\u00e1sico regresan a clases este lunes: SEC"},"content":{"rendered":"\n<p class=\"wp-block-paragraph\">Hermosillo, Sonora; 12 de enero de 2026.-<br>Las escuelas p\u00fablicas y particulares de educaci\u00f3n b\u00e1sica reabrir\u00e1n sus puertas este lunes 12 de enero, para recibir a m\u00e1s de 500 mil estudiantes quienes regresar\u00e1n a clases en un ambiente ordenado, tranquilo y seguro, como parte del compromiso del Gobierno del Estado de Sonora de seguir fortaleciendo el sistema educativo estatal.<\/p>\n\n\n\n<p class=\"wp-block-paragraph\">El titular de la Secretar\u00eda de Educaci\u00f3n y Cultura (SEC), Froyl\u00e1n G\u00e1mez Gamboa, destac\u00f3 que bajo la conducci\u00f3n de la presidenta Claudia Sheinbaum Pardo y el liderazgo del gobernador Alfonso Durazo, se proyecta una educaci\u00f3n que responda a los retos del presente y del ma\u00f1ana.<\/p>\n\n\n\n<p class=\"wp-block-paragraph\">El funcionario estatal coment\u00f3 que con la reanudaci\u00f3n de las clases se dar\u00e1 continuidad al ciclo escolar 2025-2026 tras finalizar el per\u00edodo vacacional de invierno.<\/p>\n\n\n\n<p class=\"wp-block-paragraph\">Enfatiz\u00f3 que personal de diversas \u00e1reas de la #SEC han reforzado acciones para que las escuelas se encuentren en \u00f3ptimas condiciones, con una infraestructura digna y preparada con lugares limpios, para que la comunidad estudiantil encuentre espacios seguros donde puedan alcanzar sus objetivos.<\/p>\n\n\n\n<p class=\"wp-block-paragraph\">Asimismo, jefas y jefes de sector, supervisores escolares y directivos, as\u00ed como personal docente y de apoyo a la educaci\u00f3n, se capacitaron previamente para impulsar la formaci\u00f3n integral de ni\u00f1as, ni\u00f1os y adolescentes.<\/p>\n\n\n\n<p class=\"wp-block-paragraph\">La SEC dar\u00e1 seguimiento puntual a cualquier reporte que pudiera surgir durante el regreso a clases, a trav\u00e9s de la L\u00ednea de la Educaci\u00f3n: 6622 89 76 01 al 05.<\/p>\n\n\n\n<figure class=\"wp-block-gallery has-nested-images columns-default is-cropped wp-block-gallery-1 is-layout-flex wp-block-gallery-is-layout-flex\">\n<figure class=\"wp-block-image size-large\"><img data-recalc-dims=\"1\" height=\"244\" width=\"640\" decoding=\"async\" data-id=\"74969\" src=\"https:\/\/i0.wp.com\/www.tabloideinformativo.com\/wp-content\/uploads\/2026\/01\/1000175858-1024x390.jpg?resize=640%2C244&#038;ssl=1\" alt=\"\" class=\"wp-image-74969\"\/><\/figure>\n<\/figure>\n","protected":false},"excerpt":{"rendered":"<p>Hermosillo, Sonora; 12 de enero de 2026.-Las escuelas p\u00fablicas y particulares de educaci\u00f3n b\u00e1sica reabrir\u00e1n&#8230;<\/p>\n","protected":false},"author":2,"featured_media":74969,"comment_status":"open","ping_status":"open","sticky":false,"template":"","format":"standard","meta":{"_jetpack_newsletter_access":"","_jetpack_dont_email_post_to_subs":false,"_jetpack_newsletter_tier_id":0,"_jetpack_memberships_contains_paywalled_content":false,"_jetpack_feature_clip_id":0,"_jetpack_memberships_contains_paid_content":false,"footnotes":"","jetpack_post_was_ever_published":false},"categories":[11,26],"tags":[],"class_list":["post-74968","post","type-post","status-publish","format-standard","has-post-thumbnail","hentry","category-estatal","category-principal"],"featured_image_urls":{"full":"","thumbnail":"","medium":"","medium_large":"","large":"","1536x1536":"","2048x2048":"","covernews-featured":"","covernews-medium":""},"author_info":{"display_name":"Administrador","author_link":"https:\/\/www.tabloideinformativo.com\/?author=2"},"category_info":"<a href=\"https:\/\/www.tabloideinformativo.com\/?cat=11\" rel=\"category\">ESTATAL<\/a> <a href=\"https:\/\/www.tabloideinformativo.com\/?cat=26\" rel=\"category\">PRINCIPAL<\/a>","tag_info":"PRINCIPAL","comment_count":"0","jetpack_sharing_enabled":true,"jetpack_likes_enabled":true,"jetpack_featured_media_url":"","_links":{"self":[{"href":"https:\/\/www.tabloideinformativo.com\/index.php?rest_route=\/wp\/v2\/posts\/74968","targetHints":{"allow":["GET"]}}],"collection":[{"href":"https:\/\/www.tabloideinformativo.com\/index.php?rest_route=\/wp\/v2\/posts"}],"about":[{"href":"https:\/\/www.tabloideinformativo.com\/index.php?rest_route=\/wp\/v2\/types\/post"}],"author":[{"embeddable":true,"href":"https:\/\/www.tabloideinformativo.com\/index.php?rest_route=\/wp\/v2\/users\/2"}],"replies":[{"embeddable":true,"href":"https:\/\/www.tabloideinformativo.com\/index.php?rest_route=%2Fwp%2Fv2%2Fcomments&post=74968"}],"version-history":[{"count":0,"href":"https:\/\/www.tabloideinformativo.com\/index.php?rest_route=\/wp\/v2\/posts\/74968\/revisions"}],"wp:attachment":[{"href":"https:\/\/www.tabloideinformativo.com\/index.php?rest_route=%2Fwp%2Fv2%2Fmedia&parent=74968"}],"wp:term":[{"taxonomy":"category","embeddable":true,"href":"https:\/\/www.tabloideinformativo.com\/index.php?rest_route=%2Fwp%2Fv2%2Fcategories&post=74968"},{"taxonomy":"post_tag","embeddable":true,"href":"https:\/\/www.tabloideinformativo.com\/index.php?rest_route=%2Fwp%2Fv2%2Ftags&post=74968"}],"curies":[{"name":"wp","href":"https:\/\/api.w.org\/{rel}","templated":true}]}}