{"id":67720,"date":"2026-04-18T20:56:07","date_gmt":"2026-04-19T03:56:07","guid":{"rendered":"https:\/\/www.agenciaice.mx\/?p=67720"},"modified":"2026-04-18T20:56:07","modified_gmt":"2026-04-19T03:56:07","slug":"sheinbaum-lula-y-sanchez-piden-dialogo-y-rechazan-acciones-por-estados-unidos-que-agraven-crisis-en-cuba","status":"publish","type":"post","link":"https:\/\/www.tabloideinformativo.com\/?p=67720","title":{"rendered":"SHEINBAUM, LULA Y S\u00c1NCHEZ PIDEN DI\u00c1LOGO Y RECHAZAN ACCIONES POR ESTADOS UNIDOS QUE AGRAVEN CRISIS EN CUBA"},"content":{"rendered":"\n<figure class=\"wp-block-image size-full\"><img data-recalc-dims=\"1\" loading=\"lazy\" decoding=\"async\" width=\"640\" height=\"360\" src=\"https:\/\/i0.wp.com\/www.tabloideinformativo.com\/wp-content\/uploads\/2026\/04\/cuba.jpg?resize=640%2C360&#038;ssl=1\" alt=\"\" class=\"wp-image-67721\" srcset=\"https:\/\/i0.wp.com\/www.tabloideinformativo.com\/wp-content\/uploads\/2026\/04\/cuba.jpg?w=960&amp;ssl=1 960w, https:\/\/i0.wp.com\/www.tabloideinformativo.com\/wp-content\/uploads\/2026\/04\/cuba.jpg?resize=300%2C169&amp;ssl=1 300w, https:\/\/i0.wp.com\/www.tabloideinformativo.com\/wp-content\/uploads\/2026\/04\/cuba.jpg?resize=768%2C432&amp;ssl=1 768w\" sizes=\"auto, (max-width: 640px) 100vw, 640px\" \/><\/figure>\n\n\n\n<p><\/p>\n\n\n\n<p><strong><em>Espa\u00f1a (agencias).-<\/em><\/strong> Los gobiernos de M\u00e9xico (Claudia Sheinbaum), Brasil (Lula da Silva) y Espa\u00f1a (Pedro S\u00e1nchez) hicieron p\u00fablico este s\u00e1bado un comunicado conjunto en el que expresan su \u201cenorme preocupaci\u00f3n\u201d por la grave crisis humanitaria en Cuba y reiteran la necesidad de respetar la \u201cintegridad territorial\u201d de la isla.<\/p>\n\n\n\n<p>En el comunicado conjunto, y ante \u201cla evoluci\u00f3n de los acontecimientos\u201d en Cuba, los tres gobiernos alertan sobre la \u201cdram\u00e1tica situaci\u00f3n\u201d que vive el pueblo cubano y se\u00f1alan la necesidad de adoptar medidas para aliviar esta situaci\u00f3n, as\u00ed como evitar acciones \u201cque agravan las condiciones de vida de la poblaci\u00f3n o contrarias al Derecho Internacional\u201d.<\/p>\n\n\n\n<p>\u201cNos comprometemos a incrementar de manera coordinada nuestra respuesta humanitaria dirigida a aliviar el sufrimiento del pueblo cubano\u201d, se\u00f1ala la nota.<\/p>\n\n\n\n<p>Tambi\u00e9n reiteran la necesidad de \u201crespetar en todo momento el Derecho Internacional y los principios de integridad territorial, igualdad soberana y arreglo pac\u00edfico de las controversias, consagrados en la Carta de las Naciones Unidas\u201d.<\/p>\n\n\n\n<p><strong>\u2014M\u00e9xico, Brasil y Espa\u00f1a exhortan a di\u00e1logo entre EU y Cuba<\/strong><\/p>\n\n\n\n<p>En este sentido, los gobiernos de Espa\u00f1a, Brasil y M\u00e9xico reafirman su compromiso \u201cirrenunciable\u201d con \u201clos derechos humanos, los valores democr\u00e1ticos y el multilateralismo\u201d.<\/p>\n\n\n\n<p>Con este posicionamiento, hacen un llamado a \u201cun di\u00e1logo sincero, respetuoso y acorde al Derecho Internacional y a los principios de la Carta de Naciones Unidas\u201d, con el objetivo de encontrar \u201cuna soluci\u00f3n duradera a la actual situaci\u00f3n y garantizar que sea el propio pueblo cubano quien decida su futuro en plena libertad\u201d, concluye la nota.<\/p>\n\n\n\n<p><strong>\u2014Cuba, disputa a defenderse de intervenci\u00f3n militar<\/strong><\/p>\n\n\n\n<p>Este s\u00e1bado, el Presidente de Cuba, Miguel D\u00edaz-Canel, afirm\u00f3 que la isla no \u201caspira a la guerra\u201d, pero \u201ctiene la responsabilidad de defenderse\u201d ante una posible intervenci\u00f3n militar de EU.<\/p>\n\n\n\n<p>Cuba anunci\u00f3 el 13 de marzo que abri\u00f3 un \u201cdi\u00e1logo\u201d con EU, aunque indic\u00f3 que se encuentra en \u201cfases iniciales\u201d y lejos de cualquier acuerdo.<\/p>\n\n\n\n<p>Esta semana, medios estadounidenses revelaron que el Pent\u00e1gono intensifica planes para una posible intervenci\u00f3n militar en Cuba. Sin embargo, el Departamento de Defensa de EU, en respuesta a una consulta de EFE, pidi\u00f3 no especular sobre \u201cescenarios hipot\u00e9ticos\u201d de lo que pueda ocurrir en la isla.<\/p>\n\n\n\n<p>A finales de marzo, Marco Rubio, secretario de Estado, declar\u00f3 que \u201cel \u00fanico camino a seguir\u201d en Cuba es cambiar el sistema pol\u00edtico y modelo econ\u00f3mico y afirm\u00f3 que, tras las presiones de Estados Unidos a la isla, quiz\u00e1 \u201cahora exista una oportunidad para hacerlo\u201d.<\/p>\n\n\n\n<p>Con informaci\u00f3n de EFE | Foto Shutterstock<\/p>\n","protected":false},"excerpt":{"rendered":"<p>Espa\u00f1a (agencias).- Los gobiernos de M\u00e9xico (Claudia Sheinbaum), Brasil (Lula da Silva) y Espa\u00f1a (Pedro&#8230;<\/p>\n","protected":false},"author":2,"featured_media":67721,"comment_status":"closed","ping_status":"closed","sticky":false,"template":"","format":"standard","meta":{"_jetpack_memberships_contains_paid_content":false,"footnotes":""},"categories":[20],"tags":[],"class_list":["post-67720","post","type-post","status-publish","format-standard","has-post-thumbnail","hentry","category-mundo"],"jetpack_featured_media_url":"https:\/\/i0.wp.com\/www.tabloideinformativo.com\/wp-content\/uploads\/2026\/04\/cuba.jpg?fit=960%2C540&ssl=1","featured_image_urls":{"full":["https:\/\/i0.wp.com\/www.tabloideinformativo.com\/wp-content\/uploads\/2026\/04\/cuba.jpg?fit=960%2C540&ssl=1",960,540,false],"thumbnail":["https:\/\/i0.wp.com\/www.tabloideinformativo.com\/wp-content\/uploads\/2026\/04\/cuba.jpg?resize=150%2C150&ssl=1",150,150,true],"medium":["https:\/\/i0.wp.com\/www.tabloideinformativo.com\/wp-content\/uploads\/2026\/04\/cuba.jpg?fit=300%2C169&ssl=1",300,169,true],"medium_large":["https:\/\/i0.wp.com\/www.tabloideinformativo.com\/wp-content\/uploads\/2026\/04\/cuba.jpg?fit=640%2C360&ssl=1",640,360,true],"large":["https:\/\/i0.wp.com\/www.tabloideinformativo.com\/wp-content\/uploads\/2026\/04\/cuba.jpg?fit=640%2C360&ssl=1",640,360,true],"1536x1536":["https:\/\/i0.wp.com\/www.tabloideinformativo.com\/wp-content\/uploads\/2026\/04\/cuba.jpg?fit=960%2C540&ssl=1",960,540,true],"2048x2048":["https:\/\/i0.wp.com\/www.tabloideinformativo.com\/wp-content\/uploads\/2026\/04\/cuba.jpg?fit=960%2C540&ssl=1",960,540,true],"covernews-featured":["https:\/\/i0.wp.com\/www.tabloideinformativo.com\/wp-content\/uploads\/2026\/04\/cuba.jpg?fit=960%2C540&ssl=1",960,540,true],"covernews-medium":["https:\/\/i0.wp.com\/www.tabloideinformativo.com\/wp-content\/uploads\/2026\/04\/cuba.jpg?resize=540%2C340&ssl=1",540,340,true]},"author_info":{"display_name":"Administrador","author_link":"https:\/\/www.tabloideinformativo.com\/?author=2"},"category_info":"<a href=\"https:\/\/www.tabloideinformativo.com\/?cat=20\" rel=\"category\">MUNDO<\/a>","tag_info":"MUNDO","comment_count":"0","jetpack_sharing_enabled":true,"jetpack_likes_enabled":true,"_links":{"self":[{"href":"https:\/\/www.tabloideinformativo.com\/index.php?rest_route=\/wp\/v2\/posts\/67720","targetHints":{"allow":["GET"]}}],"collection":[{"href":"https:\/\/www.tabloideinformativo.com\/index.php?rest_route=\/wp\/v2\/posts"}],"about":[{"href":"https:\/\/www.tabloideinformativo.com\/index.php?rest_route=\/wp\/v2\/types\/post"}],"author":[{"embeddable":true,"href":"https:\/\/www.tabloideinformativo.com\/index.php?rest_route=\/wp\/v2\/users\/2"}],"replies":[{"embeddable":true,"href":"https:\/\/www.tabloideinformativo.com\/index.php?rest_route=%2Fwp%2Fv2%2Fcomments&post=67720"}],"version-history":[{"count":0,"href":"https:\/\/www.tabloideinformativo.com\/index.php?rest_route=\/wp\/v2\/posts\/67720\/revisions"}],"wp:featuredmedia":[{"embeddable":true,"href":"https:\/\/www.tabloideinformativo.com\/index.php?rest_route=\/wp\/v2\/media\/67721"}],"wp:attachment":[{"href":"https:\/\/www.tabloideinformativo.com\/index.php?rest_route=%2Fwp%2Fv2%2Fmedia&parent=67720"}],"wp:term":[{"taxonomy":"category","embeddable":true,"href":"https:\/\/www.tabloideinformativo.com\/index.php?rest_route=%2Fwp%2Fv2%2Fcategories&post=67720"},{"taxonomy":"post_tag","embeddable":true,"href":"https:\/\/www.tabloideinformativo.com\/index.php?rest_route=%2Fwp%2Fv2%2Ftags&post=67720"}],"curies":[{"name":"wp","href":"https:\/\/api.w.org\/{rel}","templated":true}]}}