{"id":65378,"date":"2026-01-02T20:05:13","date_gmt":"2026-01-03T03:05:13","guid":{"rendered":"https:\/\/www.agenciaice.mx\/?p=65378"},"modified":"2026-01-02T20:05:13","modified_gmt":"2026-01-03T03:05:13","slug":"reconocera-isc-a-hector-noriega-como-talento-joven-2026-en-el-faot","status":"publish","type":"post","link":"https:\/\/www.tabloideinformativo.com\/?p=65378","title":{"rendered":"RECONOCER\u00c1 ISC A H\u00c9CTOR NORIEGA COMO TALENTO JOVEN 2026 EN EL FAOT"},"content":{"rendered":"\n<figure class=\"wp-block-image size-large\"><img data-recalc-dims=\"1\" height=\"960\" width=\"640\" decoding=\"async\" src=\"https:\/\/i0.wp.com\/www.tabloideinformativo.com\/wp-content\/uploads\/2026\/01\/1000899656.jpg?resize=640%2C960&#038;ssl=1\" alt=\"\" class=\"wp-image-65380\"\/><\/figure>\n\n\n\n<p class=\"wp-block-paragraph\"><\/p>\n\n\n\n<p class=\"wp-block-paragraph\"><strong><em>Hermosillo, Sonora.-<\/em><\/strong> El Instituto Sonorense de Cultura (ISC) se enorgullece en anunciar que el clarinetista H\u00e9ctor Noriega ser\u00e1 reconocido como Talento Joven 2026 en el 41 Festival Alfonso Ortiz Tirado (FAOT), a llevarse a cabo del 23 al 31 de enero de 2026 en \u00c1lamos. Su destacada trayectoria lo posiciona como una figura prometedora de la m\u00fasica cl\u00e1sica con proyecci\u00f3n internacional.<\/p>\n\n\n\n<p class=\"wp-block-paragraph\">Actualmente, Noriega funge como clarinete principal de la Orquesta Filarm\u00f3nica de Rochester y de la Orquesta Sinf\u00f3nica de Miner\u00eda, en la Ciudad de M\u00e9xico. Su carrera incluye colaboraciones con agrupaciones de renombre mundial, como The Philadelphia Orchestra (EUA) y la Orchestre de la Suisse Romande (Suiza), adem\u00e1s de m\u00faltiples premios en concursos internacionales de clarinete.<\/p>\n\n\n\n<p class=\"wp-block-paragraph\">Originario de Hermosillo, inici\u00f3 su camino musical a los 10 a\u00f1os; egres\u00f3 de la licenciatura en m\u00fasica como beneficiario del Programa de Becas Kovner en The Juilliard School y obtuvo una maestr\u00eda en artes por la Haute \u00c9cole de Musique de Ginebra, en Suiza.<\/p>\n\n\n\n<p class=\"wp-block-paragraph\">Sobre recibir este reconocimiento, expres\u00f3 con emoci\u00f3n: \u201cEs algo que no me esperaba\u2026 nunca imagin\u00e9 que voltearan a verme a m\u00ed para este premio, hasta que recib\u00ed un correo de la directora general del ISC con la gran noticia\u201d.<\/p>\n\n\n\n<p class=\"wp-block-paragraph\">Fiel a su esp\u00edritu aventurero, H\u00e9ctor invita a las y los j\u00f3venes a explorar el mundo y aprovechar cada oportunidad, recordando que la paciencia y la constancia abren caminos insospechados. \u201cArriesgarme y seguir buscando nuevas oportunidades ha sido lo que me ha llevado a tantos lugares y aprendizajes\u201d, afirm\u00f3.<\/p>\n\n\n\n<p class=\"wp-block-paragraph\">Finalmente, extendi\u00f3 una invitaci\u00f3n a la comunidad sonorense para vivir la experiencia del FAOT 2026 en \u00c1lamos y disfrutar de las presentaciones de artistas nacionales e internacionales de primer nivel. \u201cAprovechen y disfruten la m\u00fasica; es un privilegio ver a tantos talentos reunidos en un solo festival\u201d, se\u00f1al\u00f3.<\/p>\n\n\n\n<p class=\"wp-block-paragraph\">Consulta el programa en cultura.sonora.gob.mx y en redes sociales a trav\u00e9s de @iscsonora.<\/p>\n","protected":false},"excerpt":{"rendered":"<p>Hermosillo, Sonora.- El Instituto Sonorense de Cultura (ISC) se enorgullece en anunciar que el clarinetista&#8230;<\/p>\n","protected":false},"author":2,"featured_media":65379,"comment_status":"closed","ping_status":"closed","sticky":false,"template":"","format":"standard","meta":{"_jetpack_newsletter_access":"","_jetpack_dont_email_post_to_subs":false,"_jetpack_newsletter_tier_id":0,"_jetpack_memberships_contains_paywalled_content":false,"_jetpack_feature_clip_id":0,"_jetpack_memberships_contains_paid_content":false,"footnotes":"","jetpack_post_was_ever_published":false},"categories":[11],"tags":[],"class_list":["post-65378","post","type-post","status-publish","format-standard","has-post-thumbnail","hentry","category-estatal"],"featured_image_urls":{"full":["https:\/\/i0.wp.com\/www.tabloideinformativo.com\/wp-content\/uploads\/2026\/01\/1000899654.jpg?fit=1024%2C684&ssl=1",1024,684,false],"thumbnail":["https:\/\/i0.wp.com\/www.tabloideinformativo.com\/wp-content\/uploads\/2026\/01\/1000899654.jpg?resize=150%2C150&ssl=1",150,150,true],"medium":["https:\/\/i0.wp.com\/www.tabloideinformativo.com\/wp-content\/uploads\/2026\/01\/1000899654.jpg?fit=300%2C200&ssl=1",300,200,true],"medium_large":["https:\/\/i0.wp.com\/www.tabloideinformativo.com\/wp-content\/uploads\/2026\/01\/1000899654.jpg?fit=640%2C428&ssl=1",640,428,true],"large":["https:\/\/i0.wp.com\/www.tabloideinformativo.com\/wp-content\/uploads\/2026\/01\/1000899654.jpg?fit=640%2C428&ssl=1",640,428,true],"1536x1536":["https:\/\/i0.wp.com\/www.tabloideinformativo.com\/wp-content\/uploads\/2026\/01\/1000899654.jpg?fit=1024%2C684&ssl=1",1024,684,true],"2048x2048":["https:\/\/i0.wp.com\/www.tabloideinformativo.com\/wp-content\/uploads\/2026\/01\/1000899654.jpg?fit=1024%2C684&ssl=1",1024,684,true],"covernews-featured":["https:\/\/i0.wp.com\/www.tabloideinformativo.com\/wp-content\/uploads\/2026\/01\/1000899654.jpg?fit=1024%2C684&ssl=1",1024,684,true],"covernews-medium":["https:\/\/i0.wp.com\/www.tabloideinformativo.com\/wp-content\/uploads\/2026\/01\/1000899654.jpg?resize=540%2C340&ssl=1",540,340,true]},"author_info":{"display_name":"Administrador","author_link":"https:\/\/www.tabloideinformativo.com\/?author=2"},"category_info":"<a href=\"https:\/\/www.tabloideinformativo.com\/?cat=11\" rel=\"category\">ESTATAL<\/a>","tag_info":"ESTATAL","comment_count":"0","jetpack_sharing_enabled":true,"jetpack_likes_enabled":true,"jetpack_featured_media_url":"https:\/\/i0.wp.com\/www.tabloideinformativo.com\/wp-content\/uploads\/2026\/01\/1000899654.jpg?fit=1024%2C684&ssl=1","_links":{"self":[{"href":"https:\/\/www.tabloideinformativo.com\/index.php?rest_route=\/wp\/v2\/posts\/65378","targetHints":{"allow":["GET"]}}],"collection":[{"href":"https:\/\/www.tabloideinformativo.com\/index.php?rest_route=\/wp\/v2\/posts"}],"about":[{"href":"https:\/\/www.tabloideinformativo.com\/index.php?rest_route=\/wp\/v2\/types\/post"}],"author":[{"embeddable":true,"href":"https:\/\/www.tabloideinformativo.com\/index.php?rest_route=\/wp\/v2\/users\/2"}],"replies":[{"embeddable":true,"href":"https:\/\/www.tabloideinformativo.com\/index.php?rest_route=%2Fwp%2Fv2%2Fcomments&post=65378"}],"version-history":[{"count":0,"href":"https:\/\/www.tabloideinformativo.com\/index.php?rest_route=\/wp\/v2\/posts\/65378\/revisions"}],"wp:featuredmedia":[{"embeddable":true,"href":"https:\/\/www.tabloideinformativo.com\/index.php?rest_route=\/wp\/v2\/media\/65379"}],"wp:attachment":[{"href":"https:\/\/www.tabloideinformativo.com\/index.php?rest_route=%2Fwp%2Fv2%2Fmedia&parent=65378"}],"wp:term":[{"taxonomy":"category","embeddable":true,"href":"https:\/\/www.tabloideinformativo.com\/index.php?rest_route=%2Fwp%2Fv2%2Fcategories&post=65378"},{"taxonomy":"post_tag","embeddable":true,"href":"https:\/\/www.tabloideinformativo.com\/index.php?rest_route=%2Fwp%2Fv2%2Ftags&post=65378"}],"curies":[{"name":"wp","href":"https:\/\/api.w.org\/{rel}","templated":true}]}}